{"id":432832,"date":"2025-10-02T04:53:44","date_gmt":"2025-10-02T04:53:44","guid":{"rendered":"https:\/\/www.europesays.com\/fr\/432832\/"},"modified":"2025-10-02T04:53:44","modified_gmt":"2025-10-02T04:53:44","slug":"sa-vie-et-son-oeuvre-en-deux-minutes","status":"publish","type":"post","link":"https:\/\/www.europesays.com\/fr\/432832\/","title":{"rendered":"sa vie et son \u0153uvre en deux minutes"},"content":{"rendered":"<p>Yves Tanguy (1900\u20131955) en bref<\/p>\n<p class=\"editor-content__paragraph\"><strong>Figure du <a href=\"https:\/\/www.beauxarts.com\/grand-format\/le-surrealisme-en-3-minutes\/\" target=\"_blank\" rel=\"noopener\">surr\u00e9alisme<\/a><\/strong>, parfois minimis\u00e9e au profit d\u2019autres noms tels que <a href=\"https:\/\/www.beauxarts.com\/grand-format\/max-ernst-en-2-minutes\/\" target=\"_blank\" rel=\"noopener\">Max Ernst<\/a> ou <a href=\"https:\/\/www.beauxarts.com\/grand-format\/salvador-dali-en-3-minutes\/\" target=\"_blank\" rel=\"noopener\">Salvador Dal\u00ed<\/a>, Yves Tanguy est le <strong>peintre du temps suspendu<\/strong>, cr\u00e9ateur d\u2019un monde min\u00e9ral en apparence imp\u00e9n\u00e9trable. <strong>Tr\u00e8s reconnu aux \u00c9tats-Unis<\/strong>, o\u00f9 il s\u2019est \u00e9tabli avant la Seconde Guerre mondiale et a trouv\u00e9 le soutien du marchand Pierre Matisse, Yves Tanguy n\u2019a b\u00e9n\u00e9fici\u00e9 en France d\u2019une <strong>reconnaissance posthume<\/strong> qu\u2019\u00e0 partir des ann\u00e9es 1980. Il fut pourtant l\u2019un des piliers du mouvement initi\u00e9 par <a href=\"https:\/\/www.beauxarts.com\/videos\/quest-ce-que-le-surrealisme-andre-breton-repond-en-video\/\" target=\"_blank\" rel=\"noopener\">Andr\u00e9 Breton<\/a>. Sa <strong>mort pr\u00e9coce<\/strong>, mais son aussi son mutisme et son \u00e9loignement de l\u2019Europe, ont fortement compt\u00e9 dans sa <strong>moindre m\u00e9diatisation<\/strong>.<\/p>\n<p>    <img loading=\"lazy\" decoding=\"async\" class=\"image__img\" src=\"https:\/\/www.europesays.com\/fr\/wp-content\/uploads\/2025\/10\/webbridgeman.1752798-964x1466.jpg\" alt=\"Yves Tanguy vers 1940\" width=\"964\" height=\"1466\"\/><\/p>\n<p class=\"legende__cartel\">\u00a9 Tallandier \/ Bridgeman Images<\/p>\n<p>Il a dit<\/p>\n<blockquote class=\"editor-content__blockquote\"><p>\u00ab\u00a0Si je devais chercher les raisons de ma peinture, ce serait un peu comme si je m\u2019emprisonnais moi-m\u00eame.\u00a0\u00bb<\/p><\/blockquote>\n<p>La vie d\u2019Yves Tanguy en quelques datesUne naissance insolite<\/p>\n<p class=\"editor-content__paragraph\">Yves Tanguy est n\u00e9 avec le XXe si\u00e8cle\u00a0! Venu au monde au minist\u00e8re de la Marine <strong>le 5\u00a0janvier 1900<\/strong>, il est le fils d\u2019un <strong>ancien capitaine brestois<\/strong> travaillant dans cette institution parisienne. Malheureusement, le petit gar\u00e7on <strong>perd son p\u00e8re<\/strong> \u00e0 l\u2019\u00e2ge de sept ans. Pendant quatre ans, il vivra <strong>plac\u00e9 chez des parents<\/strong>, sa m\u00e8re ne pouvant s\u2019occuper de lui. Yves Tanguy passe <strong>une grande partie de son enfance en Bretagne<\/strong>, avant de revenir \u00e0 Paris \u00e0 l\u2019\u00e2ge de douze ans.<\/p>\n<p>Une rencontre f\u00e9conde<\/p>\n<p class=\"editor-content__paragraph\">Yves Tanguy effectue son service militaire juste \u00e0 l\u2019issue de la Grande Guerre. Dans ce contexte, en 1920, il<strong> fait la connaissance de Jacques Pr\u00e9vert<\/strong> \u00e0 la caserne de Lun\u00e9ville. Tanguy a d\u00e9j\u00e0 une<strong> sensibilit\u00e9 artistique<\/strong>, admirant notamment l\u2019\u0153uvre d\u2019<a href=\"https:\/\/www.beauxarts.com\/encyclo\/henri-matisse-en-2-minutes\/\" target=\"_blank\" rel=\"noopener\">Henri Matisse<\/a>. Mais il n\u2019envisage pas encore d\u2019\u00eatre artiste. \u00c0 ce moment de sa vie, il <strong>s\u2019engage dans le corps des chasseurs d\u2019Afrique<\/strong> et est envoy\u00e9 en Tunisie. Tanguy retrouve Pr\u00e9vert \u00e0 Paris en 1922. N\u2019ayant aucune ressource, il conna\u00eet un <strong>quotidien difficile<\/strong>. Il rencontre alors sa future \u00e9pouse, Jeannette Ducrocq.<\/p>\n<p>Des d\u00e9buts d\u2019artiste en autodidacte<\/p>\n<p class=\"editor-content__paragraph\">Fr\u00e9quentant avec Pr\u00e9vert le quartier et les caf\u00e9s de Montparnasse, Tanguy est <strong>subjugu\u00e9 par une toile de <a href=\"https:\/\/www.beauxarts.com\/grand-format\/giorgio-de-chirico-en-2-minutes\/\" target=\"_blank\" rel=\"noopener\">Giorgio de Chirico<\/a> <\/strong>qu\u2019il voit dans la vitrine d\u2019une galerie d\u2019art. Il <strong>commence \u00e0 dessiner, \u00e0 peindre<\/strong>, en autodidacte et s\u2019inspire de l\u2019univers de De Chirico. En 1924, la parution du Manifeste du surr\u00e9alisme ne laisse pas Tanguy indiff\u00e9rent. Il <strong>rencontre le groupe des surr\u00e9alistes<\/strong>, se rapproche d\u2019Andr\u00e9 Breton et pratique occasionnellement le dessin automatique.<\/p>\n<p>Au c\u0153ur du mouvement surr\u00e9aliste<\/p>\n<p class=\"editor-content__paragraph\">Les premi\u00e8res toiles surr\u00e9alistes d\u2019Yves Tanguy datent de l\u2019ann\u00e9e 1926. Tr\u00e8s vite, il met en place <strong>son univers onirique<\/strong> compos\u00e9 de paysages fantastiques, de <strong>personnages hybrides<\/strong>, servis par une <strong>technique m\u00e9ticuleuse<\/strong>, presque obsessionnelle. Certaines de ses \u0153uvres sont reproduites dans l\u2019organe officiel du mouvement, La R\u00e9volution surr\u00e9aliste. En 1927, il <strong>expose ses \u0153uvres \u00e0 la galerie Surr\u00e9aliste<\/strong> avec la complicit\u00e9 de Breton et participe, aux c\u00f4t\u00e9s de <a href=\"https:\/\/www.beauxarts.com\/grand-format\/rene-magritte-en-2-minutes\/\" target=\"_blank\" rel=\"noopener\">Ren\u00e9 Magritte<\/a> et de Dal\u00ed, \u00e0 des manifestations surr\u00e9alistes dans les ann\u00e9es suivantes. Durant les ann\u00e9es 1930, toujours tr\u00e8s fid\u00e8le au mouvement, il <strong>se lie d\u2019amiti\u00e9 avec <a href=\"https:\/\/www.beauxarts.com\/grand-format\/marcel-duchamp-en-trois-minutes\/\" target=\"_blank\" rel=\"noopener\">Marcel Duchamp<\/a> et Max Ernst<\/strong>. Ses \u0153uvres sont r\u00e9guli\u00e8rement expos\u00e9es \u2013 notamment aux \u00c9tats-Unis \u2013, et Tanguy participe aux grands rassemblements d\u2019artistes surr\u00e9alistes, jusqu\u2019en 1938.<\/p>\n<p>Vers les \u00c9tats-Unis<\/p>\n<p class=\"editor-content__paragraph\">\u00c0 la d\u00e9claration de la Seconde Guerre mondiale, Tanguy change de continent. Il <strong>se lie \u00e0 l\u2019artiste am\u00e9ricaine Kay Sage<\/strong>, pour qui il va divorcer, et <strong>l\u2019accompagne \u00e0 New York<\/strong>. L\u00e0, il signe un contrat avec <strong>le marchand d\u2019art Pierre Matisse<\/strong>, qui le soutient fortement, et s\u2019\u00e9tablit avec sa nouvelle compagne \u00e0 Greenwich Village. Le<strong> succ\u00e8s de son \u0153uvre aux \u00c9tats-Unis<\/strong> se confirme, d\u2019importants mus\u00e9es acqu\u00e9rant certaines de ses \u0153uvres. En 1941, il s\u2019installe dans le Connecticut. Ses relations avec Andr\u00e9 Breton se d\u00e9gradent. En 1948, Yves Tanguy <strong>obtient la nationalit\u00e9 am\u00e9ricaine<\/strong>.<\/p>\n<p>Une sant\u00e9 fragile et un d\u00e9c\u00e8s pr\u00e9coce<\/p>\n<p class=\"editor-content__paragraph\">Si Yves Tanguy conna\u00eet un v\u00e9ritable succ\u00e8s aux \u00c9tats-Unis, il n\u2019oublie pas l\u2019Europe et <strong>revient exposer \u00e0 Paris ou \u00e0 B\u00e2le<\/strong> au d\u00e9but des ann\u00e9es 1950. Toutefois, son \u00e9tat de sant\u00e9 est pr\u00e9occupant et l\u2019artiste doit <strong>s\u00e9journer \u00e0 plusieurs reprises dans des h\u00f4pitaux<\/strong>. En 1955, il <strong>d\u00e9c\u00e8de \u00e0 l\u2019\u00e2ge de 55\u00a0ans<\/strong>. Ses cendres sont dispers\u00e9es dans la baie de Douarnenez par son fid\u00e8le soutien et ami, Pierre Matisse.<\/p>\n<p>Ses \u0153uvres cl\u00e9sJour de lenteur, 1937<\/p>\n<p>    <img loading=\"lazy\" decoding=\"async\" class=\"image__img\" src=\"https:\/\/www.europesays.com\/fr\/wp-content\/uploads\/2025\/10\/webjour-de-lenteur-akg.300309-964x1253.jpg\" alt=\"Yves Tanguy, Jour de lenteur\" width=\"964\" height=\"1253\"\/><\/p>\n<p>Yves Tanguy, Jour de lenteur, 1937<\/p>\n<p>    i<\/p>\n<p class=\"legende__cartel\">Huile sur toile \u2022 92 \u00d7 73\u00a0cm \u2022 Coll. centre Pompidou, Mnam, Paris \u2022 \u00a9 akg-images \/ \u00a9 Adagp, Paris 2025<\/p>\n<p class=\"editor-content__paragraph\">Tr\u00e8s repr\u00e9sentatif du surr\u00e9alisme d\u2019Yves Tanguy, ce paysage <strong>tout en min\u00e9ralit\u00e9<\/strong>, mais aussi en apesanteur, est <strong>d\u00e9sertique<\/strong>. Les formes qui l\u2019occupent n\u2019ont pas l\u2019apparence d\u2019\u00eatres humains et peuvent sembler mena\u00e7antes. Le temps a l\u2019air suspendu et les rep\u00e8res classiques, que sont le ciel et la terre, sont comme <strong>confondus l\u2019un dans l\u2019autre<\/strong>. Le registre de Tanguy est celui de l\u2019<strong>\u00e9tranget\u00e9<\/strong>, comme de la <strong>m\u00e9ticulosit\u00e9<\/strong>. Il s\u2019agit de l\u2019une des premi\u00e8res toiles surr\u00e9alistes \u00e0 entrer dans les collections de l\u2019\u00c9tat fran\u00e7ais.<\/p>\n<p>Le Palais aux rochers de fen\u00eatres, 1942<\/p>\n<p>    <img loading=\"lazy\" decoding=\"async\" class=\"image__img\" src=\"https:\/\/www.europesays.com\/fr\/wp-content\/uploads\/2025\/10\/webpalais-fenetres-bridgeman.197120-964x1170.jpg\" alt=\"Yves Tanguy, Le Palais aux rochers de fen\u00eatres\" width=\"964\" height=\"1170\"\/><\/p>\n<p>Yves Tanguy, Le Palais aux rochers de fen\u00eatres, 1942<\/p>\n<p>    i<\/p>\n<p class=\"legende__cartel\">Huile sur toile \u2022 163 \u00d7 132\u00a0cm \u2022 Coll. centre Pompidou, Mnam, Paris \u2022 \u00a9 Bridgeman Images \/ \u00a9 Adagp, Paris<\/p>\n<p class=\"editor-content__paragraph\">Les \u00ab\u00a0personnages\u00a0\u00bb qui apparaissent dans les \u0153uvres de Tanguy s\u2019apparentent \u00e0 des<strong> formes hybrides, biomorphiques<\/strong>. Le spectateur ne sait jamais tr\u00e8s bien s\u2019ils tiennent de l\u2019humain, du min\u00e9ral ou du v\u00e9g\u00e9tal. Par ailleurs, ces cr\u00e9atures \u00e9voluent dans un <strong>monde lui-m\u00eame ambigu<\/strong>, un espace \u00e0 la tonalit\u00e9 grise qui semble tout \u00e0 la fois<strong> \u00e9th\u00e9r\u00e9, vaporeux et liqu\u00e9fi\u00e9<\/strong>. De cette \u00e9tranget\u00e9 \u00e9merge le <strong>caract\u00e8re onirique<\/strong>, surr\u00e9aliste, des \u0153uvres de Tanguy qui prend ses distances avec le r\u00e9el, comme d\u2019autres surr\u00e9alistes de sa g\u00e9n\u00e9ration, tels que <a href=\"https:\/\/www.beauxarts.com\/grand-format\/jean-arp-en-2-minutes\/\" target=\"_blank\" rel=\"noopener\">Jean Arp<\/a> ou <a href=\"https:\/\/www.beauxarts.com\/grand-format\/joan-miro-en-2-minutes\/\" target=\"_blank\" rel=\"noopener\">Joan Mir\u00f3<\/a>.<\/p>\n<p>Divisibilit\u00e9 ind\u00e9finie, 1942<\/p>\n<p>    <img loading=\"lazy\" decoding=\"async\" class=\"image__img\" src=\"https:\/\/www.europesays.com\/fr\/wp-content\/uploads\/2025\/10\/webindivisible-divisibilite-rca1945_002_o2-964x1108.jpg\" alt=\"Yves Tanguy, Indivisible divisibilit\u00e9\" width=\"964\" height=\"1108\"\/><\/p>\n<p>Yves Tanguy, Indivisible divisibilit\u00e9, 1942<\/p>\n<p>    i<\/p>\n<p class=\"legende__cartel\">Huile sur toile \u2022 101,6 \u00d7 88,9\u00a0cm \u2022 Coll. Albright-Knox Art Gallery, Buffalo<\/p>\n<p class=\"editor-content__paragraph\">Peinte pendant la Seconde Guerre mondiale, alors qu\u2019il se trouve aux \u00c9tats-Unis, cette \u0153uvre t\u00e9moigne de la<strong> grande homog\u00e9n\u00e9it\u00e9 du style et du vocabulaire plastique<\/strong> d\u2019Yves Tanguy. Ce paysage, \u00e0 l\u2019image des \u0153uvres de ann\u00e9es 1940, accuse toutefois un contraste plus marqu\u00e9 entre des <strong>formes dures et p\u00e9trifi\u00e9es<\/strong> occupant le sol et un <strong>registre c\u00e9leste immense et illimit\u00e9<\/strong>. Les \u0153uvres de Tanguy sont domin\u00e9es par l\u2019expression de l\u2019irr\u00e9alit\u00e9. Loin du chaos de la violence contemporaine, ses paysages sont <strong>habit\u00e9s d\u2019une froideur<\/strong>, d\u2019une<strong> distanciation<\/strong> qui r\u00e9v\u00e8lent la qu\u00eate de suspendre le temps.<\/p>\n","protected":false},"excerpt":{"rendered":"Yves Tanguy (1900\u20131955) en bref Figure du surr\u00e9alisme, parfois minimis\u00e9e au profit d\u2019autres noms tels que Max Ernst&hellip;\n","protected":false},"author":2,"featured_media":432833,"comment_status":"","ping_status":"","sticky":false,"template":"","format":"standard","meta":{"footnotes":""},"categories":[1358],"tags":[12870,1348,1384,1385,1386,58,59,1011,27,1585],"class_list":{"0":"post-432832","1":"post","2":"type-post","3":"status-publish","4":"format-standard","5":"has-post-thumbnail","7":"category-arts-et-design","8":"tag-art-moderne","9":"tag-arts","10":"tag-arts-and-design","11":"tag-arts-et-design","12":"tag-design","13":"tag-divertissement","14":"tag-entertainment","15":"tag-fr","16":"tag-france","17":"tag-peinture"},"share_on_mastodon":{"url":"https:\/\/pubeurope.com\/@fr\/115302787122903791","error":""},"_links":{"self":[{"href":"https:\/\/www.europesays.com\/fr\/wp-json\/wp\/v2\/posts\/432832","targetHints":{"allow":["GET"]}}],"collection":[{"href":"https:\/\/www.europesays.com\/fr\/wp-json\/wp\/v2\/posts"}],"about":[{"href":"https:\/\/www.europesays.com\/fr\/wp-json\/wp\/v2\/types\/post"}],"author":[{"embeddable":true,"href":"https:\/\/www.europesays.com\/fr\/wp-json\/wp\/v2\/users\/2"}],"replies":[{"embeddable":true,"href":"https:\/\/www.europesays.com\/fr\/wp-json\/wp\/v2\/comments?post=432832"}],"version-history":[{"count":0,"href":"https:\/\/www.europesays.com\/fr\/wp-json\/wp\/v2\/posts\/432832\/revisions"}],"wp:featuredmedia":[{"embeddable":true,"href":"https:\/\/www.europesays.com\/fr\/wp-json\/wp\/v2\/media\/432833"}],"wp:attachment":[{"href":"https:\/\/www.europesays.com\/fr\/wp-json\/wp\/v2\/media?parent=432832"}],"wp:term":[{"taxonomy":"category","embeddable":true,"href":"https:\/\/www.europesays.com\/fr\/wp-json\/wp\/v2\/categories?post=432832"},{"taxonomy":"post_tag","embeddable":true,"href":"https:\/\/www.europesays.com\/fr\/wp-json\/wp\/v2\/tags?post=432832"}],"curies":[{"name":"wp","href":"https:\/\/api.w.org\/{rel}","templated":true}]}}