{"id":432844,"date":"2025-10-02T05:00:11","date_gmt":"2025-10-02T05:00:11","guid":{"rendered":"https:\/\/www.europesays.com\/fr\/432844\/"},"modified":"2025-10-02T05:00:11","modified_gmt":"2025-10-02T05:00:11","slug":"ils-ont-ete-tout-simplement-meilleurs-ce-soir","status":"publish","type":"post","link":"https:\/\/www.europesays.com\/fr\/432844\/","title":{"rendered":"\u00ab Ils ont \u00e9t\u00e9 tout simplement meilleurs ce soir \u00bb &#8211;"},"content":{"rendered":"<p><img width=\"700\" height=\"350\" src=\"https:\/\/www.europesays.com\/fr\/wp-content\/uploads\/2025\/10\/Jules-Kounde.jpg\" class=\"attachment-jannah-image-post size-jannah-image-post wp-post-image\" alt=\"Jules kound\u00e9\" is_main_img=\"1\" decoding=\"async\" fetchpriority=\"high\"  \/><\/p>\n<p>Dans un match plaisant, le PSG a r\u00e9ussi \u00e0 renverser la<br \/>\nvapeur contre le FC Barcelone apr\u00e8s une deuxi\u00e8me mi-temps aboutie<br \/>\n(1-2).\u00a0Jules Kound\u00e9 a soulign\u00e9 la sup\u00e9riorit\u00e9 du PSG dans ce<br \/>\nmatch.<\/p>\n<p>C\u2019\u00e9tait le match que tous les supporters de foot attendaient,<br \/>\nl\u2019affrontement entre les deux meilleures \u00e9quipes de la saison<br \/>\nderni\u00e8re. Malgr\u00e9 des absences de marque de chaque c\u00f4t\u00e9, le<br \/>\n<strong>FC Barcelone<\/strong> et le <strong>PSG<\/strong> ont livr\u00e9<br \/>\nune <a href=\"https:\/\/canal-supporters.com\/enrique-peu-importe-les-joueurs-qui-sont-sur-le-terrain-nous-sommes-la\/\" title=\"\" target=\"_blank\" rel=\"noopener\">belle performance<\/a> sur le terrain. Apr\u00e8s avoir domin\u00e9<br \/>\nles 20 premi\u00e8res minutes et ouvert logiquement le score, le club<br \/>\ncatalan a vu le PSG revenir dans la partie et renverser la<br \/>\nsituation pour s\u2019offrir une victoire de prestige <a href=\"https:\/\/canal-supporters.com\/ldc-malgre-une-equipe-amoindrie-le-psg-realise-une-incroyable-performance-face-a-barcelone-1-2\/\" title=\"\" target=\"_blank\" rel=\"noopener\">(1-2)<\/a>. Au micro de <a href=\"https:\/\/x.com\/CanalplusFoot\" target=\"_blank\" rel=\"noopener\" title=\"\">Canal Plus<\/a>, <strong>Jules Kound\u00e9<\/strong> s\u2019est montr\u00e9<br \/>\n\u00e9logieux envers son adversaire du soir.\u00a0<\/p>\n<p>A voir aussi : <a href=\"https:\/\/canal-supporters.com\/mayulu-chaque-joueur-se-donne-a-fond-cest-notre-mentalite\/\" title=\"\" target=\"_blank\" rel=\"noopener\">Mayulu : \u00ab\u00a0Chaque joueur se donne \u00e0 fond, c\u2019est notre<br \/>\nmentalit\u00e9\u00a0\u00bb<\/a><\/p>\n<p><a href=\"https:\/\/x.com\/CanalSupporters\" target=\"_blank\" rel=\"noopener\" title=\"\">canalsupporters.com<\/a><\/p>\n<p>\u00ab\u00a0Ils ont<br \/>\nfait une tr\u00e8s bonne prestation\u00a0\u00bb<\/p>\n<p>\u00ab\u00a0Ils ont \u00e9t\u00e9 sup\u00e9rieurs physiquement. On n\u2019a pas<br \/>\nr\u00e9ussi \u00e0 presser comme on le voulait aussi. Je pense que c\u2019est un<br \/>\npeu tout ce qui a manqu\u00e9 ce soir, et puis il faut aussi souligner<br \/>\nqu\u2019ils ont fait une tr\u00e8s bonne prestation. On est d\u00e9\u00e7u. On n\u2019a pas<br \/>\n\u00e9t\u00e9 surpris. On connaissait la qualit\u00e9 de cette \u00e9quipe. C\u2019est une<br \/>\n\u00e9quipe qui est en pleine confiance, qui a des joueurs de tr\u00e8s<br \/>\ngrandes qualit\u00e9s. Aujourd\u2019hui, ils ont montr\u00e9 qu\u2019ils \u00e9taient<br \/>\nchampions <strong>d\u2019Europe<\/strong>. On a eu un match compliqu\u00e9.<br \/>\nIls ont \u00e9t\u00e9 tout simplement meilleurs ce soir.\u00a0\u00bb<\/p>\n","protected":false},"excerpt":{"rendered":"Dans un match plaisant, le PSG a r\u00e9ussi \u00e0 renverser la vapeur contre le FC Barcelone apr\u00e8s une&hellip;\n","protected":false},"author":2,"featured_media":432845,"comment_status":"","ping_status":"","sticky":false,"template":"","format":"standard","meta":{"footnotes":""},"categories":[9],"tags":[56076,786,81,448,787,56077,56078,56079,1011,27,16410,42893,789,447,626,91,92,60,795,796,96],"class_list":{"0":"post-432844","1":"post","2":"type-post","3":"status-publish","4":"format-standard","5":"has-post-thumbnail","7":"category-sports","8":"tag-barcelone-psg","9":"tag-c1","10":"tag-canal-supporters","11":"tag-champions-league","12":"tag-cs","13":"tag-fc-barcelone-psg","14":"tag-fcb-psg","15":"tag-fcbpsg","16":"tag-fr","17":"tag-france","18":"tag-jules-kounde","19":"tag-kounde","20":"tag-ldc","21":"tag-ligue-des-champions","22":"tag-paris","23":"tag-paris-saint-germain","24":"tag-paris-sg","25":"tag-sports","26":"tag-ucl","27":"tag-uefa-champions-league","28":"tag-une"},"share_on_mastodon":{"url":"https:\/\/pubeurope.com\/@fr\/115302814712450832","error":""},"_links":{"self":[{"href":"https:\/\/www.europesays.com\/fr\/wp-json\/wp\/v2\/posts\/432844","targetHints":{"allow":["GET"]}}],"collection":[{"href":"https:\/\/www.europesays.com\/fr\/wp-json\/wp\/v2\/posts"}],"about":[{"href":"https:\/\/www.europesays.com\/fr\/wp-json\/wp\/v2\/types\/post"}],"author":[{"embeddable":true,"href":"https:\/\/www.europesays.com\/fr\/wp-json\/wp\/v2\/users\/2"}],"replies":[{"embeddable":true,"href":"https:\/\/www.europesays.com\/fr\/wp-json\/wp\/v2\/comments?post=432844"}],"version-history":[{"count":0,"href":"https:\/\/www.europesays.com\/fr\/wp-json\/wp\/v2\/posts\/432844\/revisions"}],"wp:featuredmedia":[{"embeddable":true,"href":"https:\/\/www.europesays.com\/fr\/wp-json\/wp\/v2\/media\/432845"}],"wp:attachment":[{"href":"https:\/\/www.europesays.com\/fr\/wp-json\/wp\/v2\/media?parent=432844"}],"wp:term":[{"taxonomy":"category","embeddable":true,"href":"https:\/\/www.europesays.com\/fr\/wp-json\/wp\/v2\/categories?post=432844"},{"taxonomy":"post_tag","embeddable":true,"href":"https:\/\/www.europesays.com\/fr\/wp-json\/wp\/v2\/tags?post=432844"}],"curies":[{"name":"wp","href":"https:\/\/api.w.org\/{rel}","templated":true}]}}