{"id":432850,"date":"2025-10-02T05:03:13","date_gmt":"2025-10-02T05:03:13","guid":{"rendered":"https:\/\/www.europesays.com\/fr\/432850\/"},"modified":"2025-10-02T05:03:13","modified_gmt":"2025-10-02T05:03:13","slug":"exosens-apres-un-bond-de-laction-de-120-deutsche-bank-juge-le-groupe-de-defense-exosens-bien-valorise-et-lui-prefere-un-rival-grec","status":"publish","type":"post","link":"https:\/\/www.europesays.com\/fr\/432850\/","title":{"rendered":"Exosens : Apr\u00e8s un bond de l&rsquo;action de 120%, Deutsche Bank juge le groupe de d\u00e9fense Exosens bien valoris\u00e9 et lui pr\u00e9f\u00e8re un rival grec"},"content":{"rendered":"<p class=\"chapo\"><strong>(BFM Bourse) &#8211; La banque allemande a initi\u00e9 la couverture du titre \u00e0 conserver avec un objectif de cours \u00e0 45 euros, dans le cadre d&rsquo;une note sectorielle consacr\u00e9e aux groupes sp\u00e9cialis\u00e9s dans les dispositifs de vision nocturne.<\/strong><\/p>\n<p>\u00c0 l&rsquo;instar des autres soci\u00e9t\u00e9s largement expos\u00e9es au secteur de la d\u00e9fense, Exosens a b\u00e9n\u00e9fici\u00e9 des multiples annonces de hausse des budgets militaires en Europe. <\/p>\n<p>Ce qui se traduit par des gains de contrats pour la soci\u00e9t\u00e9. Lundi 29 septembre, le sp\u00e9cialiste des tubes intensificateurs d\u2019image pour les jumelles militaires de vision nocturne<a target=\"_blank\" href=\"https:\/\/www.tradingsat.com\/exosens-FR001400Q9V2\/actualites\/exosens-avec-une-commande-de-l-armee-espagnole-le-specialiste-de-la-defense-exosens-soigne-son-parcours-boursier-et-prend-130-sur-2025-1147329.html\" rel=\"nofollow noopener\"> a encore annonc\u00e9 une commande \u00ab\u00a0majeure\u00a0\u00bb de l&rsquo;arm\u00e9e espagnole.<br \/>\n<\/a><\/p>\n<p>Ces perspectives florissantes ont provoqu\u00e9e une envol\u00e9e du titre, qui prend plus de 120% cette ann\u00e9e. <\/p>\n<p><strong>\u00c0 lire aussi<\/strong><\/p>\n<p>Dans une note publi\u00e9e ce mercredi 1er octobre, Deutsche Bank explique que le march\u00e9 europ\u00e9en des Night Vision Goggles (lunettes de vision nocturne) devrait devenir, d&rsquo;ici 2027, le plus important au monde, car la p\u00e9n\u00e9tration des produits dans l&rsquo;Union europ\u00e9enne augmentera par rapport au niveau actuel de 30% (contre 100% aux \u00c9tats-Unis), sous l&rsquo;impulsion de l&rsquo;Allemagne.<\/p>\n<p>Un march\u00e9 porteur <\/p>\n<p>La banque allemande cite Exosens et Theon, un groupe grec cot\u00e9 \u00e0 Amsterdam, comme les mieux \u00ab\u00a0plac\u00e9s pour tirer profit de cette reprise\u00a0\u00bb. Le groupe fran\u00e7ais est \u00e0 l&rsquo;origine de 70% de l\u2019approvisionnement en tubes intensificateurs d\u2019image en Europe, tandis que Theon d\u00e9tient environ 50% de parts d&rsquo;un march\u00e9 europ\u00e9en fragment\u00e9 des lunettes de vision nocturne. <\/p>\n<p>\u00ab\u00a0Les contraintes de capacit\u00e9 de production en Europe et les restrictions \u00e0 l&rsquo;exportation aux \u00c9tats-Unis contribuent \u00e9galement \u00e0 la croissance organique \u00e0 moyen terme du chiffre d&rsquo;affaires de ces deux entreprises, qui devrait atteindre 13% \u00e0 15 %\u00a0\u00bb par an, explique Deutsche Bank.<\/p>\n<p>Concernant Exosens, l&rsquo;interm\u00e9diaire financier note que l&rsquo;action se n\u00e9gocie actuellement \u00e0 environ 16 fois le ratio valeur d\u2019entreprise sur Ebit (r\u00e9sultat op\u00e9rationnel) attendu pour 2027 contre une moyenne de 20 fois pour ses pairs, et ce\u00a0\u00bbmalgr\u00e9 une marge d&rsquo;Ebit et une croissance sup\u00e9rieure\u00a0\u00bb, . <\/p>\n<p>Pour autant, il a entam\u00e9 le suivi du groupe \u00e0 conserver avec un objectif de cours, de 45 euros, jugeant le dossier \u00ab\u00a0correctement valoris\u00e9\u00a0\u00bb et ne voyant pas de catalyseur \u00e0 court terme pour l&rsquo;action.<\/p>\n<p>\u00c0 la Bourse de Paris, le titre Exosens progresse de 1,3% \u00e0 43,75 euros vers 15h50, apr\u00e8s avoir perdu jusqu&rsquo;\u00e0 2,55% en d\u00e9but de s\u00e9ance. Depuis le d\u00e9but de l&rsquo;ann\u00e9e, l&rsquo;action Exosens grimpe de 123,4%.<\/p>\n<p>Pour le bureau d&rsquo;\u00e9tudes, \u00ab\u00a0la prochaine \u00e9tape\u00a0\u00bb d\u00e9pendra \u00ab\u00a0de tout signe indiquant de nouveaux besoins en d\u00e9penses d&rsquo;investissement li\u00e9s \u00e0 la demande au-del\u00e0 de 2026, et d&rsquo;une am\u00e9lioration de la demande sur les march\u00e9s industriels, en particulier dans le secteur des sciences de la vie\u00a0\u00bb. <\/p>\n<p>\u00a0\u00bb En raison des inqui\u00e9tudes croissantes concernant la demande mondiale caus\u00e9es par les droits de douane, nous pensons que les investisseurs devront attendre plusieurs trimestres avant de voir une augmentation positive de l&rsquo;activit\u00e9 hors d\u00e9fense\u00a0\u00bb, ajoute Deutsche Bank, qui pr\u00e9f\u00e8re Theon dont elle a entam\u00e9 la couverture \u00e0 l&rsquo;achat avec un objectif de cours de 40 euros.<\/p>\n<p>L&rsquo;\u00e9tablissement allemand estime que la soci\u00e9t\u00e9 hell\u00e9nique, de par l&rsquo;expansion de ses activit\u00e9s sur des plateformes d&rsquo;optronique \u00e0 forte croissance, offre plus de potentiel. Il voit son r\u00e9sultat op\u00e9rationnel progresser de 23% par an en moyenne sur les trois prochaines ann\u00e9es.<\/p>\n<p>Sabrina Sadgui &#8211; \u00a92025 BFM Bourse<\/p>\n<p>Vous suivez cette action ?<\/p>\n<p>Recevez toutes les infos sur EXOSENS en temps<br \/>\n                              r\u00e9el :\n                              <\/p>\n","protected":false},"excerpt":{"rendered":"(BFM Bourse) &#8211; La banque allemande a initi\u00e9 la couverture du titre \u00e0 conserver avec un objectif de&hellip;\n","protected":false},"author":2,"featured_media":432851,"comment_status":"","ping_status":"","sticky":false,"template":"","format":"standard","meta":{"footnotes":""},"categories":[6],"tags":[35,33,34,1011,27],"class_list":{"0":"post-432850","1":"post","2":"type-post","3":"status-publish","4":"format-standard","5":"has-post-thumbnail","7":"category-economie","8":"tag-business","9":"tag-economie","10":"tag-economy","11":"tag-fr","12":"tag-france"},"share_on_mastodon":{"url":"https:\/\/pubeurope.com\/@fr\/115302826195955824","error":""},"_links":{"self":[{"href":"https:\/\/www.europesays.com\/fr\/wp-json\/wp\/v2\/posts\/432850","targetHints":{"allow":["GET"]}}],"collection":[{"href":"https:\/\/www.europesays.com\/fr\/wp-json\/wp\/v2\/posts"}],"about":[{"href":"https:\/\/www.europesays.com\/fr\/wp-json\/wp\/v2\/types\/post"}],"author":[{"embeddable":true,"href":"https:\/\/www.europesays.com\/fr\/wp-json\/wp\/v2\/users\/2"}],"replies":[{"embeddable":true,"href":"https:\/\/www.europesays.com\/fr\/wp-json\/wp\/v2\/comments?post=432850"}],"version-history":[{"count":0,"href":"https:\/\/www.europesays.com\/fr\/wp-json\/wp\/v2\/posts\/432850\/revisions"}],"wp:featuredmedia":[{"embeddable":true,"href":"https:\/\/www.europesays.com\/fr\/wp-json\/wp\/v2\/media\/432851"}],"wp:attachment":[{"href":"https:\/\/www.europesays.com\/fr\/wp-json\/wp\/v2\/media?parent=432850"}],"wp:term":[{"taxonomy":"category","embeddable":true,"href":"https:\/\/www.europesays.com\/fr\/wp-json\/wp\/v2\/categories?post=432850"},{"taxonomy":"post_tag","embeddable":true,"href":"https:\/\/www.europesays.com\/fr\/wp-json\/wp\/v2\/tags?post=432850"}],"curies":[{"name":"wp","href":"https:\/\/api.w.org\/{rel}","templated":true}]}}