{"id":432857,"date":"2025-10-02T05:07:10","date_gmt":"2025-10-02T05:07:10","guid":{"rendered":"https:\/\/www.europesays.com\/fr\/432857\/"},"modified":"2025-10-02T05:07:10","modified_gmt":"2025-10-02T05:07:10","slug":"saint-etienne-louverture-de-ce-burger-king-en-centre-ville-se-precise-ce-quil-faut-savoir","status":"publish","type":"post","link":"https:\/\/www.europesays.com\/fr\/432857\/","title":{"rendered":"Saint-\u00c9tienne. L&rsquo;ouverture de ce Burger King en centre-ville se pr\u00e9cise, ce qu&rsquo;il faut savoir"},"content":{"rendered":"<p>            Par<br \/>\n        <strong><br \/>\n            <a href=\"https:\/\/actu.fr\/auteur\/julien-sournies\" title=\"Consulter tous les articles de Julien Sournies\" target=\"_blank\" rel=\"noopener\">Julien Sournies<\/a><br \/>\n        <\/strong><\/p>\n<p>        Publi\u00e9 le<\/p>\n<p>            2 oct. 2025 \u00e0 6h22        <\/p>\n<p>Cela fait maintenant pr\u00e8s d\u2019un an et demi que les locaux de l\u2019ancien Zara hommes, sur la place du Peuple \u00e0 <a href=\"https:\/\/actu.fr\/saint-etienne\/\" target=\"_blank\" rel=\"noopener\">Saint-\u00c9tienne<\/a>, sont toujours inoccup\u00e9s. Mais, <a href=\"https:\/\/actu.fr\/auvergne-rhone-alpes\/saint-etienne_42218\/saint-etienne-un-burger-king-a-la-place-de-zara-une-petite-revolution-depuis-2003_62061872.html\" target=\"_blank\" rel=\"noopener\">comme annonc\u00e9 par actu Saint-\u00c9tienne fin d\u00e9cembre\u00a02024<\/a>, un repreneur s\u2019est manifest\u00e9 pour redonner vie au lieu\u2009: il s\u2019agira d\u2019un restaurant de l\u2019enseigne <strong>Burger King<\/strong>.<br \/>Contact\u00e9e par notre r\u00e9daction, la cha\u00eene de burgers pr\u00e9cise que sa nouvelle adresse dans la capitale de la <a href=\"https:\/\/actu.fr\/auvergne-rhone-alpes\/loire_42\" target=\"_blank\" rel=\"noopener\">Loire<\/a>, dont les locaux sont toujours en travaux, va \u00ab\u2009bien ouvrir dans les <strong>prochaines semaines<\/strong>\u2009\u00bb. Ce qu\u2019il faut savoir.<\/p>\n<p>Une ouverture pr\u00e9vue avant les f\u00eates de fin d\u2019ann\u00e9e<\/p>\n<p class=\" wall-content\">\u00ab\u2009Mise en place du mobilier, formation des \u00e9quipes, tout le monde se met en place pour le Jour-J\u2009!\u2009\u00bb, promet le service communication de Burger King. Concr\u00e8tement, l\u2019ouverture de ce nouveau point de vente dans la Loire est pr\u00e9vue courant d\u00e9cembre, soit <strong>avant les f\u00eates de fin d\u2019ann\u00e9e<\/strong>.<\/p>\n<p class=\" wall-content\">Dans le d\u00e9tail, le restaurant s\u2019\u00e9tendra sur une surface de <strong>106 m\u00b2<\/strong> et offrira<strong> 106 places assise<\/strong>s. Par ailleurs, d\u2019ici \u00e0 l\u2019ouverture, pas moins de<strong> 45 salari\u00e9s<\/strong> seront recrut\u00e9s pour faire fonctionner l\u2019\u00e9tablissement.<\/p>\n<p>    <a href=\"https:\/\/www.google.com\/maps\/embed?pb=!1m18!1m12!1m3!1d2799.6861516025!2d4.385251174795438!3d45.43582763533347!2m3!1f0!2f0!3f0!3m2!1i1024!2i768!4f13.1!3m3!1m2!1s0x47f5aeaeb7634dab%3A0xb4c41e16f03221be!2s26%20Pl.%20du%20Peuple%2C%2042000%20Saint-%C3%89tienne!5e0!3m2!1sfr!2sfr!4v1759323500456!5m2!1sfr!2sfr\" title=\"Ouvrie le lien\" target=\"_blank\" rel=\"noopener\">Cliquez ici pour visualiser le contenu<\/a><\/p>\n<p class=\" wall-content\">\u00ab\u2009En s\u2019implantant \u00e0 Saint-\u00c9tienne, nous souhaitons prendre part \u00e0 la vie de la r\u00e9gion\u2009; notre recrutement a d\u2019ailleurs \u00e9t\u00e9 r\u00e9alis\u00e9 en partenariat avec France Travail Ch\u00e2teaucreux\u2009\u00bb, assure la cha\u00eene.<\/p>\n<blockquote class=\"ac-article-quote wall-content\">\n<p>La cr\u00e9ation et l\u2019ouverture d\u2019un restaurant Burger King dans une nouvelle ville est guid\u00e9e par notre strat\u00e9gie de d\u00e9veloppement national [&#8230;] Notre objectif est de se rapprocher de tous les amateurs du go\u00fbt unique du \u00ab grill\u00e9 \u00e0 flamme \u00bb tout en s\u2019installant durablement dans l\u2019environnement \u00e9conomique et social local.<\/p>\n<p>    <strong>Service communication de Burger King<\/strong>\n            <\/p><\/blockquote>\n<p>Un McDonald\u2019s install\u00e9 au m\u00eame endroit 22\u00a0ans auparavant<\/p>\n<p class=\" wall-content\">Pour rappel, de 1986 \u00e0 2003, un McDonald\u2019s sur deux \u00e9tages se trouvait \u00e9galement sur la place du Peuple, \u00e0 la place de Zara. G\u00e9r\u00e9 par un franchis\u00e9, le restaurant avait \u00e9t\u00e9 oblig\u00e9 de fermer \u00e0 cause de nombreuses contraintes li\u00e9es \u00e0 l\u2019emplacement (difficult\u00e9 de se garer, d\u2019approvisionnement, etc.).<\/p>\n<p>Votre r\u00e9gion, votre actu !<\/p>\n<p>Recevez chaque jour les infos qui comptent pour vous.<\/p>\n<p>\t<a href=\"https:\/\/actu.fr\/newsletter\" class=\"ac-btn ac-btn--corner ac-btn--medium ac-btn--blue800\" target=\"_blank\" rel=\"noopener\">S&rsquo;incrire<\/a><\/p>\n<p class=\" wall-content\">Et depuis cette date, <strong>aucun fast-food am\u00e9ricain<\/strong> (hormis un corner Subway) n\u2019avait ouvert en hyper-centre.<\/p>\n<p class=\" wall-content\">Personnalisez votre actualit\u00e9 en ajoutant vos villes et m\u00e9dias en favori avec <a href=\"https:\/\/moncompte.actu.fr\" title=\"D\u00e9couvez Mon Actu\" rel=\"nofollow noopener\" data-trk=\"{&quot;cta&quot;:{&quot;action&quot;:&quot;https:\\\/\\\/moncompte.actu.fr&quot;,&quot;category&quot;:&quot;mon compte&quot;,&quot;from&quot;:&quot;article footer&quot;,&quot;name&quot;:&quot;Mon actu&quot;,&quot;type&quot;:&quot;cta&quot;}}\" target=\"_blank\">Mon Actu<\/a>.<\/p>\n","protected":false},"excerpt":{"rendered":"Par Julien Sournies Publi\u00e9 le 2 oct. 2025 \u00e0 6h22 Cela fait maintenant pr\u00e8s d\u2019un an et demi&hellip;\n","protected":false},"author":2,"featured_media":432858,"comment_status":"","ping_status":"","sticky":false,"template":"","format":"standard","meta":{"footnotes":""},"categories":[9653],"tags":[1111,11,258,2430,33,1777,674,1011,27,12,3147,25,1340,4001],"class_list":{"0":"post-432857","1":"post","2":"type-post","3":"status-publish","4":"format-standard","5":"has-post-thumbnail","7":"category-saint-etienne","8":"tag-actu","9":"tag-actualites","10":"tag-alimentation","11":"tag-auvergne-rhone-alpes","12":"tag-economie","13":"tag-eu","14":"tag-europe","15":"tag-fr","16":"tag-france","17":"tag-news","18":"tag-nouveaux-commerces","19":"tag-republique-francaise","20":"tag-restaurant","21":"tag-saint-etienne"},"share_on_mastodon":{"url":"https:\/\/pubeurope.com\/@fr\/115302841931245217","error":""},"_links":{"self":[{"href":"https:\/\/www.europesays.com\/fr\/wp-json\/wp\/v2\/posts\/432857","targetHints":{"allow":["GET"]}}],"collection":[{"href":"https:\/\/www.europesays.com\/fr\/wp-json\/wp\/v2\/posts"}],"about":[{"href":"https:\/\/www.europesays.com\/fr\/wp-json\/wp\/v2\/types\/post"}],"author":[{"embeddable":true,"href":"https:\/\/www.europesays.com\/fr\/wp-json\/wp\/v2\/users\/2"}],"replies":[{"embeddable":true,"href":"https:\/\/www.europesays.com\/fr\/wp-json\/wp\/v2\/comments?post=432857"}],"version-history":[{"count":0,"href":"https:\/\/www.europesays.com\/fr\/wp-json\/wp\/v2\/posts\/432857\/revisions"}],"wp:featuredmedia":[{"embeddable":true,"href":"https:\/\/www.europesays.com\/fr\/wp-json\/wp\/v2\/media\/432858"}],"wp:attachment":[{"href":"https:\/\/www.europesays.com\/fr\/wp-json\/wp\/v2\/media?parent=432857"}],"wp:term":[{"taxonomy":"category","embeddable":true,"href":"https:\/\/www.europesays.com\/fr\/wp-json\/wp\/v2\/categories?post=432857"},{"taxonomy":"post_tag","embeddable":true,"href":"https:\/\/www.europesays.com\/fr\/wp-json\/wp\/v2\/tags?post=432857"}],"curies":[{"name":"wp","href":"https:\/\/api.w.org\/{rel}","templated":true}]}}