{"id":432861,"date":"2025-10-02T05:09:26","date_gmt":"2025-10-02T05:09:26","guid":{"rendered":"https:\/\/www.europesays.com\/fr\/432861\/"},"modified":"2025-10-02T05:09:26","modified_gmt":"2025-10-02T05:09:26","slug":"enfermee-sur-un-balcon-par-son-compagnon-une-femme-sechappe-par-lechafaudage","status":"publish","type":"post","link":"https:\/\/www.europesays.com\/fr\/432861\/","title":{"rendered":"enferm\u00e9e sur un balcon par son compagnon, une femme s\u2019\u00e9chappe par\u00a0l\u2019\u00e9chafaudage"},"content":{"rendered":"<p>            Par<br \/>\n        <strong><br \/>\n            <a href=\"https:\/\/actu.fr\/auteur\/pierre-emile-bouchy-actu-fr\" title=\"Consulter tous les articles de Paul-Emile Bouchy\" target=\"_blank\" rel=\"noopener\">Paul-Emile Bouchy<\/a><br \/>\n        <\/strong><\/p>\n<p>        Publi\u00e9 le<\/p>\n<p>            1 oct. 2025 \u00e0 11h16        <\/p>\n<p>Dimanche 28 septembre, au petit matin, <strong>une femme de 36 ans s\u2019est \u00e9chapp\u00e9e de son appartement en descendant par l\u2019\u00e9chafaudage<\/strong> plac\u00e9 sur leur immeuble rue de la Colline \u00e0 <a href=\"https:\/\/actu.fr\/grand-est\/nancy_54395\" target=\"_blank\" rel=\"noopener\">Nancy<\/a> (Meurthe-et-Moselle).<\/p>\n<p class=\" wall-content\">Victime de <a href=\"https:\/\/actu.fr\/tag\/violences-conjugales\" target=\"_blank\" rel=\"noopener\">violences conjugales<\/a> et pr\u00e9sentant <strong>plusieurs blessures au visage<\/strong>, elle s\u2019est rendue au commissariat pour alerter la <a href=\"https:\/\/actu.fr\/tag\/police\" target=\"_blank\" rel=\"noopener\">police<\/a>.<\/p>\n<p>Enferm\u00e9e sur le balcon par son compagnon<\/p>\n<p class=\" wall-content\">La veille, le couple avait pass\u00e9 une soir\u00e9e bien arros\u00e9e pour f\u00eater l\u2019anniversaire de la trentenaire. \u00ab\u00a0Le matin, toujours alcoolis\u00e9s, <strong>ils se sont disput\u00e9s au sujet de la prise en charge de leur enfant en bas \u00e2ge<\/strong>\u00ab\u00a0, indique la police.<\/p>\n<p class=\" wall-content\">Dans la dispute, le compagnon \u00e2g\u00e9 de 38 ans a alors <strong>enferm\u00e9 la femme sur le balcon<\/strong>. En chaussettes, <strong>elle s\u2019est enfuie en descendant l\u2019\u00e9chafaudage<\/strong> et a alert\u00e9 la police.<\/p>\n<p>La femme bless\u00e9e \u00e0 plusieurs reprises au visage<\/p>\n<p class=\" wall-content\">Les policiers ont constat\u00e9 que la femme pr\u00e9sentait <strong>plusieurs ecchymoses et blessures au visage<\/strong>. Elle a \u00e9t\u00e9 transport\u00e9e \u00e0 l\u2019h\u00f4pital Central et a ensuite port\u00e9 plainte. Elle a re\u00e7u cinq jours d\u2019incapacit\u00e9 totale de travail (ITT).<\/p>\n<p class=\" wall-content\">Son compagnon a \u00e9t\u00e9 interpell\u00e9 et plac\u00e9 en garde \u00e0 vue. Pr\u00e9sent\u00e9 mardi au tribunal, il a re\u00e7u <strong>une interdiction de rentrer en contact pendant six mois avec la victime<\/strong>.<\/p>\n<p>Votre r\u00e9gion, votre actu !<\/p>\n<p>Recevez chaque jour les infos qui comptent pour vous.<\/p>\n<p>\t<a href=\"https:\/\/actu.fr\/newsletter\" class=\"ac-btn ac-btn--corner ac-btn--medium ac-btn--blue800\" target=\"_blank\" rel=\"noopener\">S&rsquo;incrire<\/a><\/p>\n<p class=\" wall-content\">Une enqu\u00eate sociale est en cours pour \u00e9valuer la situation de l\u2019enfant au sein du foyer.<\/p>\n<p class=\" wall-content\">Personnalisez votre actualit\u00e9 en ajoutant vos villes et m\u00e9dias en favori avec <a href=\"https:\/\/moncompte.actu.fr\" title=\"D\u00e9couvez Mon Actu\" rel=\"nofollow noopener\" data-trk=\"{&quot;cta&quot;:{&quot;action&quot;:&quot;https:\\\/\\\/moncompte.actu.fr&quot;,&quot;category&quot;:&quot;mon compte&quot;,&quot;from&quot;:&quot;article footer&quot;,&quot;name&quot;:&quot;Mon actu&quot;,&quot;type&quot;:&quot;cta&quot;}}\" target=\"_blank\">Mon Actu<\/a>.<\/p>\n","protected":false},"excerpt":{"rendered":"Par Paul-Emile Bouchy Publi\u00e9 le 1 oct. 2025 \u00e0 11h16 Dimanche 28 septembre, au petit matin, une femme&hellip;\n","protected":false},"author":2,"featured_media":46322,"comment_status":"","ping_status":"","sticky":false,"template":"","format":"standard","meta":{"footnotes":""},"categories":[9635],"tags":[1111,11,1777,674,118,1011,27,775,1702,12,1072,25,798],"class_list":{"0":"post-432861","1":"post","2":"type-post","3":"status-publish","4":"format-standard","5":"has-post-thumbnail","7":"category-nancy","8":"tag-actu","9":"tag-actualites","10":"tag-eu","11":"tag-europe","12":"tag-faits-divers","13":"tag-fr","14":"tag-france","15":"tag-grand-est","16":"tag-nancy","17":"tag-news","18":"tag-police","19":"tag-republique-francaise","20":"tag-violences-conjugales"},"share_on_mastodon":{"url":"https:\/\/pubeurope.com\/@fr\/115302849797900678","error":""},"_links":{"self":[{"href":"https:\/\/www.europesays.com\/fr\/wp-json\/wp\/v2\/posts\/432861","targetHints":{"allow":["GET"]}}],"collection":[{"href":"https:\/\/www.europesays.com\/fr\/wp-json\/wp\/v2\/posts"}],"about":[{"href":"https:\/\/www.europesays.com\/fr\/wp-json\/wp\/v2\/types\/post"}],"author":[{"embeddable":true,"href":"https:\/\/www.europesays.com\/fr\/wp-json\/wp\/v2\/users\/2"}],"replies":[{"embeddable":true,"href":"https:\/\/www.europesays.com\/fr\/wp-json\/wp\/v2\/comments?post=432861"}],"version-history":[{"count":0,"href":"https:\/\/www.europesays.com\/fr\/wp-json\/wp\/v2\/posts\/432861\/revisions"}],"wp:featuredmedia":[{"embeddable":true,"href":"https:\/\/www.europesays.com\/fr\/wp-json\/wp\/v2\/media\/46322"}],"wp:attachment":[{"href":"https:\/\/www.europesays.com\/fr\/wp-json\/wp\/v2\/media?parent=432861"}],"wp:term":[{"taxonomy":"category","embeddable":true,"href":"https:\/\/www.europesays.com\/fr\/wp-json\/wp\/v2\/categories?post=432861"},{"taxonomy":"post_tag","embeddable":true,"href":"https:\/\/www.europesays.com\/fr\/wp-json\/wp\/v2\/tags?post=432861"}],"curies":[{"name":"wp","href":"https:\/\/api.w.org\/{rel}","templated":true}]}}