{"id":432862,"date":"2025-10-02T05:10:24","date_gmt":"2025-10-02T05:10:24","guid":{"rendered":"https:\/\/www.europesays.com\/fr\/432862\/"},"modified":"2025-10-02T05:10:24","modified_gmt":"2025-10-02T05:10:24","slug":"pas-de-nouveaux-blesses-et-pas-de-malades-parmi-les-guingampais-avant-la-reception-de-nancy","status":"publish","type":"post","link":"https:\/\/www.europesays.com\/fr\/432862\/","title":{"rendered":"Pas de nouveaux bless\u00e9s et pas de malades parmi les Guingampais avant la r\u00e9ception de Nancy"},"content":{"rendered":"<p>Ligue 2 (9e journ\u00e9e). Guingamp &#8211; Nancy, vendredi (20 h)<\/p>\n<p>En d\u00e9but de semaine, au sortir de <a href=\"https:\/\/www.letelegramme.fr\/sports\/football\/guingamp\/saint-etienne-guingamp-le-resume-de-lincroyable-succes-den-avant-vainqueur-chez-le-leader-de-ligue-2-6898602.php\" target=\"_blank\" rel=\"nofollow noopener\">la belle victoire obtenue \u00e0 Saint-\u00c9tienne (3-2)<\/a>, quelques incertitudes planaient autour de l\u2019effectif guingampais. Ce n\u2019est plus le cas. Exempt\u00e9 d\u2019entra\u00eenement lundi et mardi pour un coup re\u00e7u au genou, Amine Hemia \u00e9tait de la s\u00e9ance mercredi matin. M\u00eame chose pour Alpha Sissoko et Louis Mafouta, l\u00e9g\u00e8rement malades ces derniers jours.<\/p>\n<p>Nair a repris la course<\/p>\n<p>Sachant qu\u2019Amadou Sagna s\u2019est entra\u00een\u00e9 normalement, Sylvain Ripoll dispose donc d\u2019un groupe au complet pour recevoir l\u2019AS Nancy Lorraine d\u2019Enzo Basilio, vendredi (20 h). Une heureuse nouvelle, \u00ab surtout apr\u00e8s la s\u00e9rie de matchs rapproch\u00e9s que nous avons travers\u00e9e \u00bb, appr\u00e9cie l\u2019entra\u00eeneur d\u2019EAG. Le match dans le chaudron st\u00e9phanois \u00e9tait en effet le quatri\u00e8me en l\u2019espace de douze jours.<\/p>\n<p>Les deux seuls absents sont donc Adrian Ortol\u00e0 (coude) et Sohaib Nair (cheville) qui a d\u2019ailleurs repris la course et les appuis. \u00ab Il est dans les d\u00e9lais que l\u2019on avait imagin\u00e9, soit trois mois \u00bb, pr\u00e9cise Sylvain Ripoll. Si tout continue \u00e0 bien se passer, le d\u00e9fenseur central devrait donc retrouver l\u2019entra\u00eenement collectif fin octobre.<\/p>\n","protected":false},"excerpt":{"rendered":"Ligue 2 (9e journ\u00e9e). Guingamp &#8211; Nancy, vendredi (20 h) En d\u00e9but de semaine, au sortir de la&hellip;\n","protected":false},"author":2,"featured_media":432863,"comment_status":"","ping_status":"","sticky":false,"template":"","format":"standard","meta":{"footnotes":""},"categories":[9635],"tags":[1111,11,9594,1777,674,63,1011,27,775,4044,446,1702,12,25,60],"class_list":{"0":"post-432862","1":"post","2":"type-post","3":"status-publish","4":"format-standard","5":"has-post-thumbnail","7":"category-nancy","8":"tag-actu","9":"tag-actualites","10":"tag-en-avant-guingamp","11":"tag-eu","12":"tag-europe","13":"tag-football","14":"tag-fr","15":"tag-france","16":"tag-grand-est","17":"tag-guingamp","18":"tag-ligue-2","19":"tag-nancy","20":"tag-news","21":"tag-republique-francaise","22":"tag-sports"},"share_on_mastodon":{"url":"https:\/\/pubeurope.com\/@fr\/115302853733584560","error":""},"_links":{"self":[{"href":"https:\/\/www.europesays.com\/fr\/wp-json\/wp\/v2\/posts\/432862","targetHints":{"allow":["GET"]}}],"collection":[{"href":"https:\/\/www.europesays.com\/fr\/wp-json\/wp\/v2\/posts"}],"about":[{"href":"https:\/\/www.europesays.com\/fr\/wp-json\/wp\/v2\/types\/post"}],"author":[{"embeddable":true,"href":"https:\/\/www.europesays.com\/fr\/wp-json\/wp\/v2\/users\/2"}],"replies":[{"embeddable":true,"href":"https:\/\/www.europesays.com\/fr\/wp-json\/wp\/v2\/comments?post=432862"}],"version-history":[{"count":0,"href":"https:\/\/www.europesays.com\/fr\/wp-json\/wp\/v2\/posts\/432862\/revisions"}],"wp:featuredmedia":[{"embeddable":true,"href":"https:\/\/www.europesays.com\/fr\/wp-json\/wp\/v2\/media\/432863"}],"wp:attachment":[{"href":"https:\/\/www.europesays.com\/fr\/wp-json\/wp\/v2\/media?parent=432862"}],"wp:term":[{"taxonomy":"category","embeddable":true,"href":"https:\/\/www.europesays.com\/fr\/wp-json\/wp\/v2\/categories?post=432862"},{"taxonomy":"post_tag","embeddable":true,"href":"https:\/\/www.europesays.com\/fr\/wp-json\/wp\/v2\/tags?post=432862"}],"curies":[{"name":"wp","href":"https:\/\/api.w.org\/{rel}","templated":true}]}}