{"id":432872,"date":"2025-10-02T05:15:14","date_gmt":"2025-10-02T05:15:14","guid":{"rendered":"https:\/\/www.europesays.com\/fr\/432872\/"},"modified":"2025-10-02T05:15:14","modified_gmt":"2025-10-02T05:15:14","slug":"a-grand-couronne-des-services-remanies-apres-lincendie-de-la-mairie","status":"publish","type":"post","link":"https:\/\/www.europesays.com\/fr\/432872\/","title":{"rendered":"A Grand-Couronne, des services remani\u00e9s apr\u00e8s l&rsquo;incendie de la mairie"},"content":{"rendered":"\n<p style=\"text-align: left;\">L&rsquo;incendie survenu dans la nuit du 15 au 16 septembre a rendu inexploitable le b\u00e2timent principal de la mairie de Grand-Couronne. Les flammes ont provoqu\u00e9 des d\u00e9g\u00e2ts \u00e0 l&rsquo;int\u00e9rieur, tout comme les suies et les odeurs dont se sont impregn\u00e9s les diff\u00e9rents espaces. Au total, soixante-quatre agents ont \u00e9t\u00e9 red\u00e9ploy\u00e9s dans les jours qui ont suivi au sein de six b\u00e2timents o\u00f9 ils ont pu reprendre leur travail. <strong>Reste d\u00e9sormais \u00e0 s&rsquo;assurer du bien-\u00eatre des \u00e9quipes et des cons\u00e9quences du sinistre sur la coh\u00e9sion globale<\/strong>. \u00ab\u00a0Il y en a certains qui ont \u00e9t\u00e9 tr\u00e8s affect\u00e9s la semaine derni\u00e8re, mais qui sont \u00e0 nouveau dans une d\u00e9marche de r\u00e9ussir, de construire et qui vont mieux cette semaine. Mais vous en avez la semaine derni\u00e8re qui \u00e9taient tr\u00e8s bien et cette semaine qui sont plus affaiblis\u00a0\u00bb souligne G\u00e9raldine Dhoye-Perrey, la directrice g\u00e9n\u00e9rale des services.<\/p>\n<p><strong>\u00ab\u00a0Je reprends forme\u00a0\u00bb<\/strong><\/p>\n<p style=\"text-align: left;\">Les diff\u00e9rents services d\u00e9di\u00e9s \u00e0 la population ont, quant \u00e0 eux, \u00e9t\u00e9 install\u00e9s dans un b\u00e2timent situ\u00e9 \u00e0 deux pas de la mairie pour faciliter les d\u00e9marches. \u00ab\u00a0J&rsquo;ai un bel accueil, je viens d&rsquo;avoir mon ordinateur et c&rsquo;est tr\u00e8s bien. <strong>Je reprends forme l\u00e0. Quand j&rsquo;ai vu l&rsquo;ext\u00e9rieur d\u00e9j\u00e0, parce que je ne suis pas rentr\u00e9e, \u00e7a m&rsquo;a fait un choc<\/strong>\u00a0\u00bb t\u00e9moigne Sihem, charg\u00e9e de l&rsquo;accueil du public, toujours \u00e9mue au moment d&rsquo;\u00e9voquer l&rsquo;incendie. Mais les agents s&rsquo;accordent sur la r\u00e9activit\u00e9 dont ont fait preuve les \u00e9quipes pour s&rsquo;inscrire dans une nouvelle dynamique. La ville a b\u00e9n\u00e9fici\u00e9 d&rsquo;un soutien local important -collectivit\u00e9s, entreprises- pour r\u00e9cup\u00e9rer du mobilier et des \u00e9quipements informatiques, et a \u00e9galement \u00e9t\u00e9 accompagn\u00e9e d&rsquo;un sp\u00e9cialiste pour la remise en route de son r\u00e9seau interne.<\/p>\n<p> <strong>Maintenir le lien entre les services<\/strong><\/p>\n<p style=\"text-align: left;\">Au service communication, <strong>Delphine s&rsquo;est vu confier une nouvelle mission : diffuser une gazette internet pour entretenir les relations entre les services d\u00e9sormais s\u00e9par\u00e9s<\/strong>. \u00ab\u00a0C&rsquo;est aussi pour communiquer sur l&rsquo;avanc\u00e9e du dossier, pour savoir o\u00f9 c&rsquo;en est. Concr\u00e8tement, quand est-ce que le nettoyage des suies va prendre fin par exemple. Et puis garder le lien d&rsquo;un service \u00e0 un autre\u00a0\u00bb. Mais aucune date n&rsquo;est en revanche avanc\u00e9e quant \u00e0 une r\u00e9installation, m\u00eame partielle. Trop d\u2019incertitudes demeurent, d&rsquo;autant que l&rsquo;enqu\u00eate polici\u00e8re est en cours et que des scell\u00e9s ont \u00e9t\u00e9 appos\u00e9s sur la mairie. <a href=\"https:\/\/www.sweetfm.fr\/la-piste-criminelle-privilegiee-apres-l-incendie-de-la-mairie-de-grand-couronne\" rel=\"noopener nofollow\" target=\"_blank\">La piste criminelle est privil\u00e9gi\u00e9e.<\/a><\/p>\n","protected":false},"excerpt":{"rendered":"L&rsquo;incendie survenu dans la nuit du 15 au 16 septembre a rendu inexploitable le b\u00e2timent principal de la&hellip;\n","protected":false},"author":2,"featured_media":432873,"comment_status":"","ping_status":"","sticky":false,"template":"","format":"standard","meta":{"footnotes":""},"categories":[9587],"tags":[56082,1111,11,56085,1777,674,1011,27,56086,56083,56084,56080,22461,56087,12,5161,25,9590,5163,56081],"class_list":{"0":"post-432872","1":"post","2":"type-post","3":"status-publish","4":"format-standard","5":"has-post-thumbnail","7":"category-rouen","8":"tag-accueil-public-mairie-de-grand-couronne","9":"tag-actu","10":"tag-actualites","11":"tag-degats-incendie","12":"tag-eu","13":"tag-europe","14":"tag-fr","15":"tag-france","16":"tag-geraldine-dhoye-perrey","17":"tag-grand-couronne","18":"tag-incendie-mairie","19":"tag-incendie-mairie-grand-couronne","20":"tag-infos-rouen","21":"tag-mairie-de-grand-couronne","22":"tag-news","23":"tag-normandie","24":"tag-republique-francaise","25":"tag-rouen","26":"tag-seine-maritime","27":"tag-services-mairie-grand-couronne"},"share_on_mastodon":{"url":"https:\/\/pubeurope.com\/@fr\/115302873409777040","error":""},"_links":{"self":[{"href":"https:\/\/www.europesays.com\/fr\/wp-json\/wp\/v2\/posts\/432872","targetHints":{"allow":["GET"]}}],"collection":[{"href":"https:\/\/www.europesays.com\/fr\/wp-json\/wp\/v2\/posts"}],"about":[{"href":"https:\/\/www.europesays.com\/fr\/wp-json\/wp\/v2\/types\/post"}],"author":[{"embeddable":true,"href":"https:\/\/www.europesays.com\/fr\/wp-json\/wp\/v2\/users\/2"}],"replies":[{"embeddable":true,"href":"https:\/\/www.europesays.com\/fr\/wp-json\/wp\/v2\/comments?post=432872"}],"version-history":[{"count":0,"href":"https:\/\/www.europesays.com\/fr\/wp-json\/wp\/v2\/posts\/432872\/revisions"}],"wp:featuredmedia":[{"embeddable":true,"href":"https:\/\/www.europesays.com\/fr\/wp-json\/wp\/v2\/media\/432873"}],"wp:attachment":[{"href":"https:\/\/www.europesays.com\/fr\/wp-json\/wp\/v2\/media?parent=432872"}],"wp:term":[{"taxonomy":"category","embeddable":true,"href":"https:\/\/www.europesays.com\/fr\/wp-json\/wp\/v2\/categories?post=432872"},{"taxonomy":"post_tag","embeddable":true,"href":"https:\/\/www.europesays.com\/fr\/wp-json\/wp\/v2\/tags?post=432872"}],"curies":[{"name":"wp","href":"https:\/\/api.w.org\/{rel}","templated":true}]}}