{"id":432874,"date":"2025-10-02T05:16:20","date_gmt":"2025-10-02T05:16:20","guid":{"rendered":"https:\/\/www.europesays.com\/fr\/432874\/"},"modified":"2025-10-02T05:16:20","modified_gmt":"2025-10-02T05:16:20","slug":"un-perimetre-de-securite-mis-en-place-2","status":"publish","type":"post","link":"https:\/\/www.europesays.com\/fr\/432874\/","title":{"rendered":"un p\u00e9rim\u00e8tre de s\u00e9curit\u00e9 mis en place"},"content":{"rendered":"<p melodystyle=\"texte\">Les pompiers ont \u00e9t\u00e9 appel\u00e9s vers 15h40 mercredi 1er\u00a0octobre pour une suspicion de fuite de gaz <a href=\"https:\/\/maps.app.goo.gl\/EcjJLqnXey7nFW4cA\" target=\"_blank\" rel=\"nofollow noopener\">rue des Halettes \u00e0 Rouen<\/a>. Il s&rsquo;agit d&rsquo;une \u00ab\u00a0canalisation gaz 63mm 4 bars\u00a0\u00bb qui a \u00e9t\u00e9 endommag\u00e9e par un engin de chantier dans le cadre de travaux sur la voie publique.<\/p>\n<p melodystyle=\"texte\"><b>\u2022 A lire aussi.<\/b>\u00a0<a href=\"https:\/\/www.tendanceouest.com\/actualite-432607-bolbec-l-institution-medico-sociale-evacuee-apres-le-declenchement-d-une-alarme-incendie\" target=\"_blank\" rel=\"nofollow noopener\">Bolbec. L&rsquo;Institution m\u00e9dico-sociale \u00e9vacu\u00e9e apr\u00e8s le d\u00e9clenchement d&rsquo;une alarme incendie<\/a><\/p>\n<p>Les habitants ont \u00e9t\u00e9 confin\u00e9s<\/p>\n<p melodystyle=\"texte\">Un p\u00e9rim\u00e8tre de s\u00e9curit\u00e9 de 100m autour de l&rsquo;incident a \u00e9t\u00e9 mis en place en plus d&rsquo;une protection hydraulique et les habitants situ\u00e9s \u00e0 proximit\u00e9 ont \u00e9t\u00e9 confin\u00e9s.<\/p>\n<p melodystyle=\"texte\">Il n&rsquo;y a pas de bless\u00e9s\u00a0assure\u00a0le Service d&rsquo;incendie et de secours (Sdis) qui pr\u00e9vient \u00e0 17h que \u00ab\u00a0la fuite a \u00e9t\u00e9 stopp\u00e9e par \u00e9crasement\u00a0\u00bb tandis que \u00ab\u00a0GRDF proc\u00e8de aux r\u00e9parations\u00a0\u00bb. L&rsquo;incident n&rsquo;a pas eu trop d&rsquo;impact hormis pour un abonn\u00e9 GRDF priv\u00e9 de gaz. En tout, 13 pompiers ont \u00e9t\u00e9 appel\u00e9s sur place.<\/p>\n<p melodystyle=\"texte\"><b>\u2022 A lire aussi.<\/b> <a href=\"https:\/\/www.tendanceouest.com\/actualite-432600-rouen-il-se-fait-rouer-de-coups-devant-le-chu-trois-personnes-arretees\" target=\"_blank\" rel=\"nofollow noopener\">Rouen. Il se fait rouer de coups devant le CHU, trois personnes arr\u00eat\u00e9es<\/a><\/p>\n","protected":false},"excerpt":{"rendered":"Les pompiers ont \u00e9t\u00e9 appel\u00e9s vers 15h40 mercredi 1er\u00a0octobre pour une suspicion de fuite de gaz rue des&hellip;\n","protected":false},"author":2,"featured_media":432875,"comment_status":"","ping_status":"","sticky":false,"template":"","format":"standard","meta":{"footnotes":""},"categories":[9587],"tags":[1111,11,1777,674,1011,27,12,5161,25,9590],"class_list":{"0":"post-432874","1":"post","2":"type-post","3":"status-publish","4":"format-standard","5":"has-post-thumbnail","7":"category-rouen","8":"tag-actu","9":"tag-actualites","10":"tag-eu","11":"tag-europe","12":"tag-fr","13":"tag-france","14":"tag-news","15":"tag-normandie","16":"tag-republique-francaise","17":"tag-rouen"},"share_on_mastodon":{"url":"https:\/\/pubeurope.com\/@fr\/115302877318196618","error":""},"_links":{"self":[{"href":"https:\/\/www.europesays.com\/fr\/wp-json\/wp\/v2\/posts\/432874","targetHints":{"allow":["GET"]}}],"collection":[{"href":"https:\/\/www.europesays.com\/fr\/wp-json\/wp\/v2\/posts"}],"about":[{"href":"https:\/\/www.europesays.com\/fr\/wp-json\/wp\/v2\/types\/post"}],"author":[{"embeddable":true,"href":"https:\/\/www.europesays.com\/fr\/wp-json\/wp\/v2\/users\/2"}],"replies":[{"embeddable":true,"href":"https:\/\/www.europesays.com\/fr\/wp-json\/wp\/v2\/comments?post=432874"}],"version-history":[{"count":0,"href":"https:\/\/www.europesays.com\/fr\/wp-json\/wp\/v2\/posts\/432874\/revisions"}],"wp:featuredmedia":[{"embeddable":true,"href":"https:\/\/www.europesays.com\/fr\/wp-json\/wp\/v2\/media\/432875"}],"wp:attachment":[{"href":"https:\/\/www.europesays.com\/fr\/wp-json\/wp\/v2\/media?parent=432874"}],"wp:term":[{"taxonomy":"category","embeddable":true,"href":"https:\/\/www.europesays.com\/fr\/wp-json\/wp\/v2\/categories?post=432874"},{"taxonomy":"post_tag","embeddable":true,"href":"https:\/\/www.europesays.com\/fr\/wp-json\/wp\/v2\/tags?post=432874"}],"curies":[{"name":"wp","href":"https:\/\/api.w.org\/{rel}","templated":true}]}}