{"id":432878,"date":"2025-10-02T05:18:13","date_gmt":"2025-10-02T05:18:13","guid":{"rendered":"https:\/\/www.europesays.com\/fr\/432878\/"},"modified":"2025-10-02T05:18:13","modified_gmt":"2025-10-02T05:18:13","slug":"les-presidents-sen-melent-la-greve-des-joueurs-fait-trembler-la-pro-d2","status":"publish","type":"post","link":"https:\/\/www.europesays.com\/fr\/432878\/","title":{"rendered":"les pr\u00e9sidents s\u2019en m\u00ealent, la gr\u00e8ve des joueurs fait trembler la Pro D2"},"content":{"rendered":"<p>L\u2019affaire Nadau prend une nouvelle tournure \u00e0 <a href=\"https:\/\/www.xvovalie.com\/tag\/fcg\/\" rel=\"nofollow noopener\" target=\"_blank\">Grenoble<\/a>. Alors que les joueurs du FCG menacent toujours de faire gr\u00e8ve, les pr\u00e9sidents de clubs professionnels montent au cr\u00e9neau. Dans un communiqu\u00e9 muscl\u00e9, l\u2019UCPR soutient la direction is\u00e9roise et tire \u00e0 boulets rouges sur Provale. \u00c0 deux jours du match face \u00e0 Provence Rugby, le club est au bord de l\u2019implosion.<\/p>\n<p>En bref<\/p>\n<ul class=\"wp-block-list\">\n<li><strong>L\u2019UCPR d\u00e9nonce la gr\u00e8ve<\/strong> : Les pr\u00e9sidents de clubs professionnels apportent leur soutien au FCG et mettent en garde contre les cons\u00e9quences d\u2019un boycott de match.<\/li>\n<li><strong>Provale dans le viseur<\/strong> : Le syndicat est accus\u00e9 de jouer un jeu dangereux en appelant \u00e0 un droit de retrait injustifi\u00e9.<\/li>\n<li><strong>La direction du FCG reste ferme<\/strong> : Le club mart\u00e8le que la mise \u00e0 pied de Nadau repose uniquement sur ses propos tenus \u00e0 <a data-ilj-link-preview=\"true\" data-excerpt=\"Le club de rugby de Brive, \u00e9galement connu sous le nom de CAB (Club Athl\u00e9tique Brive), est bas\u00e9 \u00e0 Brive-la-Gaillarde, dans le d\u00e9partement de la Corr\u00e8ze en France. Fond\u00e9 en 1910, le club est reconnu pour son histoire et sa tradition, avec notamment une victoire en 1997 en Coupe d&#039;Europe des clubs champions.&#013;&#010;&#013;&#010;Le club a \u00e9galement remport\u00e9 le championnat de France de rugby \u00e0 XV \u00e0 deux reprises, en 1949 et en 1998.\" href=\"https:\/\/www.xvovalie.com\/brive\/\" rel=\"nofollow noopener\" target=\"_blank\">Brive<\/a>.<\/li>\n<li><strong>Grenoble toujours \u00e0 l\u2019arr\u00eat<\/strong> : Les joueurs n\u2019ont pas repris l\u2019entra\u00eenement, et la tenue du match de vendredi est incertaine.<\/li>\n<\/ul>\n<p>Le syndicat des pr\u00e9sidents entre dans la bagarre<\/p>\n<p>L\u2019affaire ne se r\u00e8gle pas en interne, elle s\u2019\u00e9tale maintenant sur la place publique. Ce mercredi, l\u2019<strong>UCPR<\/strong>, syndicat des pr\u00e9sidents de clubs pros, a publi\u00e9 un <strong>communiqu\u00e9 incendiaire<\/strong> pour prendre le parti du <strong>FC Grenoble<\/strong> et d\u00e9noncer une situation qui, selon eux, menace l\u2019\u00e9quilibre de la <a href=\"https:\/\/www.xvovalie.com\/pro-d2\/\" rel=\"nofollow noopener\" target=\"_blank\">Pro D2<\/a>.<\/p>\n<p>Derri\u00e8re un langage diplomatique, le message est clair : <strong>le droit de retrait invoqu\u00e9 par les joueurs grenoblois ne tient pas<\/strong>. L\u2019argument de l\u2019encadrement insuffisant est balay\u00e9 d\u2019un revers, avec pr\u00e9cision : deux autres membres du staff poss\u00e8dent le dipl\u00f4me requis pour encadrer l\u2019\u00e9quipe. Et si les joueurs refusent de jouer, ils mettront en p\u00e9ril non seulement leur club, mais aussi toute la comp\u00e9tition.<\/p>\n<blockquote class=\"twitter-tweet\" data-width=\"550\" data-dnt=\"true\">\n<p lang=\"fr\" dir=\"ltr\">\ud835\uddd6\ud835\uddfc\ud835\uddfa\ud835\uddfa\ud835\ude02\ud835\uddfb\ud835\uddf6\ud835\uddfe\ud835\ude02\ud835\uddf2\u0301 \ud835\uddfc\ud835\uddf3\ud835\uddf3\ud835\uddf6\ud835\uddf0\ud835\uddf6\ud835\uddf2\ud835\uddf9 \ud835\uddf1\ud835\ude02 \ud835\uddd9\ud835\uddd6 \ud835\uddda\ud835\uddff\ud835\uddf2\ud835\uddfb\ud835\uddfc\ud835\uddef\ud835\uddf9\ud835\uddf2 \ud835\udde5\ud835\ude02\ud835\uddf4\ud835\uddef\ud835\ude06 \ud835\uddf2\ud835\ude01 \ud835\uddf1\ud835\uddf2 \ud835\ude00\ud835\uddfc\ud835\uddfb \ud835\udde3\ud835\uddff\ud835\uddf2\u0301\ud835\ude00\ud835\uddf6\ud835\uddf1\ud835\uddf2\ud835\uddfb\ud835\ude01 \ud835\udde3\ud835\uddee\ud835\ude01\ud835\uddff\ud835\uddf6\ud835\uddf0\ud835\uddf8 \ud835\uddda\ud835\uddfc\ud835\uddf3\ud835\uddf3\ud835\uddf6<\/p>\n<p>Le FC Grenoble Rugby prend acte de la prise de position de ses joueurs, accompagn\u00e9s par le syndicat Provale, et respecte les avis exprim\u00e9s.\u2026 <a href=\"https:\/\/t.co\/bDApQIvSRX\" rel=\"nofollow\">pic.twitter.com\/bDApQIvSRX<\/a><\/p>\n<p>\u2014 FC Grenoble Rugby #AllezFCG (@FCGrugby) <a href=\"https:\/\/twitter.com\/FCGrugby\/status\/1973417144286142544?ref_src=twsrc%5Etfw\" rel=\"nofollow noopener\" target=\"_blank\">October 1, 2025<\/a><\/p><\/blockquote>\n<p>La fracture est totale<\/p>\n<p>Depuis l\u2019annonce de la mise \u00e0 pied de <strong>Nicolas Nadau<\/strong>, l\u2019entra\u00eeneur des trois-quarts, c\u2019est bloc contre bloc. Le vestiaire s\u2019est rang\u00e9 derri\u00e8re son coach, suspendu apr\u00e8s des propos virulents envers le staff m\u00e9dical et <strong>Aubin Hueber<\/strong>, en pleine rencontre \u00e0 Brive. Si les mots de Nadau ont choqu\u00e9 en interne (et sur les ondes de Canal+), les joueurs, eux, n\u2019ont pas dig\u00e9r\u00e9 la sanction.<\/p>\n<p>R\u00e9sultat : <strong>plus aucun entra\u00eenement depuis mardi<\/strong>, et un groupe qui brandit la menace d\u2019un boycott du match contre Provence Rugby. Pour eux, ce n\u2019est pas juste une sanction de plus : c\u2019est la goutte de trop dans un club o\u00f9 le mal-\u00eatre couve depuis des mois.<\/p>\n<p>Provale, catalyseur de la r\u00e9volte<\/p>\n<p>Le mouvement s\u2019est rapidement structur\u00e9 autour de <strong>Provale<\/strong>, le syndicat des joueurs, qui a pris la parole mardi pour <strong>d\u00e9noncer des conditions de travail jug\u00e9es indignes d\u2019un club professionnel<\/strong>. Manque de respect, tensions internes, encadrement incomplet : le ton est dur, et tranche avec les r\u00e9actions habituelles, souvent feutr\u00e9es, de l\u2019institution.<\/p>\n<p>Le syndicat \u00e9vite de d\u00e9fendre frontalement Nadau, mais <strong>soutient sans r\u00e9serve le collectif<\/strong>, ce qui a suffi \u00e0 faire bondir l\u2019UCPR. Pour les pr\u00e9sidents, <strong>Provale franchit la ligne<\/strong> et s\u2019arroge un pouvoir de d\u00e9cision qui ne lui revient pas.<\/p>\n<p>Goffi droit dans ses bottes<\/p>\n<p>Du c\u00f4t\u00e9 de la direction grenobloise, <strong>aucune ouverture<\/strong>. Le pr\u00e9sident <strong>Patrick Goffi<\/strong> tient le cap. Pour lui, la sanction est justifi\u00e9e, et la fronde des joueurs ne changera rien. L\u2019incident de Brive, qui a valu \u00e0 Nadau un <strong>entretien disciplinaire pr\u00e9vu vendredi matin<\/strong>, a \u00e9t\u00e9 pris tr\u00e8s au s\u00e9rieux. Un rapport m\u00e9dical envoy\u00e9 \u00e0 la Ligue Nationale de Rugby confirme le caract\u00e8re inappropri\u00e9 des propos.<\/p>\n<p>Et pendant que la crise enfle, <strong>aucune solution alternative ne semble en pr\u00e9paration<\/strong>. Pas de renforts, pas de plan B. Si les pros ne jouent pas vendredi, le match pourrait tout simplement \u00eatre annul\u00e9.<\/p>\n<p>Vendredi, rugby ou chaos ?<\/p>\n<p>C\u2019est toute la question. Grenoble doit recevoir Provence Rugby <strong>ce vendredi soir au Stade des Alpes<\/strong>, mais la semaine a vir\u00e9 au chaos. Personne ne s\u2019est entra\u00een\u00e9 depuis mardi, le staff est r\u00e9duit, et la communication entre joueurs et direction semble rompue.<\/p>\n<p>Tout repose d\u00e9sormais sur l\u2019entretien de vendredi matin avec Nadau. Une lev\u00e9e de sanction pourrait apaiser les choses, mais pour l\u2019heure, <strong>le club refuse de faire marche arri\u00e8re<\/strong>. Si aucun compromis n\u2019est trouv\u00e9, <strong>la Pro D2 pourrait vivre sa premi\u00e8re gr\u00e8ve de joueurs en plein championnat<\/strong>.<\/p>\n<p>Un match en jeu, une saison en p\u00e9ril, une gouvernance \u00e9branl\u00e9e : Grenoble est sur un fil.<\/p>\n<p><img loading=\"lazy\" src=\"data:image\/svg+xml,%3Csvg%20xmlns=\" http:=\"\" height=\"100\" width=\"100\" class=\" sp-no-webp\" alt=\"whatsapp image 2024 07 31 at 09.08.32\" decoding=\"async\" data-lazy-src=\"https:\/\/www.europesays.com\/fr\/wp-content\/uploads\/2025\/04\/whatsapp-image-2024-07-31-at-09.08.32-e1727245864215.jpeg\"\/> <\/p>\n<p>J\u2019ai grandi dans une famille o\u00f9 le rugby \u00e9tait de tous les moments. J\u2019\u00e9tais au bord du terrain quand Castres a battu Pau et a rejoint l\u2019\u00e9lite, j\u2019\u00e9tais dans le Stade Pierre Antoine face \u00e0 Gary Whetton quand il a fait son Haka pour c\u00e9l\u00e9brer le Brennus de 1993 et j\u2019ai toujours \u00e9t\u00e9 berc\u00e9 des l\u00e9gendes de ce sport. Maintenant, c\u2019est avec XV Ovalie que j\u2019entends prolonger l\u2019aventure. #TeamCO<\/p>\n<p>\t\t<script async src=\"https:\/\/platform.twitter.com\/widgets.js\" charset=\"utf-8\"><\/script><\/p>\n","protected":false},"excerpt":{"rendered":"L\u2019affaire Nadau prend une nouvelle tournure \u00e0 Grenoble. Alors que les joueurs du FCG menacent toujours de faire&hellip;\n","protected":false},"author":2,"featured_media":223115,"comment_status":"","ping_status":"","sticky":false,"template":"","format":"standard","meta":{"footnotes":""},"categories":[9566],"tags":[1111,11,56088,2430,1777,674,32263,1011,27,2731,12,56089,2308,56090,25,56091],"class_list":{"0":"post-432878","1":"post","2":"type-post","3":"status-publish","4":"format-standard","5":"has-post-thumbnail","7":"category-grenoble","8":"tag-actu","9":"tag-actualites","10":"tag-aubin-hueber","11":"tag-auvergne-rhone-alpes","12":"tag-eu","13":"tag-europe","14":"tag-fcg","15":"tag-fr","16":"tag-france","17":"tag-grenoble","18":"tag-news","19":"tag-nicolas-nadau","20":"tag-pro-d2","21":"tag-provale","22":"tag-republique-francaise","23":"tag-ucpr"},"share_on_mastodon":{"url":"https:\/\/pubeurope.com\/@fr\/115302885205761317","error":""},"_links":{"self":[{"href":"https:\/\/www.europesays.com\/fr\/wp-json\/wp\/v2\/posts\/432878","targetHints":{"allow":["GET"]}}],"collection":[{"href":"https:\/\/www.europesays.com\/fr\/wp-json\/wp\/v2\/posts"}],"about":[{"href":"https:\/\/www.europesays.com\/fr\/wp-json\/wp\/v2\/types\/post"}],"author":[{"embeddable":true,"href":"https:\/\/www.europesays.com\/fr\/wp-json\/wp\/v2\/users\/2"}],"replies":[{"embeddable":true,"href":"https:\/\/www.europesays.com\/fr\/wp-json\/wp\/v2\/comments?post=432878"}],"version-history":[{"count":0,"href":"https:\/\/www.europesays.com\/fr\/wp-json\/wp\/v2\/posts\/432878\/revisions"}],"wp:featuredmedia":[{"embeddable":true,"href":"https:\/\/www.europesays.com\/fr\/wp-json\/wp\/v2\/media\/223115"}],"wp:attachment":[{"href":"https:\/\/www.europesays.com\/fr\/wp-json\/wp\/v2\/media?parent=432878"}],"wp:term":[{"taxonomy":"category","embeddable":true,"href":"https:\/\/www.europesays.com\/fr\/wp-json\/wp\/v2\/categories?post=432878"},{"taxonomy":"post_tag","embeddable":true,"href":"https:\/\/www.europesays.com\/fr\/wp-json\/wp\/v2\/tags?post=432878"}],"curies":[{"name":"wp","href":"https:\/\/api.w.org\/{rel}","templated":true}]}}