{"id":432879,"date":"2025-10-02T05:19:13","date_gmt":"2025-10-02T05:19:13","guid":{"rendered":"https:\/\/www.europesays.com\/fr\/432879\/"},"modified":"2025-10-02T05:19:13","modified_gmt":"2025-10-02T05:19:13","slug":"pourquoi-le-chu-de-rennes-va-realiser-des-analyses-adn-sur-plusieurs-centaines-de-bebes","status":"publish","type":"post","link":"https:\/\/www.europesays.com\/fr\/432879\/","title":{"rendered":"Pourquoi le CHU de Rennes va r\u00e9aliser des analyses ADN sur plusieurs centaines de b\u00e9b\u00e9s"},"content":{"rendered":"<p>2500 b\u00e9b\u00e9s &#8211; dont 1395 n\u00e9s dans le Grand Ouest &#8211; vont participer \u00e0 un vaste programme d\u2019analyse g\u00e9n\u00e9tique pour am\u00e9liorer le d\u00e9pistage n\u00e9onatal. Le projet baptis\u00e9 PERIGenOMedS propose d\u2019analyser le g\u00e9nome complet des nouveau-n\u00e9s afin de d\u00e9pister de nouvelles maladies rares. Dans le Grand Ouest, c\u2019est le CHU de Rennes qui coordonnera le projet avec la participation des CHU de Nantes et Angers.<\/p>\n<p>Actuellement, un d\u00e9pistage n\u00e9onatal est propos\u00e9 gratuitement aux parents de chaque nouveau-n\u00e9 environ 48 h apr\u00e8s leur naissance. Cette op\u00e9ration qui consiste en un pr\u00e9l\u00e8vement de quelques gouttes de sang au niveau du talon ou de la main du nouveau-n\u00e9 permet de d\u00e9tecter certaines maladies rares, s\u00e9v\u00e8res et le plus souvent g\u00e9n\u00e9tiques<\/p>\n<p>Optimiser la prise en charge m\u00e9dicale<\/p>\n<p>Sauf que cette m\u00e9thode permet de d\u00e9tecter seulement 16 maladies rares. Un chiffre encore insuffisant. En analysant le g\u00e9nome complet du nouveau-n\u00e9 gr\u00e2ce \u00e0 des approches biochimiques, les chercheurs pourront \u00e9tudier 800 g\u00e8nes d\u2019int\u00e9r\u00eat sur les nouveau-n\u00e9s et potentiellement d\u00e9pister 349 maladies rares traitables.<\/p>\n<p>\u00ab Cela serait une v\u00e9ritable r\u00e9volution dans le d\u00e9pistage n\u00e9onatal \u00bb, commente le Pr St\u00e9phane B\u00e9zieau, chef du service de g\u00e9n\u00e9tique m\u00e9dicale du CHU de Nantes. \u00ab En tenant compte de l\u2019exp\u00e9rience et du choix des familles de participer ou non au projet PERIGenOMedS, nous voulons \u00e9galement mieux comprendre les enjeux sociaux et \u00e9thiques que soul\u00e8ve le d\u00e9pistage n\u00e9onatal \u00bb, indique Pr Laurent Pasquier, service de g\u00e9n\u00e9tique clinique du CHU de Rennes et responsable du projetPERIGenOMedS.<\/p>\n<p>Les analyses g\u00e9n\u00e9tiques des 1 395 b\u00e9b\u00e9s inclus dans le Grand Ouest d\u00e9buteront au mois d\u2019octobre. Ils seront r\u00e9alis\u00e9s \u00e0 Nantes gr\u00e2ce \u00e0 la plateforme GenoA qui permet de r\u00e9aliser le s\u00e9quen\u00e7age du g\u00e9nome.<\/p>\n","protected":false},"excerpt":{"rendered":"2500 b\u00e9b\u00e9s &#8211; dont 1395 n\u00e9s dans le Grand Ouest &#8211; vont participer \u00e0 un vaste programme d\u2019analyse&hellip;\n","protected":false},"author":2,"featured_media":432880,"comment_status":"","ping_status":"","sticky":false,"template":"","format":"standard","meta":{"footnotes":""},"categories":[2821],"tags":[1111,11,829,1777,674,1011,27,848,12,584,25],"class_list":{"0":"post-432879","1":"post","2":"type-post","3":"status-publish","4":"format-standard","5":"has-post-thumbnail","7":"category-rennes","8":"tag-actu","9":"tag-actualites","10":"tag-bretagne","11":"tag-eu","12":"tag-europe","13":"tag-fr","14":"tag-france","15":"tag-ille-et-vilaine","16":"tag-news","17":"tag-rennes","18":"tag-republique-francaise"},"share_on_mastodon":{"url":"https:\/\/pubeurope.com\/@fr\/115302889111173120","error":""},"_links":{"self":[{"href":"https:\/\/www.europesays.com\/fr\/wp-json\/wp\/v2\/posts\/432879","targetHints":{"allow":["GET"]}}],"collection":[{"href":"https:\/\/www.europesays.com\/fr\/wp-json\/wp\/v2\/posts"}],"about":[{"href":"https:\/\/www.europesays.com\/fr\/wp-json\/wp\/v2\/types\/post"}],"author":[{"embeddable":true,"href":"https:\/\/www.europesays.com\/fr\/wp-json\/wp\/v2\/users\/2"}],"replies":[{"embeddable":true,"href":"https:\/\/www.europesays.com\/fr\/wp-json\/wp\/v2\/comments?post=432879"}],"version-history":[{"count":0,"href":"https:\/\/www.europesays.com\/fr\/wp-json\/wp\/v2\/posts\/432879\/revisions"}],"wp:featuredmedia":[{"embeddable":true,"href":"https:\/\/www.europesays.com\/fr\/wp-json\/wp\/v2\/media\/432880"}],"wp:attachment":[{"href":"https:\/\/www.europesays.com\/fr\/wp-json\/wp\/v2\/media?parent=432879"}],"wp:term":[{"taxonomy":"category","embeddable":true,"href":"https:\/\/www.europesays.com\/fr\/wp-json\/wp\/v2\/categories?post=432879"},{"taxonomy":"post_tag","embeddable":true,"href":"https:\/\/www.europesays.com\/fr\/wp-json\/wp\/v2\/tags?post=432879"}],"curies":[{"name":"wp","href":"https:\/\/api.w.org\/{rel}","templated":true}]}}