{"id":432881,"date":"2025-10-02T05:20:10","date_gmt":"2025-10-02T05:20:10","guid":{"rendered":"https:\/\/www.europesays.com\/fr\/432881\/"},"modified":"2025-10-02T05:20:10","modified_gmt":"2025-10-02T05:20:10","slug":"un-million-deuros-investi-pour-securiser-lentree-de-cette-ville","status":"publish","type":"post","link":"https:\/\/www.europesays.com\/fr\/432881\/","title":{"rendered":"un million d&rsquo;euros investi pour s\u00e9curiser l&rsquo;entr\u00e9e de cette ville"},"content":{"rendered":"<p>            Par<br \/>\n        <strong><br \/>\n            <a href=\"https:\/\/actu.fr\/auteur\/redaction-jv\" title=\"Consulter tous les articles de R\u00e9daction Vitr\u00e9\" rel=\"nofollow noopener\" target=\"_blank\">R\u00e9daction Vitr\u00e9<\/a><br \/>\n        <\/strong><\/p>\n<p>        Publi\u00e9 le<\/p>\n<p>            2 oct. 2025 \u00e0 7h16        <\/p>\n<p>\u00ab Un projet qui redessine l\u2019entr\u00e9e principale de Servon, sur cette art\u00e8re primaire. \u00bb<\/p>\n<p class=\" wall-content\">Melaine Morin, <b>maire de Servon-sur-Vilaine<\/b> (Ille-et-Vilaine), d\u00e9finit ainsi ce nouveau projet situ\u00e9 rue Charles-Brisou, avenue reliant l\u2019espace nautique sur la Vilaine au carrefour du centre bourg, pr\u00e8s de la pizzeria et de la <b>boulangerie Le grenier \u00e0 pain<\/b>.<\/p>\n<p class=\" wall-content\">Ce r\u00e9am\u00e9nagement survient \u00e0 de \u00ab nombreuses demandes d\u2019habitants, afin de s\u00e9curiser les d\u00e9placements des pi\u00e9tons et cyclistes, les voitures stationn\u00e9es le long du trottoir, et r\u00e9duire la vitesse des v\u00e9hicules de la RD 101 \u00bb.<\/p>\n<p>Deux ronds-points cr\u00e9\u00e9s<\/p>\n<p class=\" wall-content\">Ces crit\u00e8res ont \u00e9t\u00e9 pris en compte par l<b>\u2018Atelier du Marais<\/b>, ma\u00eetre d\u2019\u0153uvre de ce projet. Deux ronds-points seront cr\u00e9\u00e9s pour s\u00e9curiser et fluidifier la circulation, ainsi que deux plateaux limiteurs de vitesse, qui faciliteront l\u2019acc\u00e8s aux commerces.<\/p>\n<p class=\" wall-content\">Une voie verte, parall\u00e8le \u00e0 la <b>rue Brisou<\/b>, ainsi qu\u2019une continuit\u00e9 des itin\u00e9raires cycles et pi\u00e9tons sera mise en place.<\/p>\n<p>Vid\u00e9os : en ce moment sur Actu<\/p>\n<p class=\" wall-content\">Six places de stationnement seront cr\u00e9\u00e9es c\u00f4t\u00e9 sud de l\u2019all\u00e9e du ch\u00e2teau et 23 places apr\u00e8s r\u00e9am\u00e9nagement du parking o\u00f9 les arbres seront conserv\u00e9s et le rev\u00eatement en pav\u00e9 enherb\u00e9 favorisant la perm\u00e9abilit\u00e9 des sols.<\/p>\n<p class=\" wall-content\">Les r\u00e9seaux d\u2019eaux pluviales, d\u2019eaux us\u00e9es et des chambres T\u00e9l\u00e9com seront modernis\u00e9s. Le co\u00fbt du projet est estim\u00e9 \u00e0 1 102 000\u00a0\u20ac TTC. Des subventions sont demand\u00e9es au <b>Pays de Ch\u00e2teaugiron communaut\u00e9 et au D\u00e9partement<\/b>. Les travaux devraient s\u2019effectuer sur une p\u00e9riode de 6\u00a0mois pour se terminer fin 2026.<\/p>\n<p class=\" wall-content\">Personnalisez votre actualit\u00e9 en ajoutant vos villes et m\u00e9dias en favori avec <a href=\"https:\/\/moncompte.actu.fr\" title=\"D\u00e9couvez Mon Actu\" rel=\"nofollow noopener\" data-trk=\"{&quot;cta&quot;:{&quot;action&quot;:&quot;https:\\\/\\\/moncompte.actu.fr&quot;,&quot;category&quot;:&quot;mon compte&quot;,&quot;from&quot;:&quot;article footer&quot;,&quot;name&quot;:&quot;Mon actu&quot;,&quot;type&quot;:&quot;cta&quot;}}\" target=\"_blank\">Mon Actu<\/a>.<\/p>\n","protected":false},"excerpt":{"rendered":"Par R\u00e9daction Vitr\u00e9 Publi\u00e9 le 2 oct. 2025 \u00e0 7h16 \u00ab Un projet qui redessine l\u2019entr\u00e9e principale de&hellip;\n","protected":false},"author":2,"featured_media":432882,"comment_status":"","ping_status":"","sticky":false,"template":"","format":"standard","meta":{"footnotes":""},"categories":[2821],"tags":[1111,11,829,1777,674,1011,27,12,584,25,104,2086],"class_list":{"0":"post-432881","1":"post","2":"type-post","3":"status-publish","4":"format-standard","5":"has-post-thumbnail","7":"category-rennes","8":"tag-actu","9":"tag-actualites","10":"tag-bretagne","11":"tag-eu","12":"tag-europe","13":"tag-fr","14":"tag-france","15":"tag-news","16":"tag-rennes","17":"tag-republique-francaise","18":"tag-societe","19":"tag-travaux"},"share_on_mastodon":{"url":"https:\/\/pubeurope.com\/@fr\/115302893097836989","error":""},"_links":{"self":[{"href":"https:\/\/www.europesays.com\/fr\/wp-json\/wp\/v2\/posts\/432881","targetHints":{"allow":["GET"]}}],"collection":[{"href":"https:\/\/www.europesays.com\/fr\/wp-json\/wp\/v2\/posts"}],"about":[{"href":"https:\/\/www.europesays.com\/fr\/wp-json\/wp\/v2\/types\/post"}],"author":[{"embeddable":true,"href":"https:\/\/www.europesays.com\/fr\/wp-json\/wp\/v2\/users\/2"}],"replies":[{"embeddable":true,"href":"https:\/\/www.europesays.com\/fr\/wp-json\/wp\/v2\/comments?post=432881"}],"version-history":[{"count":0,"href":"https:\/\/www.europesays.com\/fr\/wp-json\/wp\/v2\/posts\/432881\/revisions"}],"wp:featuredmedia":[{"embeddable":true,"href":"https:\/\/www.europesays.com\/fr\/wp-json\/wp\/v2\/media\/432882"}],"wp:attachment":[{"href":"https:\/\/www.europesays.com\/fr\/wp-json\/wp\/v2\/media?parent=432881"}],"wp:term":[{"taxonomy":"category","embeddable":true,"href":"https:\/\/www.europesays.com\/fr\/wp-json\/wp\/v2\/categories?post=432881"},{"taxonomy":"post_tag","embeddable":true,"href":"https:\/\/www.europesays.com\/fr\/wp-json\/wp\/v2\/tags?post=432881"}],"curies":[{"name":"wp","href":"https:\/\/api.w.org\/{rel}","templated":true}]}}