{"id":432883,"date":"2025-10-02T05:21:11","date_gmt":"2025-10-02T05:21:11","guid":{"rendered":"https:\/\/www.europesays.com\/fr\/432883\/"},"modified":"2025-10-02T05:21:11","modified_gmt":"2025-10-02T05:21:11","slug":"strasbourg-un-evenement-caritatif-perturbera-la-circulation-ce-dimanche-voici-ou","status":"publish","type":"post","link":"https:\/\/www.europesays.com\/fr\/432883\/","title":{"rendered":"Strasbourg. Un \u00e9v\u00e8nement caritatif perturbera la circulation ce dimanche : voici o\u00f9"},"content":{"rendered":"<p>            Par<br \/>\n        <strong><br \/>\n            <a href=\"https:\/\/actu.fr\/auteur\/thomas-blanc\" title=\"Consulter tous les articles de Thomas Blanc\" target=\"_blank\" rel=\"noopener\">Thomas Blanc<\/a><br \/>\n        <\/strong><\/p>\n<p>        Publi\u00e9 le<\/p>\n<p>            2 oct. 2025 \u00e0 7h02        <\/p>\n<p>Dimanche 5 octobre 2025, les runners s\u2019en donneront \u00e0 c\u0153ur joie dans les rues de la capitale alsacienne dans le cadre de <strong>La Strasbourgeoise, la course contre le cancer du sein,<\/strong> durant ce mois d\u2019<a href=\"https:\/\/actu.fr\/tag\/octobre-rose\" target=\"_blank\" rel=\"noopener\">Octobre Rose<\/a>.<\/p>\n<p class=\" wall-content\">Si les courageux qui enfileront leurs baskets circuleront \u00e0 leur guise dans <a href=\"https:\/\/actu.fr\/strasbourg\/\" target=\"_blank\" rel=\"noopener\">Strasbourg<\/a>, ceux qui comptent passer un dimanche comme les autres feront face aux <strong>perturbations sur les routes et sur le tramway<\/strong> mises en place pour le bon d\u00e9roulement de la course. \u00a0<\/p>\n<p>Des perturbations pr\u00e9vues pour la Strasbourgeoise<\/p>\n<p class=\" wall-content\">Le jour de la course, il sera <strong>impossible de prendre les lignes de tramway A et D<\/strong> aux stations Grand\u2019Rue, Porte de l\u2019H\u00f4pital et Etoile Bourse, et ce, de 9h00 \u00e0 10h15.<\/p>\n<p class=\" wall-content\">Tous les axes emprunt\u00e9s par la course <strong>seront ferm\u00e9s \u00e0 la circulation d\u00e8s 8h15<\/strong> le dimanche 5 octobre au matin. Exception faite de la zone de d\u00e9part, quai du G\u00e9n\u00e9ral Koening o\u00f9 la circulation sera interrompue <strong>d\u00e8s 5h du matin<\/strong>.\u00a0<\/p>\n<p>    <img   decoding=\"async\" loading=\"lazy\" src=\"https:\/\/www.europesays.com\/fr\/wp-content\/uploads\/2025\/10\/sans-titre-960x640.jpg\" alt=\"Parcours de la course La Strasbourgeoise 2025.\" width=\"960\" height=\"640\"\/><br \/>\n    Parcours de la course La Strasbourgeoise 2025. (\u00a9La Strasbourgeoise.)Plus de 500 000 euros d\u00e9j\u00e0 revers\u00e9s<\/p>\n<p class=\" wall-content\">La carte du parcours, identique \u00e0 celui des derni\u00e8res \u00e9ditions, est \u00e9galement disponible <a href=\"https:\/\/lastrasbourgeoise.eu\/wp-content\/uploads\/2024\/09\/plan-INFO-Parcours-zone-attente-village-_-STGEOISE-2024-BD.pdf\" target=\"_blank\" rel=\"noopener\">en suivant ce lien<\/a>.\u00a0<\/p>\n<p class=\" wall-content\">De nombreuses animations seront propos\u00e9es au niveau du \u00ab\u00a0village\u00a0\u00bb de la course situ\u00e9 <strong>place Kl\u00e9ber<\/strong> d\u00e8s le vendredi 3 octobre. Il sera \u00e9galement possible d\u2019y proc\u00e9der \u00e0 son inscription de derni\u00e8re minute.<\/p>\n<p>Votre r\u00e9gion, votre actu !<\/p>\n<p>Recevez chaque jour les infos qui comptent pour vous.<\/p>\n<p>\t<a href=\"https:\/\/actu.fr\/newsletter\" class=\"ac-btn ac-btn--corner ac-btn--medium ac-btn--blue800\" target=\"_blank\" rel=\"noopener\">S&rsquo;incrire<\/a><\/p>\n<p class=\" wall-content\">Depuis sa cr\u00e9ation en 2010 La Strasbourgeoise a permis de reverser plus de <strong>572 098 euros \u00e0 la lutte contre le cancer du sein<\/strong>.<\/p>\n<p class=\" wall-content\">Personnalisez votre actualit\u00e9 en ajoutant vos villes et m\u00e9dias en favori avec <a href=\"https:\/\/moncompte.actu.fr\" title=\"D\u00e9couvez Mon Actu\" rel=\"nofollow noopener\" data-trk=\"{&quot;cta&quot;:{&quot;action&quot;:&quot;https:\\\/\\\/moncompte.actu.fr&quot;,&quot;category&quot;:&quot;mon compte&quot;,&quot;from&quot;:&quot;article footer&quot;,&quot;name&quot;:&quot;Mon actu&quot;,&quot;type&quot;:&quot;cta&quot;}}\" target=\"_blank\">Mon Actu<\/a>.<\/p>\n","protected":false},"excerpt":{"rendered":"Par Thomas Blanc Publi\u00e9 le 2 oct. 2025 \u00e0 7h02 Dimanche 5 octobre 2025, les runners s\u2019en donneront&hellip;\n","protected":false},"author":2,"featured_media":432884,"comment_status":"","ping_status":"","sticky":false,"template":"","format":"standard","meta":{"footnotes":""},"categories":[2820],"tags":[1111,11,3542,1777,674,3696,1011,27,775,12,54321,25,640],"class_list":{"0":"post-432883","1":"post","2":"type-post","3":"status-publish","4":"format-standard","5":"has-post-thumbnail","7":"category-strasbourg","8":"tag-actu","9":"tag-actualites","10":"tag-circulation","11":"tag-eu","12":"tag-europe","13":"tag-evenements","14":"tag-fr","15":"tag-france","16":"tag-grand-est","17":"tag-news","18":"tag-octobre-rose","19":"tag-republique-francaise","20":"tag-strasbourg"},"share_on_mastodon":{"url":"https:\/\/pubeurope.com\/@fr\/115302897786418108","error":""},"_links":{"self":[{"href":"https:\/\/www.europesays.com\/fr\/wp-json\/wp\/v2\/posts\/432883","targetHints":{"allow":["GET"]}}],"collection":[{"href":"https:\/\/www.europesays.com\/fr\/wp-json\/wp\/v2\/posts"}],"about":[{"href":"https:\/\/www.europesays.com\/fr\/wp-json\/wp\/v2\/types\/post"}],"author":[{"embeddable":true,"href":"https:\/\/www.europesays.com\/fr\/wp-json\/wp\/v2\/users\/2"}],"replies":[{"embeddable":true,"href":"https:\/\/www.europesays.com\/fr\/wp-json\/wp\/v2\/comments?post=432883"}],"version-history":[{"count":0,"href":"https:\/\/www.europesays.com\/fr\/wp-json\/wp\/v2\/posts\/432883\/revisions"}],"wp:featuredmedia":[{"embeddable":true,"href":"https:\/\/www.europesays.com\/fr\/wp-json\/wp\/v2\/media\/432884"}],"wp:attachment":[{"href":"https:\/\/www.europesays.com\/fr\/wp-json\/wp\/v2\/media?parent=432883"}],"wp:term":[{"taxonomy":"category","embeddable":true,"href":"https:\/\/www.europesays.com\/fr\/wp-json\/wp\/v2\/categories?post=432883"},{"taxonomy":"post_tag","embeddable":true,"href":"https:\/\/www.europesays.com\/fr\/wp-json\/wp\/v2\/tags?post=432883"}],"curies":[{"name":"wp","href":"https:\/\/api.w.org\/{rel}","templated":true}]}}