{"id":432885,"date":"2025-10-02T05:22:21","date_gmt":"2025-10-02T05:22:21","guid":{"rendered":"https:\/\/www.europesays.com\/fr\/432885\/"},"modified":"2025-10-02T05:22:21","modified_gmt":"2025-10-02T05:22:21","slug":"lhomme-qui-a-echappe-aux-flammes-se-livre-devant-la-cours-dassises","status":"publish","type":"post","link":"https:\/\/www.europesays.com\/fr\/432885\/","title":{"rendered":"l&rsquo;homme qui a \u00e9chapp\u00e9 aux flammes se livre devant la cours d&rsquo;assises"},"content":{"rendered":"<p>Des cris ont d\u00e9chir\u00e9 sa nuit. \u00ab\u00a0Tu vas crever connard\u00a0\u00bb. Le 5\u00a0mai 2022, vers 5\u00a0h\u00a045 du matin, l\u2019occupant d\u2019un camping-car en feu est r\u00e9veill\u00e9 par les flammes. L\u2019homme de 52 ans, qui a r\u00e9ussi \u00e0 s\u2019extirper \u00e0 temps, s\u2019est retrouv\u00e9 nu, sur la place de Bordeaux, en face des locaux de la cha\u00eene France 3. Impuissant et sous le choc, il a assist\u00e9 au spectacle douloureux de voir partir en fum\u00e9e \u00ab\u00a0tout ce qui lui restait\u00a0\u00bb.<\/p>\n<p>Une altercation cinq heures avant les faits<\/p>\n<p>La nuit des faits, vers 1\u00a0h\u00a030, un homme avait r\u00e9ussi \u00e0 s\u2019introduire dans son v\u00e9hicule alors qu\u2019il s\u2019y trouvait. La victime avait d\u00fb user de sa force pour le faire&#8230;<\/p>\n","protected":false},"excerpt":{"rendered":"Des cris ont d\u00e9chir\u00e9 sa nuit. \u00ab\u00a0Tu vas crever connard\u00a0\u00bb. Le 5\u00a0mai 2022, vers 5\u00a0h\u00a045 du matin, l\u2019occupant&hellip;\n","protected":false},"author":2,"featured_media":432886,"comment_status":"","ping_status":"","sticky":false,"template":"","format":"standard","meta":{"footnotes":""},"categories":[2820],"tags":[1111,11,2389,2649,271,272,2880,1777,674,274,107,1011,27,775,1310,12,25,640,2879],"class_list":{"0":"post-432885","1":"post","2":"type-post","3":"status-publish","4":"format-standard","5":"has-post-thumbnail","7":"category-strasbourg","8":"tag-actu","9":"tag-actualites","10":"tag-alsace","11":"tag-bas-rhin","12":"tag-crime","13":"tag-delit-et-contravention","14":"tag-edition-strasbourg","15":"tag-eu","16":"tag-europe","17":"tag-faits-divers-justice","18":"tag-fil-info","19":"tag-fr","20":"tag-france","21":"tag-grand-est","22":"tag-incendie","23":"tag-news","24":"tag-republique-francaise","25":"tag-strasbourg","26":"tag-strasbourg-ville"},"share_on_mastodon":{"url":"https:\/\/pubeurope.com\/@fr\/115302900978253424","error":""},"_links":{"self":[{"href":"https:\/\/www.europesays.com\/fr\/wp-json\/wp\/v2\/posts\/432885","targetHints":{"allow":["GET"]}}],"collection":[{"href":"https:\/\/www.europesays.com\/fr\/wp-json\/wp\/v2\/posts"}],"about":[{"href":"https:\/\/www.europesays.com\/fr\/wp-json\/wp\/v2\/types\/post"}],"author":[{"embeddable":true,"href":"https:\/\/www.europesays.com\/fr\/wp-json\/wp\/v2\/users\/2"}],"replies":[{"embeddable":true,"href":"https:\/\/www.europesays.com\/fr\/wp-json\/wp\/v2\/comments?post=432885"}],"version-history":[{"count":0,"href":"https:\/\/www.europesays.com\/fr\/wp-json\/wp\/v2\/posts\/432885\/revisions"}],"wp:featuredmedia":[{"embeddable":true,"href":"https:\/\/www.europesays.com\/fr\/wp-json\/wp\/v2\/media\/432886"}],"wp:attachment":[{"href":"https:\/\/www.europesays.com\/fr\/wp-json\/wp\/v2\/media?parent=432885"}],"wp:term":[{"taxonomy":"category","embeddable":true,"href":"https:\/\/www.europesays.com\/fr\/wp-json\/wp\/v2\/categories?post=432885"},{"taxonomy":"post_tag","embeddable":true,"href":"https:\/\/www.europesays.com\/fr\/wp-json\/wp\/v2\/tags?post=432885"}],"curies":[{"name":"wp","href":"https:\/\/api.w.org\/{rel}","templated":true}]}}