{"id":432891,"date":"2025-10-02T05:25:15","date_gmt":"2025-10-02T05:25:15","guid":{"rendered":"https:\/\/www.europesays.com\/fr\/432891\/"},"modified":"2025-10-02T05:25:15","modified_gmt":"2025-10-02T05:25:15","slug":"les-dechets-sauvages-sont-recurrents-dans-cette-rue-pres-de-nantes-des-riverains-sont-excedes","status":"publish","type":"post","link":"https:\/\/www.europesays.com\/fr\/432891\/","title":{"rendered":"les d\u00e9chets sauvages sont r\u00e9currents dans cette rue pr\u00e8s de Nantes, des riverains sont exc\u00e9d\u00e9s"},"content":{"rendered":"<p>            Par<br \/>\n        <strong><br \/>\n            <a href=\"https:\/\/actu.fr\/auteur\/thomas-bernard\" title=\"Consulter tous les articles de Thomas Bernard\" target=\"_blank\" rel=\"noopener\">Thomas Bernard<\/a><br \/>\n        <\/strong><\/p>\n<p>        Publi\u00e9 le<\/p>\n<p>            2 oct. 2025 \u00e0 6h46        <\/p>\n<p>\u00ab\u2009J\u2019en ai marre.\u2009\u00bb Ces propos traduisent la lassitude de riverains de la rue \u00c9mile-Blandin \u00e0 <a href=\"https:\/\/actu.fr\/pays-de-la-loire\/reze_44143\" target=\"_blank\" rel=\"noopener\">Rez\u00e9<\/a>, au sud de Nantes. Depuis plusieurs mois, <strong>la pr\u00e9sence de d\u00e9chets sauvages au pied d\u2019un immeuble est devenue monnaie courante<\/strong>. \u00ab\u2009C\u2019est r\u00e9current. Les d\u00e9chets sont enlev\u00e9s, mais ils reviennent constamment\u2009\u00bb, enrage une voisine*. Une situation qui exasp\u00e8re les habitants du quartier.<\/p>\n<p>Un d\u00e9p\u00f4t sauvage de d\u00e9chets \u00e0 c\u00f4t\u00e9 d\u2019une \u00e9cole<\/p>\n<p class=\" wall-content\">En mars dernier, la r\u00e9daction d\u2019<a href=\"https:\/\/actu.fr\/nantes\/\" target=\"_blank\" rel=\"noopener\">actu Nantes<\/a> est alert\u00e9e par une publication sur les r\u00e9seaux sociaux faisant \u00e9tat d\u2019un d\u00e9p\u00f4t sauvage de d\u00e9chets, rue \u00c9mile-Blandin. D\u00e9j\u00e0 \u00e0 l\u2019\u00e9poque, des habitants d\u00e9non\u00e7aient ces incivilit\u00e9s. \u00ab\u2009C\u2019est catastrophique depuis au moins un an\u2009\u00bb, nous confiait une propri\u00e9taire, install\u00e9e dans le quartier rez\u00e9en depuis sept ans.<\/p>\n<p class=\" wall-content\">Apr\u00e8s notre passage dans la rue \u00c9mile-Blandin nous avions contact\u00e9 la Ville de Rez\u00e9 pour faire un point sur la situation. Nous avons attendu le retour de la collectivit\u00e9 pour publier notre article. Au moment de la r\u00e9ception de la r\u00e9ponse, les d\u00e9chets avaient \u00e9t\u00e9 enlev\u00e9s. D\u00e8s lors, nous avions pris la d\u00e9cision de ne pas publier l\u2019article.<\/p>\n<p class=\" wall-content\">Depuis mars, <strong>les d\u00e9p\u00f4ts sauvages sont de retour<\/strong>. Les d\u00e9chets s\u2019empilent particuli\u00e8rement depuis la rentr\u00e9e.<\/p>\n<p class=\" wall-content\">Cartons, sacs-poubelle \u00e9ventr\u00e9s, couches usag\u00e9es ou mobiliers, les ordures sont nombreuses au pied des immeubles. \u00ab\u2009On a d\u00e9j\u00e0 vu des gens vider leur sac-poubelle\u2009\u00bb, t\u00e9moigne un riverain.<\/p>\n<p>    <img   decoding=\"async\" loading=\"lazy\" src=\"https:\/\/www.europesays.com\/fr\/wp-content\/uploads\/2025\/10\/depot-dechets-sauvages-reze-mars-2025-960x640.jpg\" alt=\"En mars dernier, des ordures \u00e9taient jet\u00e9es au pied des habitations. \" width=\"960\" height=\"640\"\/><br \/>\n    En mars dernier, des ordures \u00e9taient jet\u00e9es au pied des habitations. (\u00a9Archives Thomas Bernard \/ actu Nantes)<\/p>\n<p class=\" wall-content\">Selon les dires des habitants, il n\u2019est pas <strong>rare de voir des personnes s\u2019arr\u00eater en voiture pour d\u00e9poser leurs encombrants<\/strong> dans la rue \u00c9mile-Blandin.<\/p>\n<p>Votre r\u00e9gion, votre actu !<\/p>\n<p>Recevez chaque jour les infos qui comptent pour vous.<\/p>\n<p>\t<a href=\"https:\/\/actu.fr\/newsletter\" class=\"ac-btn ac-btn--corner ac-btn--medium ac-btn--blue800\" target=\"_blank\" rel=\"noopener\">S&rsquo;incrire<\/a><\/p>\n<p class=\" wall-content\">Un cadre qui ne ravit pas les parents d\u2019\u00e9l\u00e8ves de l\u2019\u00e9cole Ouche-Dinier, <strong>\u00e9tablissement scolaire situ\u00e9 \u00e0 une dizaine de m\u00e8tres du d\u00e9p\u00f4t sauvage<\/strong>. \u00ab\u2009Les enfants passent devant tous les matins. Cela ne donne pas une bonne image de la rue\u2009\u00bb, s\u2019indigne une riveraine.<\/p>\n<p>Des PV r\u00e9dig\u00e9s par la police municipale<\/p>\n<p class=\" wall-content\">Les riverains interrog\u00e9s indiquent avoir contact\u00e9 les services municipaux et de Nantes M\u00e9tropole face \u00e0 cette probl\u00e9matique.<\/p>\n<p class=\" wall-content\">\u00ab\u2009La police municipale de Rez\u00e9 est en effet r\u00e9guli\u00e8rement saisie sur cette probl\u00e9matique. La Ville est en contact avec Nantes M\u00e9tropole, qui est en charge de l\u2019enl\u00e8vement des d\u00e9chets. Sur le d\u00e9p\u00f4t de d\u00e9chets sauvage rue \u00c9mile-Blandin, il s\u2019agit ici, la plupart du temps, <strong>de d\u00e9p\u00f4ts sur une parcelle priv\u00e9e. La m\u00e9tropole est en contact avec le syndic qui a la charge de l\u2019entretien de cet espace\u2009\u00bb<\/strong>, confirme la Ville de Rez\u00e9, contact\u00e9e en mars dernier.<\/p>\n<p class=\" wall-content\">Des agents municipaux ont retrouv\u00e9 des identit\u00e9s et des adresses dans les d\u00e9chets. Selon nos informations, <strong>des proc\u00e8s-verbaux d\u2019infraction ont \u00e9t\u00e9 r\u00e9dig\u00e9s<\/strong>. Pour autant, \u00ab\u2009cette d\u00e9charge \u00e0 ciel ouvert\u2009\u00bb revient inlassablement.<\/p>\n<p class=\" wall-content\">\u00ab\u2009J\u2019en ai ras le bol. Quand je dois d\u00e9poser des encombrants je vais \u00e0 la d\u00e9chetterie\u2009\u00bb, enrage une habitante d\u2019une maison voisine qui d\u00e9plore \u00ab\u2009l\u2019incivilit\u00e9\u2009\u00bb des responsables. Face \u00e0 cette r\u00e9currence,<strong> certains habitants envisagent de d\u00e9m\u00e9nager,<\/strong> d\u2019autres ne savent plus quoi faire. \u00ab\u2009Je n\u2019ai pas de solution pour mettre fin \u00e0 ce probl\u00e8me\u2009\u00bb, conclut d\u00e9sabus\u00e9e une riveraine.<\/p>\n<p class=\" wall-content\">*Les personnes interrog\u00e9es ont souhait\u00e9 pr\u00e9server leur anonymat<\/p>\n<p class=\" wall-content\">Personnalisez votre actualit\u00e9 en ajoutant vos villes et m\u00e9dias en favori avec <a href=\"https:\/\/moncompte.actu.fr\" title=\"D\u00e9couvez Mon Actu\" rel=\"nofollow noopener\" data-trk=\"{&quot;cta&quot;:{&quot;action&quot;:&quot;https:\\\/\\\/moncompte.actu.fr&quot;,&quot;category&quot;:&quot;mon compte&quot;,&quot;from&quot;:&quot;article footer&quot;,&quot;name&quot;:&quot;Mon actu&quot;,&quot;type&quot;:&quot;cta&quot;}}\" target=\"_blank\">Mon Actu<\/a>.<\/p>\n","protected":false},"excerpt":{"rendered":"Par Thomas Bernard Publi\u00e9 le 2 oct. 2025 \u00e0 6h46 \u00ab\u2009J\u2019en ai marre.\u2009\u00bb Ces propos traduisent la lassitude&hellip;\n","protected":false},"author":2,"featured_media":432892,"comment_status":"","ping_status":"","sticky":false,"template":"","format":"standard","meta":{"footnotes":""},"categories":[2818],"tags":[1111,11,3008,1777,674,1011,27,766,12,2636,25,104],"class_list":{"0":"post-432891","1":"post","2":"type-post","3":"status-publish","4":"format-standard","5":"has-post-thumbnail","7":"category-nantes","8":"tag-actu","9":"tag-actualites","10":"tag-dechets","11":"tag-eu","12":"tag-europe","13":"tag-fr","14":"tag-france","15":"tag-nantes","16":"tag-news","17":"tag-pays-de-la-loire","18":"tag-republique-francaise","19":"tag-societe"},"share_on_mastodon":{"url":"https:\/\/pubeurope.com\/@fr\/115302913239952854","error":""},"_links":{"self":[{"href":"https:\/\/www.europesays.com\/fr\/wp-json\/wp\/v2\/posts\/432891","targetHints":{"allow":["GET"]}}],"collection":[{"href":"https:\/\/www.europesays.com\/fr\/wp-json\/wp\/v2\/posts"}],"about":[{"href":"https:\/\/www.europesays.com\/fr\/wp-json\/wp\/v2\/types\/post"}],"author":[{"embeddable":true,"href":"https:\/\/www.europesays.com\/fr\/wp-json\/wp\/v2\/users\/2"}],"replies":[{"embeddable":true,"href":"https:\/\/www.europesays.com\/fr\/wp-json\/wp\/v2\/comments?post=432891"}],"version-history":[{"count":0,"href":"https:\/\/www.europesays.com\/fr\/wp-json\/wp\/v2\/posts\/432891\/revisions"}],"wp:featuredmedia":[{"embeddable":true,"href":"https:\/\/www.europesays.com\/fr\/wp-json\/wp\/v2\/media\/432892"}],"wp:attachment":[{"href":"https:\/\/www.europesays.com\/fr\/wp-json\/wp\/v2\/media?parent=432891"}],"wp:term":[{"taxonomy":"category","embeddable":true,"href":"https:\/\/www.europesays.com\/fr\/wp-json\/wp\/v2\/categories?post=432891"},{"taxonomy":"post_tag","embeddable":true,"href":"https:\/\/www.europesays.com\/fr\/wp-json\/wp\/v2\/tags?post=432891"}],"curies":[{"name":"wp","href":"https:\/\/api.w.org\/{rel}","templated":true}]}}