{"id":432893,"date":"2025-10-02T05:26:22","date_gmt":"2025-10-02T05:26:22","guid":{"rendered":"https:\/\/www.europesays.com\/fr\/432893\/"},"modified":"2025-10-02T05:26:22","modified_gmt":"2025-10-02T05:26:22","slug":"marathon-de-nantes-44eme-edition-le-26-avril-2026","status":"publish","type":"post","link":"https:\/\/www.europesays.com\/fr\/432893\/","title":{"rendered":"Marathon de Nantes : 44\u00e8me \u00e9dition le 26 avril 2026"},"content":{"rendered":"<p><strong>Abalone Marathon de Nantes 2026\u00a0: un succ\u00e8s fulgurant d\u00e8s l\u2019ouverture des inscriptions<\/strong><br class=\"autobr\"\/><br \/>\n\u00c0 peine ouvertes, les inscriptions pour la 44\u00e8me \u00e9dition de l\u2019Abalone Marathon de Nantes (25 &amp; 26 avril 2026) suscitent un engouement exceptionnel.<\/p>\n<p><strong>17000 coureurs inscrits en moins de 72 heures<\/strong><br class=\"autobr\"\/><br \/>\nLes inscriptions de cette 44\u00e8me \u00e9dition ont ouvert officiellement lundi 15 septembre \u00e0 12h. Le Semi-Marathon a rencontr\u00e9 un succ\u00e8s sans pr\u00e9c\u00e9dent\u00a0: les 7000 dossards disponibles se sont envol\u00e9s en seulement quelques heures apr\u00e8s l\u2019ouverture officielle.<\/p>\n<p>Les Foul\u00e9es de l\u2019\u00c9l\u00e9phant by Decathlon (10 km) affichent \u00e9galement complet depuis mi-septembre tandis que le Marathon individuel enregistre d\u00e9j\u00e0 8 fois plus d\u2019inscrits qu\u2019\u00e0 la m\u00eame p\u00e9riode l\u2019an dernier. Des chiffres impressionnants qui prouvent \u00e0 quel point l\u2019Abalone Marathon de Nantes est devenu le rendez-vous running majeur de l\u2019Ouest.<\/p>\n<p>Cet engouement s\u2019explique notamment par le succ\u00e8s massif des inscriptions en avant premi\u00e8re, qui offraient aux coureurs pr\u00e9inscrits un acc\u00e8s privil\u00e9gi\u00e9 \u00e0 la plateforme trois jours avant le grand public.<\/p>\n<p>Face au succ\u00e8s des pr\u00e9c\u00e9dentes ann\u00e9es, les organisateurs ont d\u00e9cid\u00e9 d\u2019augmenter la jauge du Marathon, passant de 5500 \u00e0 7000 dossards, afin de permettre \u00e0 un plus grand nombre de participants de vivre cette exp\u00e9rience unique sur la distance reine.<\/p>\n<p>Les coureurs retrouveront les 4 \u00e9preuves habituelles et peuvent s\u2019inscrire sur marathondenantes.com<\/p>\n<p>Marathon\u00a0: La distance mythique<br class=\"autobr\"\/><br \/>\n42,195 km<br class=\"autobr\"\/><br \/>\nD\u00e9part\u00a0: Les Machines de l\u2019Ile<br class=\"autobr\"\/><br \/>\nArriv\u00e9e\u00a0: Parc des Expositions de La Beaujoire<br class=\"autobr\"\/><br \/>\n\u00c9preuve limit\u00e9e \u00e0 7000 dossards<\/p>\n<p>Semi-Marathon\u00a0: Le semi le plus attendu<br class=\"autobr\"\/><br \/>\n21,1 km<br class=\"autobr\"\/><br \/>\nD\u00e9part\u00a0: Les Machines de l\u2019Ile<br class=\"autobr\"\/><br \/>\nArriv\u00e9e\u00a0: Parc des Expositions de La Beaujoire<br class=\"autobr\"\/><br \/>\n\u00c9preuve limit\u00e9e \u00e0 7000 dossards<\/p>\n<p>Les Foul\u00e9es de l\u2019\u00e9l\u00e9phant\u00a0: L\u2019\u00e9preuve survolt\u00e9e<br class=\"autobr\"\/><br \/>\n10 km<br class=\"autobr\"\/><br \/>\nD\u00e9part\u00a0: Les Machines de l\u2019Ile<br class=\"autobr\"\/><br \/>\nArriv\u00e9e\u00a0: Les Machines de l\u2019Ile<br class=\"autobr\"\/><br \/>\n\u00c9preuve limit\u00e9e \u00e0 7000 dossards<\/p>\n<p>Marathon Relais Entreprises\u00a0: Un objectif sportif \u00e0 partager entre coll\u00e8gues<br class=\"autobr\"\/><br \/>\nD\u00e9part\u00a0: Les Machines de l\u2019Ile<br class=\"autobr\"\/><br \/>\nArriv\u00e9e\u00a0: Parc des Expositions de La Beaujoire<br class=\"autobr\"\/><br \/>\n\u00c9preuve limit\u00e9e \u00e0 450 \u00e9quipes<\/p>\n<p><strong>Courir sur l\u2019eau\u00a0: l\u2019exp\u00e9rience signature de l\u2019Abalone Marathon de Nantes<\/strong><br class=\"autobr\"\/><br \/>\nFait marquant de l\u2019\u00e9dition pass\u00e9e, la passerelle sur l\u2019Erdre revient pour cette 44\u00e8me \u00e9dition.<\/p>\n<p>L\u2019une des grandes fiert\u00e9s de l\u2019\u00e9v\u00e9nement revient en 2026\u00a0: la passerelle flottante sur l\u2019Erdre. Install\u00e9e uniquement pour l\u2019occasion par la soci\u00e9t\u00e9 Locaponton, cet ouvrage \u00e9ph\u00e9m\u00e8re de 324 m\u00e8tres de long offre aux coureurs du Marathon et du Semi-Marathon une exp\u00e9rience in\u00e9dite\u00a0: courir sur l\u2019eau dans un cadre incroyable.<\/p>\n<p>Situ\u00e9e dans les derniers m\u00e8tres du parcours, cette travers\u00e9e spectaculaire, inaugur\u00e9e pour l\u2019\u00e9dition 2025, s\u2019impose d\u00e9sormais comme la signature de l\u2019Abalone Marathon de Nantes, avant une arriv\u00e9e grandiose au c\u0153ur du Hall XXL du Parc des Expositions de la Beaujoire.<\/p>\n<p><strong>Courir pour l\u2019inclusion avec Les Extraordinaires<\/strong><br class=\"autobr\"\/><br \/>\nPour 2026, les coureurs peuvent, une nouvelle fois, donner une dimension solidaire \u00e0 leur d\u00e9fi sportif en rejoignant l\u2019initiative \u00ab\u00a0Courir pour l\u2019inclusion\u00a0\u00bb port\u00e9e par l\u2019association Les Extraordinaires.<\/p>\n<p>Cette association, \u00e0 l\u2019origine du Reflet \u00e0 Nantes, premier restaurant inclusif de France, agit concr\u00e8tement pour changer le regard sur le handicap, essaimer le mod\u00e8le de restaurants inclusifs et accompagner les entreprises vers l\u2019emploi inclusif.<\/p>\n<p>Lors de leur inscription, les coureurs peuvent commander le Pack Extraordinaire qui inclut entre autres un maillot technique aux couleurs de l\u2019association. En 2025, plus de 1000 ambassadeurs Extraordinaires ont particip\u00e9 aux courses et anim\u00e9 le Virage Extraordinaire place Royale.<\/p>\n<p>Objectif 2026\u00a0: 2000 coureurs et supporters engag\u00e9s pour l\u2019inclusion\u00a0!<\/p>\n","protected":false},"excerpt":{"rendered":"Abalone Marathon de Nantes 2026\u00a0: un succ\u00e8s fulgurant d\u00e8s l\u2019ouverture des inscriptions \u00c0 peine ouvertes, les inscriptions pour&hellip;\n","protected":false},"author":2,"featured_media":432894,"comment_status":"","ping_status":"","sticky":false,"template":"","format":"standard","meta":{"footnotes":""},"categories":[2818],"tags":[1111,11,4132,29089,29095,29098,7712,29100,10049,29094,29092,1777,674,29096,1011,27,8471,29090,8309,7178,29097,29086,766,12,2636,29101,29102,29091,25,29093,8567,29088,29099,29087],"class_list":{"0":"post-432893","1":"post","2":"type-post","3":"status-publish","4":"format-standard","5":"has-post-thumbnail","7":"category-nantes","8":"tag-actu","9":"tag-actualites","10":"tag-athletisme","11":"tag-calendrier-des-marathons","12":"tag-competition-running","13":"tag-coureurs","14":"tag-course-a-pied","15":"tag-course-nature","16":"tag-course-sur-route","17":"tag-dossards","18":"tag-entrainement-course-a-pied","19":"tag-eu","20":"tag-europe","21":"tag-evenements-sportifs","22":"tag-fr","23":"tag-france","24":"tag-handisport","25":"tag-inscription-marathon","26":"tag-jogging","27":"tag-marathon","28":"tag-marathon-relais","29":"tag-marathons","30":"tag-nantes","31":"tag-news","32":"tag-pays-de-la-loire","33":"tag-performance-sportive","34":"tag-plan-d","35":"tag-preparation-marathon","36":"tag-republique-francaise","37":"tag-resultats-courses","38":"tag-semi-marathon","39":"tag-trail-running","40":"tag-ultra-trail","41":"tag-ultra-marathon"},"share_on_mastodon":{"url":"","error":"Validation failed: Text character limit of 500 exceeded"},"_links":{"self":[{"href":"https:\/\/www.europesays.com\/fr\/wp-json\/wp\/v2\/posts\/432893","targetHints":{"allow":["GET"]}}],"collection":[{"href":"https:\/\/www.europesays.com\/fr\/wp-json\/wp\/v2\/posts"}],"about":[{"href":"https:\/\/www.europesays.com\/fr\/wp-json\/wp\/v2\/types\/post"}],"author":[{"embeddable":true,"href":"https:\/\/www.europesays.com\/fr\/wp-json\/wp\/v2\/users\/2"}],"replies":[{"embeddable":true,"href":"https:\/\/www.europesays.com\/fr\/wp-json\/wp\/v2\/comments?post=432893"}],"version-history":[{"count":0,"href":"https:\/\/www.europesays.com\/fr\/wp-json\/wp\/v2\/posts\/432893\/revisions"}],"wp:featuredmedia":[{"embeddable":true,"href":"https:\/\/www.europesays.com\/fr\/wp-json\/wp\/v2\/media\/432894"}],"wp:attachment":[{"href":"https:\/\/www.europesays.com\/fr\/wp-json\/wp\/v2\/media?parent=432893"}],"wp:term":[{"taxonomy":"category","embeddable":true,"href":"https:\/\/www.europesays.com\/fr\/wp-json\/wp\/v2\/categories?post=432893"},{"taxonomy":"post_tag","embeddable":true,"href":"https:\/\/www.europesays.com\/fr\/wp-json\/wp\/v2\/tags?post=432893"}],"curies":[{"name":"wp","href":"https:\/\/api.w.org\/{rel}","templated":true}]}}