{"id":432897,"date":"2025-10-02T05:28:11","date_gmt":"2025-10-02T05:28:11","guid":{"rendered":"https:\/\/www.europesays.com\/fr\/432897\/"},"modified":"2025-10-02T05:28:11","modified_gmt":"2025-10-02T05:28:11","slug":"rio-mavuba-jaroslav-plasil-et-paul-baysse-trois-ex-girondins-dans-le-championnat-de-foot-entreprise","status":"publish","type":"post","link":"https:\/\/www.europesays.com\/fr\/432897\/","title":{"rendered":"Rio Mavuba, Jaroslav Plasil et Paul Baysse trois ex girondins dans le championnat de foot entreprise."},"content":{"rendered":"<p class=\"PopSlotParagraph qg-tx2 qg-xtra-lh svelte-1r0pyek\">On l\u2019a longtemps appel\u00e9 le foot corpo mais depuis quelques ann\u00e9es maintenant son nom officiel, c\u2019est le \u00ab\u00a0football entreprise\u00a0\u00bb. Port\u00e9 par le\u00a0<a href=\"https:\/\/gironde.fff.fr\/\" target=\"_blank\" rel=\"noopener noreferrer nofollow\" class=\"\" data-testid=\"link\">district de la Gironde de football,<\/a>\u00a0le championnat d\u00e9partemental de foot entreprise compte une \u00e9quipe un peu particuli\u00e8re\u00a0:\u00a0<a href=\"https:\/\/www.facebook.com\/teamapprovedfrance\" target=\"_blank\" rel=\"noopener noreferrer nofollow\" class=\"\" data-testid=\"link\">Full Ace Sport<\/a><\/p>\n<p class=\"PopSlotParagraph qg-tx2 qg-xtra-lh svelte-1r0pyek\">Elle a dans son effectif trois anciens professionnels des Girondins de Bordeaux\u00a0: Rio Mavuba, Jaroslav Plasil et Paul Baysse. \u00ab\u00a0<strong>Ils ont l&rsquo;habitude de dire qu&rsquo;ils reviennent l\u00e0 o\u00f9 ils ont commenc\u00e9\u00a0: par le foot amateur<\/strong>\u00a0\u00bb explique Emmanuel Mandement l\u2019entraineur de cette \u00e9quipe pas comme les autres\u00a0: \u00abc&rsquo;est vraiment leur discours de retrouver d&rsquo;abord une ambiance, une bande de copains, de repr\u00e9senter une entreprise, mais \u00e0 travers un groupe\u00bb.<\/p>\n<p> Trois anciens pro qui aiguisent les app\u00e9tits<\/p>\n<p class=\"PopSlotParagraph qg-tx2 qg-xtra-lh svelte-1r0pyek\">Et forc\u00e9ment, ces trois joueurs qui ont tant fait pour les Girondins de Bordeaux donnent une motivation suppl\u00e9mentaire aux autres \u00e9quipes\u00a0: \u00ab\u00a0<strong>nos adversaires sont toujours au complet alors qu\u2019ils pourraient avoir des absents<\/strong> mais non, contre nous \u00e7a n&rsquo;arrive jamais. C&rsquo;est une \u00e9vidence, \u00e7a \u00e9l\u00e8ve le niveau, \u00e7a booste un peu tout le championnat aussi puisque les \u00e9quipes veulent rivaliser\u00a0\u00bb raconte Emmanuel Mandement. Pour en avoir la preuve, il faut aller voir la rencontre face \u00e0 une \u00e9quipe \u00e9galement souvent championne le\u00a0<a href=\"https:\/\/www.facebook.com\/fclecoq\/\" target=\"_blank\" rel=\"noopener noreferrer nofollow\" class=\"\" data-testid=\"link\">FC P2M<\/a>\u00a0pr\u00e9vue ce\u00a0<a href=\"https:\/\/www.merignac.com\/stade-joseph-antoine-cruchon\" target=\"_blank\" rel=\"noopener noreferrer nofollow\" class=\"\" data-testid=\"link\">jeudi 02 octobre \u00e0 20h00 sur le stade Cruchon de M\u00e9rignac<\/a>.<\/p>\n<p> Un championnat ouvert \u00e0 toutes les entreprises<\/p>\n<p class=\"PopSlotParagraph qg-tx2 qg-xtra-lh svelte-1r0pyek\">Et cette comp\u00e9tition n\u2019est absolument pas une ligue ferm\u00e9e, bien au contraire \u00ab\u00a0<strong>bien s\u00fbr, on n&rsquo;attend que \u00e7a<\/strong>\u00a0\u00bb dit avec enthousiasme Emmanuel Mandement expliquant que \u00ab\u00a0chaque ann\u00e9e des \u00e9quipes qui disparaissent par manque de moyens ou par manque de dynamisme, Mais il y en a d&rsquo;autres qui apparaissent, des nouvelles entreprises, des artisans, des grosses entreprises. Toute entreprise peut cr\u00e9er son \u00e9quipe\u00a0\u00bb.<\/p>\n","protected":false},"excerpt":{"rendered":"On l\u2019a longtemps appel\u00e9 le foot corpo mais depuis quelques ann\u00e9es maintenant son nom officiel, c\u2019est le \u00ab\u00a0football&hellip;\n","protected":false},"author":2,"featured_media":432898,"comment_status":"","ping_status":"","sticky":false,"template":"","format":"standard","meta":{"footnotes":""},"categories":[2817],"tags":[1111,11,1997,1777,674,1011,27,12,2219,25],"class_list":{"0":"post-432897","1":"post","2":"type-post","3":"status-publish","4":"format-standard","5":"has-post-thumbnail","7":"category-bordeaux","8":"tag-actu","9":"tag-actualites","10":"tag-bordeaux","11":"tag-eu","12":"tag-europe","13":"tag-fr","14":"tag-france","15":"tag-news","16":"tag-nouvelle-aquitaine","17":"tag-republique-francaise"},"share_on_mastodon":{"url":"https:\/\/pubeurope.com\/@fr\/115302924543940713","error":""},"_links":{"self":[{"href":"https:\/\/www.europesays.com\/fr\/wp-json\/wp\/v2\/posts\/432897","targetHints":{"allow":["GET"]}}],"collection":[{"href":"https:\/\/www.europesays.com\/fr\/wp-json\/wp\/v2\/posts"}],"about":[{"href":"https:\/\/www.europesays.com\/fr\/wp-json\/wp\/v2\/types\/post"}],"author":[{"embeddable":true,"href":"https:\/\/www.europesays.com\/fr\/wp-json\/wp\/v2\/users\/2"}],"replies":[{"embeddable":true,"href":"https:\/\/www.europesays.com\/fr\/wp-json\/wp\/v2\/comments?post=432897"}],"version-history":[{"count":0,"href":"https:\/\/www.europesays.com\/fr\/wp-json\/wp\/v2\/posts\/432897\/revisions"}],"wp:featuredmedia":[{"embeddable":true,"href":"https:\/\/www.europesays.com\/fr\/wp-json\/wp\/v2\/media\/432898"}],"wp:attachment":[{"href":"https:\/\/www.europesays.com\/fr\/wp-json\/wp\/v2\/media?parent=432897"}],"wp:term":[{"taxonomy":"category","embeddable":true,"href":"https:\/\/www.europesays.com\/fr\/wp-json\/wp\/v2\/categories?post=432897"},{"taxonomy":"post_tag","embeddable":true,"href":"https:\/\/www.europesays.com\/fr\/wp-json\/wp\/v2\/tags?post=432897"}],"curies":[{"name":"wp","href":"https:\/\/api.w.org\/{rel}","templated":true}]}}