{"id":432905,"date":"2025-10-02T05:32:20","date_gmt":"2025-10-02T05:32:20","guid":{"rendered":"https:\/\/www.europesays.com\/fr\/432905\/"},"modified":"2025-10-02T05:32:20","modified_gmt":"2025-10-02T05:32:20","slug":"as-rome-lille-a-quelle-heure-et-sur-quelle-chaine-regarder-le-match-ce-jeudi","status":"publish","type":"post","link":"https:\/\/www.europesays.com\/fr\/432905\/","title":{"rendered":"AS Rome &#8211; Lille : \u00c0 quelle heure et sur quelle cha\u00eene regarder le match ce jeudi ?"},"content":{"rendered":"<p>Depuis l\u2019arriv\u00e9e de Gian Piero Gasperini sur le banc, la Roma revit. En 6 matchs, le club de la Louve s\u2019est impos\u00e9 \u00e0 5 reprises, ne perdant qu\u2019une fois contre le Torino (0-1). La plupart des matchs de la Roma sont serr\u00e9s, avec 4 victoires sur 5 par un but d\u2019\u00e9cart. Les Italiens ont battu l\u2019OGC Nice lors de la premi\u00e8re journ\u00e9e de cette Ligue Europa. Apr\u00e8s le Sud de la France, Rome s\u2019attaque au Nord avec la r\u00e9ception de Lille. Les Dogues sont difficilement venus \u00e0 bout des Norv\u00e9giens de Brann lors du premier match. Les Lillois n\u2019ont pas r\u00e9ussi \u00e0 encha\u00eener ce week-end, s\u2019inclinant face \u00e0 Lyon. Sur le papier, la Roma semble l\u00e9g\u00e8rement favorite. Les deux \u00e9quipes ne se sont jamais affront\u00e9es en comp\u00e9tition officielle.<\/p>\n<p>\u00c0 quelle heure et sur quelle cha\u00eene regarder en direct le match AS Rome &#8211; Lille ?<\/p>\n<p>Le match entre l\u2019AS Rome et Lille est diffus\u00e9 en direct sur CANAL + FOOT. Le coup d\u2019envoi du match est pr\u00e9vu \u00e0 18h45 le jeudi 2 octobre, en direct du Stade Olympique de Rome. Pour suivre la Ligue Europa, il est imp\u00e9ratif de poss\u00e9der un abonnement payant \u00e0 CANAL +. Vous aurez \u00e9galement acc\u00e8s \u00e0 la Ligue des Champions et \u00e0 un grand nombre de contenu exclusif CANAL +.<\/p>\n<p>Les compositions probables : <\/p>\n<p>AS Rome : Svilar \u2013 Celik, Mancini, N\u2019Dicka \u2013 Rensch, Cristante, Kon\u00e9, Angelino \u2013 Pellegrini \u2013 Soule, Ferguson.<\/p>\n<p>Lille : \u00d6zer \u2013 Mandi, Mbemba, Ngoy, Verdonk \u2013 Bentaleb, Bouaddi \u2013 Fernandez-Pardo, Haraldsson, Sahraoui \u2013 Igamane. <\/p>\n<p>Diffusion AS Rome &#8211; Lille : ce qu\u2019il faut savoir<\/p>\n<ul>\n<li>Le match AS Rome &#8211; Lille a lieu jeudi 2 octobre.<\/li>\n<li>La rencontre est diffus\u00e9e sur CANAL + FOOT.<\/li>\n<li>Le coup d\u2019envoi de ce match est pr\u00e9vu \u00e0 18h45.<\/li>\n<\/ul>\n<p>20 Minutes Guide d&rsquo;Achat est aussi sur les r\u00e9seaux sociaux ! Suivez-nous sur <a href=\"https:\/\/www.instagram.com\/20minutes.guideachat\" target=\"_blank\" class=\"c-link c-link--is-underlined\" rel=\"noopener\">Instagram<\/a> et <a href=\"https:\/\/www.tiktok.com\/@20minutes.guideachat\" target=\"_blank\" class=\"c-link c-link--is-underlined\" rel=\"noopener\">TikTok<\/a> pour ne rien manquer de nos conseils et s\u00e9lections.<\/p>\n<p><script async src=\"\/\/www.instagram.com\/embed.js\"><\/script><script async src=\"\/\/www.tiktok.com\/embed.js\"><\/script><\/p>\n","protected":false},"excerpt":{"rendered":"Depuis l\u2019arriv\u00e9e de Gian Piero Gasperini sur le banc, la Roma revit. En 6 matchs, le club de&hellip;\n","protected":false},"author":2,"featured_media":432906,"comment_status":"","ping_status":"","sticky":false,"template":"","format":"standard","meta":{"footnotes":""},"categories":[2815],"tags":[1111,11,677,1777,674,63,1011,27,676,811,5843,1307,2854,12,25,517],"class_list":{"0":"post-432905","1":"post","2":"type-post","3":"status-publish","4":"format-standard","5":"has-post-thumbnail","7":"category-lille","8":"tag-actu","9":"tag-actualites","10":"tag-bons-plans","11":"tag-eu","12":"tag-europe","13":"tag-football","14":"tag-fr","15":"tag-france","16":"tag-guide-dachat","17":"tag-hauts-de-france","18":"tag-ligue-europa","19":"tag-lille","20":"tag-losc-lille","21":"tag-news","22":"tag-republique-francaise","23":"tag-sport"},"share_on_mastodon":{"url":"https:\/\/pubeurope.com\/@fr\/115302940328514026","error":""},"_links":{"self":[{"href":"https:\/\/www.europesays.com\/fr\/wp-json\/wp\/v2\/posts\/432905","targetHints":{"allow":["GET"]}}],"collection":[{"href":"https:\/\/www.europesays.com\/fr\/wp-json\/wp\/v2\/posts"}],"about":[{"href":"https:\/\/www.europesays.com\/fr\/wp-json\/wp\/v2\/types\/post"}],"author":[{"embeddable":true,"href":"https:\/\/www.europesays.com\/fr\/wp-json\/wp\/v2\/users\/2"}],"replies":[{"embeddable":true,"href":"https:\/\/www.europesays.com\/fr\/wp-json\/wp\/v2\/comments?post=432905"}],"version-history":[{"count":0,"href":"https:\/\/www.europesays.com\/fr\/wp-json\/wp\/v2\/posts\/432905\/revisions"}],"wp:featuredmedia":[{"embeddable":true,"href":"https:\/\/www.europesays.com\/fr\/wp-json\/wp\/v2\/media\/432906"}],"wp:attachment":[{"href":"https:\/\/www.europesays.com\/fr\/wp-json\/wp\/v2\/media?parent=432905"}],"wp:term":[{"taxonomy":"category","embeddable":true,"href":"https:\/\/www.europesays.com\/fr\/wp-json\/wp\/v2\/categories?post=432905"},{"taxonomy":"post_tag","embeddable":true,"href":"https:\/\/www.europesays.com\/fr\/wp-json\/wp\/v2\/tags?post=432905"}],"curies":[{"name":"wp","href":"https:\/\/api.w.org\/{rel}","templated":true}]}}