{"id":432907,"date":"2025-10-02T05:33:11","date_gmt":"2025-10-02T05:33:11","guid":{"rendered":"https:\/\/www.europesays.com\/fr\/432907\/"},"modified":"2025-10-02T05:33:11","modified_gmt":"2025-10-02T05:33:11","slug":"13e-14e-les-elus-pm-absents-marion-bareille-denonce-du-mepris","status":"publish","type":"post","link":"https:\/\/www.europesays.com\/fr\/432907\/","title":{"rendered":"13e-14e , les \u00e9lus PM absents, Marion Bareille d\u00e9nonce du \u00ab\u00a0m\u00e9pris\u00a0\u00bb"},"content":{"rendered":"<p>\u00ab\u00a0Quel m\u00e9pris pour les 155\u00a0000\u00a0habitants de notre secteur\u00a0\u00bb, s&rsquo;est indign\u00e9e <a href=\"https:\/\/www.laprovence.com\/article\/region\/1854096694147414\/vous-me-menacez-le-conseil-des-13e-et-14e-arrondissements-de-marseille-vire-au-pugilat\" target=\"_blank\" rel=\"noopener\">Marion Bareille<\/a>. Dans un communiqu\u00e9, la maire (DVD) du 7e secteur d\u00e9plore de n&rsquo;avoir pas eu d&rsquo;interlocuteur sur deux sujets\u00a0: le transfert de sept \u00e9quipements de proximit\u00e9 de la mairie de secteur \u00e0 la mairie centrale et la cr\u00e9ation d&rsquo;une deuxi\u00e8me \u00ab\u00a0F\u00eate de la Tarasque\u00a0\u00bb, qui viendrait \u00ab\u00a0doublonner\u00a0\u00bb avec celle relanc\u00e9e depuis plusieurs ann\u00e9es par une association.<\/p>\n<p>Pour <a href=\"https:\/\/www.laprovence.com\/article\/politique\/2551903167794615\/au-printemps-marseillais-joel-canicave-passe-la-main-a-pierre-huguet\" target=\"_blank\" rel=\"noopener\">Pierre Huguet<\/a>, patron du groupe Printemps marseillais, ces absences se justifieraient par le fait que \u00ab\u00a0la maire de secteur a du mal \u00e0 tenir ses conseils d&rsquo;arrondissements. Certains \u00e9lus pr\u00e9f\u00e8rent peut-\u00eatre ne pas avoir \u00e0 assister \u00e0 un tel bazar\u00a0\u00bb. Et d&rsquo;assurer\u00a0: \u00ab\u00a0Ce secteur avait \u00e9t\u00e9 abandonn\u00e9 par la droite. Nos politiques publiques, en mati\u00e8re d&rsquo;\u00e9cole ou de sant\u00e9, visent \u00e0 faire un rattrapage.\u00a0\u00bb<\/p>\n","protected":false},"excerpt":{"rendered":"\u00ab\u00a0Quel m\u00e9pris pour les 155\u00a0000\u00a0habitants de notre secteur\u00a0\u00bb, s&rsquo;est indign\u00e9e Marion Bareille. Dans un communiqu\u00e9, la maire (DVD)&hellip;\n","protected":false},"author":2,"featured_media":432908,"comment_status":"","ping_status":"","sticky":false,"template":"","format":"standard","meta":{"footnotes":""},"categories":[2814],"tags":[17,53470,1111,11,2826,7516,154,10153,1777,674,1011,27,151,884,12,316,882,25],"class_list":{"0":"post-432907","1":"post","2":"type-post","3":"status-publish","4":"format-standard","5":"has-post-thumbnail","7":"category-marseille","8":"tag-17","9":"tag-absents","10":"tag-actu","11":"tag-actualites","12":"tag-confidentiels","13":"tag-conseil","14":"tag-des","15":"tag-elus","16":"tag-eu","17":"tag-europe","18":"tag-fr","19":"tag-france","20":"tag-les","21":"tag-marseille","22":"tag-news","23":"tag-politique","24":"tag-provence-alpes-cote-dazur","25":"tag-republique-francaise"},"share_on_mastodon":{"url":"https:\/\/pubeurope.com\/@fr\/115302944234812220","error":""},"_links":{"self":[{"href":"https:\/\/www.europesays.com\/fr\/wp-json\/wp\/v2\/posts\/432907","targetHints":{"allow":["GET"]}}],"collection":[{"href":"https:\/\/www.europesays.com\/fr\/wp-json\/wp\/v2\/posts"}],"about":[{"href":"https:\/\/www.europesays.com\/fr\/wp-json\/wp\/v2\/types\/post"}],"author":[{"embeddable":true,"href":"https:\/\/www.europesays.com\/fr\/wp-json\/wp\/v2\/users\/2"}],"replies":[{"embeddable":true,"href":"https:\/\/www.europesays.com\/fr\/wp-json\/wp\/v2\/comments?post=432907"}],"version-history":[{"count":0,"href":"https:\/\/www.europesays.com\/fr\/wp-json\/wp\/v2\/posts\/432907\/revisions"}],"wp:featuredmedia":[{"embeddable":true,"href":"https:\/\/www.europesays.com\/fr\/wp-json\/wp\/v2\/media\/432908"}],"wp:attachment":[{"href":"https:\/\/www.europesays.com\/fr\/wp-json\/wp\/v2\/media?parent=432907"}],"wp:term":[{"taxonomy":"category","embeddable":true,"href":"https:\/\/www.europesays.com\/fr\/wp-json\/wp\/v2\/categories?post=432907"},{"taxonomy":"post_tag","embeddable":true,"href":"https:\/\/www.europesays.com\/fr\/wp-json\/wp\/v2\/tags?post=432907"}],"curies":[{"name":"wp","href":"https:\/\/api.w.org\/{rel}","templated":true}]}}