{"id":432915,"date":"2025-10-02T05:38:27","date_gmt":"2025-10-02T05:38:27","guid":{"rendered":"https:\/\/www.europesays.com\/fr\/432915\/"},"modified":"2025-10-02T05:38:27","modified_gmt":"2025-10-02T05:38:27","slug":"ces-musees-gratuits-ce-dimanche-5-octobre","status":"publish","type":"post","link":"https:\/\/www.europesays.com\/fr\/432915\/","title":{"rendered":"ces mus\u00e9es gratuits ce dimanche 5 octobre"},"content":{"rendered":"<p class=\"editor-content__paragraph\">Les premiers dimanches du mois offrent une excellente occasion pour (re)d\u00e9couvrir des lieux extraordinaires, des <strong>collections permanentes<\/strong>, et parfois m\u00eame des <strong>expositions temporaires<\/strong> dans de nombreux mus\u00e9es <strong>de la capitale et en \u00cele-de-France<\/strong>\u2026 Sachez \u00e9galement que certains, <a href=\"https:\/\/www.beauxarts.com\/lifestyle\/15-musees-gratuits-dont-on-aurait-tort-de-se-priver-a-paris\/\" target=\"_blank\" rel=\"noopener\">comme les mus\u00e9e municipaux, le sont toute l\u2019ann\u00e9e<\/a>\u00a0!<\/p>\n<p class=\"editor-content__paragraph\">D\u2019un arrondissement \u00e0 l\u2019autre, profitez d\u2019une<strong> expo gratuitement<\/strong>\u00a0! Pensez toutefois \u00e0 <strong>r\u00e9server en ligne<\/strong> pour \u00eatre s\u00fbr d\u2019entrer. N\u2019oubliez pas que si vous avez <a href=\"https:\/\/www.beauxarts.com\/lifestyle\/jeunes-et-fauches-au-musee-nos-plans-gratuits-ou-pas-chers-pour-toute-lannee\/\" target=\"_blank\" rel=\"noopener\"><strong>moins de 18\u00a0ans ou 26\u00a0ans<\/strong>, pour vous, c\u2019est gratuit encore plus souvent.<\/a> Si vous souhaitez profiter de la douceur automnale, d\u00e9couvrez <a href=\"https:\/\/www.beauxarts.com\/lifestyle\/8-jardins-de-musees-parisiens-ou-flaner-au-printemps\/\" target=\"_blank\" rel=\"noopener\">notre <strong>s\u00e9lection de jardins de mus\u00e9es<\/strong><\/a>\u00a0et <a href=\"https:\/\/www.beauxarts.com\/lifestyle\/les-plus-beaux-jardins-caches-a-paris\/\" target=\"_blank\" rel=\"noopener\">des jardins cach\u00e9s de la capitale<\/a>. Si vous \u00eates plut\u00f4t du soir, consultez aussi <a href=\"https:\/\/www.beauxarts.com\/expos\/les-nocturnes-des-musees-parisiens-quel-musee-visiter-quel-jour\/\" target=\"_blank\" rel=\"noopener\">notre liste des nocturnes<\/a>.<\/p>\n<p>1er arrondissement<\/p>\n<p>    <img loading=\"lazy\" decoding=\"async\" class=\"image__img\" src=\"https:\/\/www.europesays.com\/fr\/wp-content\/uploads\/2025\/10\/lorangerie_8-1-964x643.jpg\" alt=\"Salle des Nymph\u00e9as du Mus\u00e9e de l\u2019Orangerie dans laquelle est pr\u00e9sent\u00e9e la performance \u00ab\u00a0Forsythe improvisations\u00a0\u00bb de Fabrice Mazliah, dans le cadre du cycle \u00ab\u00a0Danse des Nymph\u00e9as\u00a0\u00bb\" width=\"964\" height=\"643\"\/><\/p>\n<p>Salle des Nymph\u00e9as du Mus\u00e9e de l\u2019Orangerie dans laquelle est pr\u00e9sent\u00e9e la performance \u00ab\u00a0Forsythe improvisations\u00a0\u00bb de Fabrice Mazliah, dans le cadre du cycle \u00ab\u00a0Danse des Nymph\u00e9as\u00a0\u00bb, 2022<\/p>\n<p>    i<\/p>\n<p class=\"legende__cartel\">\u00a9 Mus\u00e9e de l\u2019Orangerie \/ Photo Sophie Cr\u00e9py<\/p>\n<p class=\"editor-content__paragraph\">Direction le c\u0153ur de la capitale. Apr\u00e8s un d\u00e9jeuner ensoleill\u00e9 au<strong> jardin des Tuileries<\/strong>, pourquoi ne pas profiter du calme et des tr\u00e9sors du<strong>\u00a0mus\u00e9e de l\u2019Orangerie<\/strong>. <a href=\"https:\/\/www.beauxarts.com\/grand-format\/claude-monet-en-2-minutes\/\" target=\"_blank\" rel=\"noopener\">Monet<\/a>, <a href=\"https:\/\/www.beauxarts.com\/grand-format\/pablo-picasso-en-3-minutes\/\" target=\"_blank\" rel=\"noopener\">Picasso, <\/a> <a href=\"https:\/\/www.beauxarts.com\/grand-format\/andre-derain-en-2-minutes\/\" target=\"_blank\" rel=\"noopener\">Derain<\/a>\u2026 Des paysages impressionnistes aux chefs-d\u2019\u0153uvre de l\u2019\u00c9cole de Paris en passant par <a href=\"https:\/\/www.beauxarts.com\/grand-format\/les-nympheas-de-monet-a-lorangerie-une-bulle-de-poesie-impressionniste\/\" target=\"_blank\" rel=\"noopener\"><strong>les iconiques Nymph\u00e9as de Monet, <\/strong><\/a> cette collection sous tutelle du mus\u00e9e d\u2019Orsay est un\u00a0must see \u00e0 Paris\u00a0!<\/p>\n<p>  Arrow<\/p>\n<p>Mus\u00e9e de l&rsquo;Orangerie &#8211; Paris<\/p>\n<p>Ouvert tous les jours sauf le mardi de 9 h \u00e0 18 h<br \/>Dernier acc\u00e8s \u00e0 17 h 15<\/p>\n<p class=\"annexe-content__infos\">Jardin des Tuileries &#8211; Place de la Concorde \u2022 75001 Paris<br \/><a href=\"http:\/\/www.musee-orangerie.fr\" target=\"_blank\" rel=\"noopener\">www.musee-orangerie.fr<\/a><\/p>\n<p>        \u00c0 lire aussi :<br \/>\n        <a class=\"renvoi-explicite__link\" href=\"https:\/\/www.beauxarts.com\/grand-format\/les-nympheas-de-monet-a-lorangerie-une-bulle-de-poesie-impressionniste\/\" target=\"_blank\" rel=\"noopener\">\u00ab Les Nymph\u00e9as \u00bb de Monet \u00e0 l&rsquo;Orangerie : une bulle de po\u00e9sie impressionniste<\/a><\/p>\n<p>3e arrondissement<\/p>\n<p>    <img loading=\"lazy\" decoding=\"async\" class=\"image__img\" src=\"https:\/\/www.europesays.com\/fr\/wp-content\/uploads\/2025\/10\/facade-de-lhotel-sale-musee-national-picasso-paris-voyez-vous-chloe-vollmer-lo-964x643.png\" alt=\"Fac\u0327ade de l\u2019ho\u0302tel Sale\u0301, dit le mus\u00e9e national Picasso\" width=\"964\" height=\"643\"\/><\/p>\n<p>Fac\u0327ade de l\u2019ho\u0302tel Sale\u0301, dit le mus\u00e9e national Picasso<\/p>\n<p>    i<\/p>\n<p class=\"legende__cartel\">\u00a9 Muse\u0301e National Picasso Paris \/ Photo Chloe\u0301 Vollmer Lo<\/p>\n<p class=\"editor-content__paragraph\">Entre ses \u00e9l\u00e9gantes terrasses et ses ruelles pav\u00e9es, arpenter <strong>l\u2019un des quartiers les plus branch\u00e9s <\/strong>de la capitale est un plaisir \u00e0 ne pas bouder. On y trouve en prime de nombreux mus\u00e9es. Pour en profiter sans se ruiner, rendez-vous chaque premier dimanche du mois au <strong>mus\u00e9e de la Chasse et de la Nature<\/strong>, \u00e0 celui des <strong>Arts et M\u00e9tiers<\/strong> ou encore \u00e0 l\u2019h\u00f4tel Sal\u00e9 qui abrite le <strong>mus\u00e9e<\/strong> <strong>Picasso. <\/strong><\/p>\n<p>  Arrow<\/p>\n<p>Mus\u00e9e de la Chasse et de la Nature<\/p>\n<p class=\"annexe-content__infos\">62, rue des Archives \u2022 75003 Paris<br \/><a href=\"http:\/\/www.chassenature.org\" target=\"_blank\" rel=\"noopener\">www.chassenature.org<\/a><\/p>\n<p>  Arrow<\/p>\n<p>Mus\u00e9e national Picasso &#8211; Paris<\/p>\n<p class=\"annexe-content__infos\">5, rue de Thorigny \u2022 75003 Paris<br \/><a href=\"http:\/\/www.museepicassoparis.fr\/\" target=\"_blank\" rel=\"noopener\">www.museepicassoparis.fr<\/a><\/p>\n<p>  Arrow<\/p>\n<p>Mus\u00e9e des Arts et M\u00e9tiers<\/p>\n<p class=\"annexe-content__infos\">60 Rue R\u00e9aumur \u2022 75003 Paris<br \/><a href=\"https:\/\/www.arts-et-metiers.net\/\" target=\"_blank\" rel=\"noopener\">www.arts-et-metiers.net<\/a><\/p>\n<p>Toute l\u2019ann\u00e9e, les collections permanentes des mus\u00e9es de la Ville de Paris restent en acc\u00e8s libre.<\/p>\n<p>Acc\u00e8s gratuit aux collections permanentes. <\/p>\n<p class=\"annexe-content__infos\">23 Rue de S\u00e9vign\u00e9 \u2022 75003 Paris<br \/><a href=\"http:\/\/www.carnavalet.paris.fr\/\" target=\"_blank\" rel=\"noopener\">www.carnavalet.paris.fr<\/a><\/p>\n<p>  Arrow<\/p>\n<p>Mus\u00e9e Cognacq-Jay &#8211; Paris<\/p>\n<p class=\"annexe-content__infos\">8, rue Elzevir \u2022 75003 Paris<br \/><a href=\"http:\/\/museecognacqjay.paris.fr\/fr\/le-musee-cognacq-jay\" target=\"_blank\" rel=\"noopener\">museecognacqjay.paris.fr<\/a><\/p>\n<p>4e arrondissement<\/p>\n<p>Toute l\u2019ann\u00e9e, les collections permanentes des mus\u00e9es de la Ville de Paris restent en acc\u00e8s libre.<\/p>\n<p>  Arrow<\/p>\n<p>Crypte arch\u00e9ologique de l\u2019\u00eele de la Cit\u00e9<\/p>\n<p class=\"annexe-content__infos\">7 Parvis Notre Dame &#8211; Place Jean-Paul II \u2022 75004 Paris<br \/><a href=\"https:\/\/www.crypte.paris.fr\/\" target=\"_blank\" rel=\"noopener\">www.crypte.paris.fr<\/a><\/p>\n<p class=\"annexe-content__infos\">6 Place des Vosges \u2022 75004 Paris<br \/><a href=\"http:\/\/maisonsvictorhugo.paris.fr\/\" target=\"_blank\" rel=\"noopener\">maisonsvictorhugo.paris.fr<\/a><\/p>\n<p>        \u00c0 lire aussi :<br \/>\n        <a class=\"renvoi-explicite__link\" href=\"https:\/\/www.beauxarts.com\/lifestyle\/tour-de-france-des-maisons-dartistes-a-visiter\/\" target=\"_blank\" rel=\"noopener\">Les 12 plus belles maisons d\u2019artiste \u00e0 visiter en France<\/a><\/p>\n<p>5e arrondissement<\/p>\n<p>    <img loading=\"lazy\" decoding=\"async\" class=\"image__img\" src=\"https:\/\/www.europesays.com\/fr\/wp-content\/uploads\/2025\/10\/musee-de-cluny-__jmh1270-964x643.jpg\" alt=\"Vue ext\u00e9rieure de l\u2019h\u00f4tel des abb\u00e9s de Cluny\" width=\"964\" height=\"643\"\/><\/p>\n<p>Vue ext\u00e9rieure de l\u2019h\u00f4tel des abb\u00e9s de Cluny<\/p>\n<p>    i<\/p>\n<p class=\"legende__cartel\">\u00a9 mus\u00e9e de Cluny, Paris \u2013 mus\u00e9e national du Moyen \u00c2ge  \u2013 Heidinger Jean-Marie<\/p>\n<p class=\"editor-content__paragraph\">Le dimanche, le <strong>Quartier latin <\/strong>est une bonne id\u00e9e de balade <strong>en famille<\/strong>\u00a0! La visite du <strong>mus\u00e9e de Cluny, <\/strong> avec\u00a0<a href=\"https:\/\/www.beauxarts.com\/grand-format\/la-dame-a-la-licorne-les-cinq-sens-en-majeste\/\" target=\"_blank\" rel=\"noopener\">sa mythique Dame \u00e0 la licorne<\/a>, ravira les chevaliers en herbe et les princesses intr\u00e9pides. Aux beaux jours, on ne r\u00e9siste pas \u00e0 un savoureux go\u00fbter sur sa <strong>belle terrasse<\/strong> ombrag\u00e9e et une promenade dans son <strong>jardin m\u00e9di\u00e9val<\/strong> attenant.<\/p>\n<p>  Arrow<\/p>\n<p>Mus\u00e9e de Cluny \u2013 mus\u00e9e national du Moyen \u00c2ge<\/p>\n<p class=\"annexe-content__infos\">28 Rue du Sommerard \u2022 75005 Paris<br \/><a href=\"http:\/\/www.musee-moyenage.fr\/\" target=\"_blank\" rel=\"noopener\">www.musee-moyenage.fr<\/a><\/p>\n<p>6e arrondissement<\/p>\n<p>    <img loading=\"lazy\" decoding=\"async\" class=\"image__img\" src=\"https:\/\/www.europesays.com\/fr\/wp-content\/uploads\/2025\/10\/jardin-et-facade-delacroix-2015-musee-delacroix-albane-fabre--964x632.jpg\" alt=\"Jardin et fac\u0327ade du mus\u00e9e Delacroix\" width=\"964\" height=\"632\"\/><\/p>\n<p>Jardin et fac\u0327ade du mus\u00e9e Delacroix, 2015<\/p>\n<p>    i<\/p>\n<p class=\"legende__cartel\">\u00a9 Muse\u0301e Delacroix \/ Albane Fabre<\/p>\n<p class=\"editor-content__paragraph\">C\u2019est encore, pour beaucoup, l\u2019un des secrets les mieux gard\u00e9s de <strong>Saint-Germain-des-Pr\u00e9s\u00a0!\u00a0<\/strong>Avec son paisible jardin et sa grande verri\u00e8re, le <strong>mus\u00e9e Delacroix<\/strong> est l\u2019un des plus beaux mus\u00e9es-ateliers de la capitale. Objets personnels, dessins, peintures et lithographies rythment la visite de l\u2019ancien appartement du <strong><a href=\"https:\/\/www.beauxarts.com\/grand-format\/eugene-delacroix-en-2-minutes\/\" target=\"_blank\" rel=\"noopener\">ma\u00eetre du romantisme<\/a>\u00a0<\/strong>: un dimanche suspendu\u00a0!<\/p>\n<p>  Arrow<\/p>\n<p>Mus\u00e9e national Eug\u00e8ne Delacroix &#8211; Paris<\/p>\n<p>Ouvert du mercredi au lundi, de 9h30 \u00e0 17h30<\/p>\n<p class=\"annexe-content__infos\">6, rue de F\u00fcrstenberg \u2022 75006 Paris<br \/><a href=\"http:\/\/www.musee-delacroix.fr\/\" target=\"_blank\" rel=\"noopener\">www.musee-delacroix.fr<\/a><\/p>\n<p>Toute l\u2019ann\u00e9e, les collections permanentes des mus\u00e9es de la Ville de Paris restent\u00a0 en acc\u00e8s libre.<\/p>\n<p>Gratuit \u2022 Ouvert tous les jours, sauf lundi, de 10 h \u00e0 18 h<\/p>\n<p class=\"annexe-content__infos\">100 bis, rue d&rsquo;Assas \u2022 75006 Paris<br \/><a href=\"http:\/\/www.zadkine.paris.fr\" target=\"_blank\" rel=\"noopener\">www.zadkine.paris.fr<\/a><\/p>\n<p>        \u00c0 lire aussi :<br \/>\n        <a class=\"renvoi-explicite__link\" href=\"https:\/\/www.beauxarts.com\/lifestyle\/8-ateliers-musees-a-visiter-a-paris\/\" target=\"_blank\" rel=\"noopener\">Les 9 plus beaux ateliers d&rsquo;artistes \u00e0 visiter \u00e0 Paris<\/a><\/p>\n<p>7e arrondissement<\/p>\n<p>    <img loading=\"lazy\" decoding=\"async\" class=\"image__img\" src=\"https:\/\/www.europesays.com\/fr\/wp-content\/uploads\/2025\/10\/prodrh0037-964x723.jpg\" alt=\"Vue d\u2019ext\u00e9rieur du mus\u00e9e du quai Branly, dans le 7e arrondissement de Paris\" width=\"964\" height=\"723\"\/><\/p>\n<p>Vue d\u2019ext\u00e9rieur du mus\u00e9e du quai Branly, dans le 7e arrondissement de Paris<\/p>\n<p>    i<\/p>\n<p class=\"legende__cartel\">\u00a9 Mus\u00e9e du quai Branly \u2013 Jacques Chirac \/ Photo Roland Halbe<\/p>\n<p class=\"editor-content__paragraph\"><strong>Du mus\u00e9e d\u2019Orsay <\/strong>au<strong> quai Branly <\/strong>en passant par <strong>le mus\u00e9e<\/strong> <strong>Rodin<\/strong> (gratuit les premiers dimanches d\u2019octobre \u00e0 mars), le 7e arrondissement compte parmi les plus beaux mus\u00e9es de Paris. Vous ne serez s\u00fbrement pas seuls, alors pensez \u00e0 r\u00e9server\u00a0!<\/p>\n<p class=\"annexe-content__infos\">Esplanade Val\u00e9ry Giscard d&rsquo;Estaing \u2022 75007 Paris<br \/><a href=\"https:\/\/www.musee-orsay.fr\/fr\" target=\"_blank\" rel=\"noopener\">www.musee-orsay.fr<\/a><\/p>\n<p>  Arrow<\/p>\n<p>Mus\u00e9e du quai Branly &#8211; Jacques Chirac<\/p>\n<p class=\"annexe-content__infos\">37, quai Branly \u2022 75007 Paris<br \/><a href=\"http:\/\/www.quaibranly.fr\/\" target=\"_blank\" rel=\"noopener\">www.quaibranly.fr<\/a><\/p>\n<p>  Arrow<\/p>\n<p>Mus\u00e9e Rodin &#8211; Paris<\/p>\n<p class=\"annexe-content__infos\">77 rue de Varenne \u2022 75007 Paris<br \/><a href=\"http:\/\/www.musee-rodin.fr\" target=\"_blank\" rel=\"noopener\">www.musee-rodin.fr<\/a><\/p>\n<p>        \u00c0 lire aussi :<br \/>\n        <a class=\"renvoi-explicite__link\" href=\"https:\/\/www.beauxarts.com\/grand-format\/le-musee-rodin-a-paris-le-roi-des-sculpteurs-en-sa-demeure\/\" target=\"_blank\" rel=\"noopener\">Le mus\u00e9e Rodin \u00e0 Paris : le roi des sculpteurs en sa demeure<\/a><\/p>\n<p>8e arrondissement<\/p>\n<p>Toute l\u2019ann\u00e9e, les collections permanentes des mus\u00e9es de la Ville de Paris restent en acc\u00e8s libre.<\/p>\n<p class=\"annexe-content__infos\">Avenue Winston Churchill \u2022 75008 Paris<br \/><a href=\"http:\/\/www.petitpalais.paris.fr\/\" target=\"_blank\" rel=\"noopener\">www.petitpalais.paris.fr<\/a><\/p>\n<p class=\"annexe-content__infos\">7 Avenue Velasquez \u2022 75008 Paris<br \/><a href=\"http:\/\/www.cernuschi.paris.fr\/\" target=\"_blank\" rel=\"noopener\">www.cernuschi.paris.fr<\/a><\/p>\n<p>        \u00c0 lire aussi :<br \/>\n        <a class=\"renvoi-explicite__link\" href=\"https:\/\/www.beauxarts.com\/lifestyle\/15-musees-gratuits-dont-on-aurait-tort-de-se-priver-a-paris\/\" target=\"_blank\" rel=\"noopener\">Ces mus\u00e9es gratuits dont on aurait tort de se priver \u00e0 Paris<\/a><\/p>\n<p>9e arrondissement<\/p>\n<p>    <img loading=\"lazy\" decoding=\"async\" class=\"image__img\" src=\"https:\/\/www.europesays.com\/fr\/wp-content\/uploads\/2025\/10\/gardel-bertrand-_-hemis.fr__-964x643.jpg\" alt=\"L\u2019atelier du deuxi\u00e8me \u00e9tage et l\u2019impressionnant escalier en colima\u00e7on de la Maison Gustave Moreau \u00e0 Paris\" width=\"964\" height=\"643\"\/><\/p>\n<p>L\u2019atelier du deuxi\u00e8me \u00e9tage et l\u2019impressionnant escalier en colima\u00e7on de la Maison Gustave Moreau \u00e0 Paris<\/p>\n<p>    i<\/p>\n<p class=\"legende__cartel\">\u00a9 Alamy \/ Hemis \/ Bertrand Gardel<\/p>\n<p class=\"editor-content__paragraph\">Rendez-vous<strong> rive droite <\/strong>o\u00f9 se cache un tr\u00e9sor de mus\u00e9e jamais trop fr\u00e9quent\u00e9\u00a0! Le <strong>mus\u00e9e <a href=\"https:\/\/www.beauxarts.com\/grand-format\/gustave-moreau-en-2-minutes\/\" target=\"_blank\" rel=\"noopener\">Gustave-Moreau<\/a><\/strong>, avec son embl\u00e9matique escalier en colima\u00e7on et ses murs couverts des grandes toiles fantastiques du ma\u00eetre symboliste, r\u00e9serve bien des surprises. Ici, rien n\u2019a boug\u00e9 depuis 1897, y compris les<strong> appartements du peintre<\/strong> au d\u00e9cor d\u00e9licieusement d\u00e9suet\u00a0: un v\u00e9ritable <strong>voyage dans le temps<\/strong> au c\u0153ur du bouillonnant 9e arrondissement\u00a0!<\/p>\n<p>  Arrow<\/p>\n<p>Mus\u00e9e Gustave Moreau<\/p>\n<p class=\"annexe-content__infos\">14 Rue de la Rochefoucauld \u2022 75009 Paris<br \/><a href=\"https:\/\/musee-moreau.fr\/\" target=\"_blank\" rel=\"noopener\">musee-moreau.fr<\/a><\/p>\n<p>        \u00c0 lire aussi :<br \/>\n        <a class=\"renvoi-explicite__link\" href=\"https:\/\/www.beauxarts.com\/lifestyle\/paris-secret-10-magnifiques-lieux-meconnus-de-la-capitale\/\" target=\"_blank\" rel=\"noopener\">Paris secret : 10 magnifiques lieux m\u00e9connus de la capitale<\/a><\/p>\n<p>12e arrondissement<\/p>\n<p>    <img loading=\"lazy\" decoding=\"async\" class=\"image__img\" src=\"https:\/\/www.europesays.com\/fr\/wp-content\/uploads\/2025\/10\/-palais-de-la-porte-doree-photo-pascal-lemaitre-3-964x649.jpg\" alt=\"La fa\u00e7ade du Palais de la Porte Dore\u0301e, Muse\u0301e National de l\u2019histoire de l\u2019immigration \u00e0 Paris\" width=\"964\" height=\"649\"\/><\/p>\n<p>La fa\u00e7ade du Palais de la Porte Dore\u0301e, Muse\u0301e National de l\u2019histoire de l\u2019immigration \u00e0 Paris<\/p>\n<p>    i<\/p>\n<p class=\"legende__cartel\">\u00a9 Palais de la Porte Dore\u0301e \/ Pascal Lemai\u0302tre<\/p>\n<p class=\"editor-content__paragraph\">Dans l\u2019imposant<strong> palais de la Porte-Dor\u00e9e <\/strong>\u00e0 l\u2019architecture<strong> Art d\u00e9co, le mus\u00e9e de l\u2019Histoire de l\u2019immigration <\/strong>offre un parcours permanent sur la riche histoire fran\u00e7aise des migrations depuis l\u2019Ancien R\u00e9gime. Un voyage passionnant qui embarque tous les publics\u00a0!<\/p>\n<p>  Arrow<\/p>\n<p>Mus\u00e9e de l\u2019Histoire de l\u2019immigration<\/p>\n<p class=\"annexe-content__infos\">293 Avenue Daumesnil \u2022 75012 Paris<br \/><a href=\"http:\/\/www.histoire-immigration.fr\/\" target=\"_blank\" rel=\"noopener\">www.histoire-immigration.fr<\/a><\/p>\n<p>14e arrondissement<\/p>\n<p>Toute l\u2019ann\u00e9e, les collections permanentes des mus\u00e9es de la Ville de Paris restent en acc\u00e8s libre.<\/p>\n<p>  Arrow<\/p>\n<p>Mus\u00e9e de la lib\u00e9ration de Paris &#8211; Mus\u00e9e du g\u00e9n\u00e9ral Leclerc &#8211; Mus\u00e9e Jean Moulin<\/p>\n<p class=\"annexe-content__infos\">4 Avenue du Colonel Henri Rol-Tanguy \u2022 75014 Paris<br \/><a href=\"https:\/\/www.museeliberation-leclerc-moulin.paris.fr\/\" target=\"_blank\" rel=\"noopener\">www.museeliberation-leclerc-moulin.paris.fr<\/a><\/p>\n<p>        \u00c0 lire aussi :<br \/>\n        <a class=\"renvoi-explicite__link\" href=\"https:\/\/www.beauxarts.com\/lifestyle\/jeunes-et-fauches-au-musee-nos-plans-gratuits-ou-pas-chers-pour-toute-lannee\/\" target=\"_blank\" rel=\"noopener\">Jeunes et fauch\u00e9s au mus\u00e9e : nos plans gratuits ou pas chers pour toute l&rsquo;ann\u00e9e<\/a><\/p>\n<p>16e arrondissement<\/p>\n<p>    <img loading=\"lazy\" decoding=\"async\" class=\"image__img\" src=\"https:\/\/www.europesays.com\/fr\/wp-content\/uploads\/2025\/10\/toitterrasse2mnaag-paris-thierry-ollivier-964x643.jpg\" alt=\"La terrasse panoramique du Mus\u00e9e Guimet\" width=\"964\" height=\"643\"\/><\/p>\n<p>La terrasse panoramique du Mus\u00e9e Guimet<\/p>\n<p>    i<\/p>\n<p class=\"legende__cartel\">\u00a9 MNAAG, Paris \/ Thierry Ollivier, 2019<\/p>\n<p class=\"editor-content__paragraph\">Vous ne trouverez pas <strong>plus belle vue sur la tour Eiffel<\/strong>\u00a0! Une raison de plus pour fl\u00e2ner autour de la colline de Chaillot qui rec\u00e8le \u00e9galement la <strong>Cit\u00e9 de l\u2019architecture et du patrimoine<\/strong>. Ses impressionnantes reconstitutions, v\u00e9ritables galeries immersives, valent \u00e0 elles seules la visite. Non loin, <strong>le mus\u00e9e Guimet<\/strong> nous transporte en Asie.<\/p>\n<p>  Arrow<\/p>\n<p>Cit\u00e9 de l&rsquo;architecture &amp; du patrimoine<\/p>\n<p>Ouvert du mercredi au dimanche de 11h \u00e0 19h<br \/>Nocturne le jeudi jusqu&rsquo;\u00e0 21h<\/p>\n<p class=\"annexe-content__infos\">1 Place du Trocad\u00e9ro et du 11 Novembre \u2022 75116 Paris<br \/><a href=\"https:\/\/www.citedelarchitecture.fr\/fr\" target=\"_blank\" rel=\"noopener\">www.citedelarchitecture.fr<\/a><\/p>\n<p>  Arrow<\/p>\n<p>Mus\u00e9e national des arts asiatiques \u2013 Guimet<\/p>\n<p class=\"annexe-content__infos\">6, place d&rsquo;I\u00e9na \u2022 75116 Paris<br \/><a href=\"https:\/\/www.guimet.fr\" target=\"_blank\" rel=\"noopener\">www.guimet.fr<\/a><\/p>\n<p>Toute l\u2019ann\u00e9e, les collections permanentes des mus\u00e9es de la Ville de Paris restent en acc\u00e8s libre.<\/p>\n<p class=\"annexe-content__infos\">47 Rue Raynouard \u2022 75016 Paris<br \/><a href=\"https:\/\/www.maisondebalzac.paris.fr\/\" target=\"_blank\" rel=\"noopener\">www.maisondebalzac.paris.fr<\/a><\/p>\n<p>  Arrow<\/p>\n<p>MAM &#8211; Mus\u00e9e d&rsquo;Art moderne de Paris<\/p>\n<p class=\"annexe-content__infos\">11 Avenue du Pr\u00e9sident Wilson \u2022 75116 Paris<br \/><a href=\"http:\/\/www.mam.paris.fr\" target=\"_blank\" rel=\"noopener\">www.mam.paris.fr<\/a><\/p>\n<p>  Arrow<\/p>\n<p>Palais Galliera &#8211; Mus\u00e9e de la Mode de la Ville de Paris<\/p>\n<p>Ouvert du mardi au dimanche de 10 h \u00e0 18 h<br \/>Nocturne les jeudis et vendredis jusqu&rsquo;\u00e0 21 h<\/p>\n<p class=\"annexe-content__infos\">10, Avenue Pierre 1er de Serbie \u2022 75016 Paris<br \/><a href=\"http:\/\/palaisgalliera.paris.fr\" target=\"_blank\" rel=\"noopener\">palaisgalliera.paris.fr<\/a><\/p>\n<p>        \u00c0 lire aussi :<br \/>\n        <a class=\"renvoi-explicite__link\" href=\"https:\/\/www.beauxarts.com\/expos\/bons-plans-a-paris-et-en-ile-de-france-tous-ces-secrets-que-vous-devriez-connaitre\/\" target=\"_blank\" rel=\"noopener\">Bons plans \u00e0 Paris\u00a0et en \u00cele-de-France\u00a0: tous ces secrets que vous devriez conna\u00eetre\u00a0!<\/a><\/p>\n<p>17e arrondissement<\/p>\n<p>    <img loading=\"lazy\" decoding=\"async\" class=\"image__img\" src=\"https:\/\/www.europesays.com\/fr\/wp-content\/uploads\/2025\/10\/henner_0651_final-e1758301204307-964x569.jpg\" alt=\"L\u2019atelier du premier \u00e9tage du Mus\u00e9e national Jean-Jacques Henner, Paris\" width=\"964\" height=\"569\"\/><\/p>\n<p>L\u2019atelier du premier \u00e9tage du Mus\u00e9e national Jean-Jacques Henner, Paris<\/p>\n<p>    i<\/p>\n<p class=\"legende__cartel\">\u00a9 Hartl-Meyer \/ Mus\u00e9e national Jean-Jacques Henner<\/p>\n<p class=\"editor-content__paragraph\">Le 17e arrondissement poss\u00e8de un <strong>joyau m\u00e9connu<\/strong>, non loin du<strong> parc Monceau<\/strong>\u00a0:<strong> le mus\u00e9e national Jean-Jacques Henner, <\/strong>\u00a0consacr\u00e9 au <a href=\"https:\/\/www.beauxarts.com\/grand-format\/jean-jacques-henner-en-2-minutes\/\" target=\"_blank\" rel=\"noopener\">peintre alsacien connu pour ses nus vaporeux alanguis<\/a> de la fin du XIXe si\u00e8cle \u2014 envo\u00fbtant\u00a0!<\/p>\n<p>  Arrow<\/p>\n<p>Mus\u00e9e national Jean-Jacques Henner<\/p>\n<p>Ouvert tous les jours, sauf le mardi, de 11 h \u00e0 18 h<\/p>\n<p class=\"annexe-content__infos\">43, avenue de Villiers \u2022 75017 Paris<br \/><a href=\"http:\/\/www.musee-henner.fr\" target=\"_blank\" rel=\"noopener\">www.musee-henner.fr<\/a><\/p>\n<p>        \u00c0 lire aussi :<br \/>\n        <a class=\"renvoi-explicite__link\" href=\"https:\/\/www.beauxarts.com\/lifestyle\/paris-insolite-10-lieux-improbables-que-vous-ne-connaissez-peut-etre-pas\/\" target=\"_blank\" rel=\"noopener\">Paris insolite : 13 lieux improbables que vous ne connaissez (peut-\u00eatre) pas\u2026<\/a><\/p>\n<p>En \u00cele-de-France<\/p>\n<p class=\"editor-content__paragraph\">De nombreux autres mus\u00e9es vous attendent aussi gratuitement le 1er dimanche du mois\u00a0!<\/p>\n<p>  Arrow<\/p>\n<p>Mus\u00e9e d\u2019Arch\u00e9ologie nationale \u00e0 Saint-Germain-en-Laye<\/p>\n<p class=\"annexe-content__infos\">Place Charles de Gaulle \u2022 78100 Saint-Germain-en-Laye<br \/><a href=\"https:\/\/musee-archeologienationale.fr\/\" target=\"_blank\" rel=\"noopener\">musee-archeologienationale.fr<\/a><\/p>\n<p>  Arrow<\/p>\n<p>Mus\u00e9e Paul Landowski et Mus\u00e9es des ann\u00e9es 30<\/p>\n<p class=\"annexe-content__infos\">28, avenue Andr\u00e9 Morizet \u2022 92100 Boulogne-Billancourt<br \/><a href=\"https:\/\/www.boulognebillancourt.com\/loisirs\/culture\/les-musees\/musee-des-annees-trente\" target=\"_blank\" rel=\"noopener\">www.boulognebillancourt.com<\/a><\/p>\n<p>    <img loading=\"lazy\" decoding=\"async\" class=\"image__img\" src=\"https:\/\/www.europesays.com\/fr\/wp-content\/uploads\/2025\/10\/jdc_b483-964x723.jpg\" alt=\"Vue du mus\u00e9e Rodin, Meudon\" width=\"964\" height=\"723\"\/><\/p>\n<p>Vue du mus\u00e9e Rodin, Meudon<\/p>\n<p>    i<\/p>\n<p class=\"legende__cartel\">\u00a9 Mus\u00e9e Rodin \/ \u00a9 Jean de Calan<\/p>\n<p>  Arrow<\/p>\n<p>Mus\u00e9e Rodin &#8211; Meudon<\/p>\n<p class=\"annexe-content__infos\">19 Avenue Auguste Rodin \u2022 92190 Meudon<br \/><a href=\"https:\/\/www.musee-rodin.fr\/\" target=\"_blank\" rel=\"noopener\">www.musee-rodin.fr<\/a><\/p>\n<p>  Arrow<\/p>\n<p>Ch\u00e2teau de Compi\u00e8gne<\/p>\n<p class=\"annexe-content__infos\">Ch\u00e2teau de Compi\u00e8gne \u2022 60200 Compi\u00e8gne<br \/><a href=\"https:\/\/chateaudecompiegne.fr\/\" target=\"_blank\" rel=\"noopener\">chateaudecompiegne.fr<\/a><\/p>\n<p>  Arrow<\/p>\n<p>Mus\u00e9e des Granges de Port-Royal \u00e0 Magny-Les-Hameaux<\/p>\n<p class=\"annexe-content__infos\">Les Granges de Port-Royal \u2022 78114 Magny-les-Hameaux<br \/><a href=\"https:\/\/magny-les-hameaux.fr\/tourisme-et-loisirs\/visiter-magny-les-hameaux\/patrimoine-historique\/musee-national-de-port-royal-des-champs\" target=\"_blank\" rel=\"noopener\">magny-les-hameaux.fr<\/a><\/p>\n<p>  Arrow<\/p>\n<p>Ch\u00e2teau de Fontainebleau<\/p>\n<p class=\"annexe-content__infos\">77300 Fontainebleau<br \/><a href=\"http:\/\/www.musee-chateau-fontainebleau.fr\/\" target=\"_blank\" rel=\"noopener\">www.musee-chateau-fontainebleau.fr<\/a><\/p>\n<p>  Arrow<\/p>\n<p>Mus\u00e9e national du ch\u00e2teau de Malmaison<\/p>\n<p class=\"annexe-content__infos\">15, avenue du Ch\u00e2teau de la Malmaison \u2022 92500 Rueil-Malmaison<br \/><a href=\"https:\/\/musees-nationaux-malmaison.fr\" target=\"_blank\" rel=\"noopener\">musees-nationaux-malmaison.fr<\/a><\/p>\n<p>    <img loading=\"lazy\" decoding=\"async\" class=\"image__img\" src=\"https:\/\/www.europesays.com\/fr\/wp-content\/uploads\/2025\/10\/hemis_f8tch7web-964x642.jpg\" alt=\"Cit\u00e9 de la c\u00e9ramique, manufacture de S\u00e8vres\" width=\"964\" height=\"642\"\/><\/p>\n<p>Cit\u00e9 de la c\u00e9ramique, manufacture de S\u00e8vres<\/p>\n<p>    i<\/p>\n<p class=\"legende__cartel\">\u00a9 Javier Gil \/ Alamy Stock Photo via Hemis<\/p>\n<p>  Arrow<\/p>\n<p>S\u00e8vres &#8211; Manufacture et Mus\u00e9e nationaux<\/p>\n<p class=\"annexe-content__infos\">2 Place de la Manufacture Nationale \u2022 92310 S\u00e8vres<br \/><a href=\"https:\/\/www.sevresciteceramique.fr\/\" target=\"_blank\" rel=\"noopener\">www.sevresciteceramique.fr<\/a><\/p>\n<p>  Arrow<\/p>\n<p>Mus\u00e9e de la Carte \u00e0 Jouer<\/p>\n<p>Ouvert le Mercredi, jeudi et vendredi de 11h \u00e0 17h<br \/>Samedi et dimanche de 14h \u00e0 18h<br \/>Metro 12 : Mairie d&rsquo;Issy<\/p>\n<p class=\"annexe-content__infos\">16 Rue Auguste Gervais \u2022 92130 Issy-les-Moulineaux<br \/><a href=\"http:\/\/www.museecarteajouer.com\" target=\"_blank\" rel=\"noopener\">www.museecarteajouer.com<\/a><\/p>\n<p class=\"annexe-content__infos\">Place de la Lib\u00e9ration \u2022 94400 Vitry-sur-Seine<br \/><a href=\"http:\/\/www.macval.fr\" target=\"_blank\" rel=\"noopener\">www.macval.fr<\/a><\/p>\n<p>                <a href=\"https:\/\/www.beauxarts.com\/selections\/bons-plans-a-paris-le-meilleur-des-expos-et-musees-gratuits\/\" target=\"_blank\" rel=\"noopener\">Les meilleures expos et visites gratuites \u00e0 Paris et en \u00cele-de-France dans notre s\u00e9lection du moment !<\/a><\/p>\n","protected":false},"excerpt":{"rendered":"Les premiers dimanches du mois offrent une excellente occasion pour (re)d\u00e9couvrir des lieux extraordinaires, des collections permanentes, et&hellip;\n","protected":false},"author":2,"featured_media":5789,"comment_status":"","ping_status":"","sticky":false,"template":"","format":"standard","meta":{"footnotes":""},"categories":[1592],"tags":[1111,11,3423,3413,3416,1777,674,1011,3410,27,326,662,3407,3412,3419,1651,3408,3420,3403,3418,3409,3417,3426,3402,3414,3404,3422,3411,3415,3406,3425,3424,3405,12,626,25,3421],"class_list":{"0":"post-432915","1":"post","2":"type-post","3":"status-publish","4":"format-standard","5":"has-post-thumbnail","7":"category-ile-de-france","8":"tag-actu","9":"tag-actualites","10":"tag-chateau-de-compiegne","11":"tag-chateau-de-fontainebleau","12":"tag-cite-de-larchitecture-du-patrimoine","13":"tag-eu","14":"tag-europe","15":"tag-fr","16":"tag-frac-ile-de-france-le-plateau","17":"tag-france","18":"tag-gratuit","19":"tag-ile-de-france","20":"tag-mac-val","21":"tag-memorial-de-la-shoah-paris","22":"tag-musee-darcheologie-nationale-a-saint-germain-en-laye","23":"tag-musee-dorsay","24":"tag-musee-de-cluny-musee-national-du-moyen-age","25":"tag-musee-de-lhistoire-de-limmigration","26":"tag-musee-de-lorangerie-paris","27":"tag-musee-de-la-carte-a-jouer","28":"tag-musee-de-la-chasse-et-de-la-nature","29":"tag-musee-des-arts-et-metiers","30":"tag-musee-des-granges-de-port-royal-a-magny-les-hameaux","31":"tag-musee-du-quai-branly-jacques-chirac","32":"tag-musee-gustave-moreau","33":"tag-musee-national-des-arts-asiatiques-guimet","34":"tag-musee-national-du-chateau-de-malmaison","35":"tag-musee-national-eugene-delacroix-paris","36":"tag-musee-national-jean-jacques-henner","37":"tag-musee-national-picasso-paris","38":"tag-musee-paul-landowski-et-musees-des-annees-30","39":"tag-musee-rodin-meudon","40":"tag-musee-rodin-paris","41":"tag-news","42":"tag-paris","43":"tag-republique-francaise","44":"tag-sevres-manufacture-et-musee-nationaux"},"share_on_mastodon":{"url":"","error":"Validation failed: Text character limit of 500 exceeded"},"_links":{"self":[{"href":"https:\/\/www.europesays.com\/fr\/wp-json\/wp\/v2\/posts\/432915","targetHints":{"allow":["GET"]}}],"collection":[{"href":"https:\/\/www.europesays.com\/fr\/wp-json\/wp\/v2\/posts"}],"about":[{"href":"https:\/\/www.europesays.com\/fr\/wp-json\/wp\/v2\/types\/post"}],"author":[{"embeddable":true,"href":"https:\/\/www.europesays.com\/fr\/wp-json\/wp\/v2\/users\/2"}],"replies":[{"embeddable":true,"href":"https:\/\/www.europesays.com\/fr\/wp-json\/wp\/v2\/comments?post=432915"}],"version-history":[{"count":0,"href":"https:\/\/www.europesays.com\/fr\/wp-json\/wp\/v2\/posts\/432915\/revisions"}],"wp:featuredmedia":[{"embeddable":true,"href":"https:\/\/www.europesays.com\/fr\/wp-json\/wp\/v2\/media\/5789"}],"wp:attachment":[{"href":"https:\/\/www.europesays.com\/fr\/wp-json\/wp\/v2\/media?parent=432915"}],"wp:term":[{"taxonomy":"category","embeddable":true,"href":"https:\/\/www.europesays.com\/fr\/wp-json\/wp\/v2\/categories?post=432915"},{"taxonomy":"post_tag","embeddable":true,"href":"https:\/\/www.europesays.com\/fr\/wp-json\/wp\/v2\/tags?post=432915"}],"curies":[{"name":"wp","href":"https:\/\/api.w.org\/{rel}","templated":true}]}}