{"id":432916,"date":"2025-10-02T05:39:14","date_gmt":"2025-10-02T05:39:14","guid":{"rendered":"https:\/\/www.europesays.com\/fr\/432916\/"},"modified":"2025-10-02T05:39:14","modified_gmt":"2025-10-02T05:39:14","slug":"la-flottille-assure-que-plusieurs-de-ses-navires-sont-toujours-en-route-pour-gaza-apres-de-premieres-interceptions-par-la-marine-israelienne","status":"publish","type":"post","link":"https:\/\/www.europesays.com\/fr\/432916\/","title":{"rendered":"La Flottille assure que plusieurs de ses navires sont toujours en route pour Gaza, apr\u00e8s de premi\u00e8res interceptions par la marine isra\u00e9lienne"},"content":{"rendered":"\n<p class=\"c-chapo \">\n  Une trentaine de bateaux tentent toujours de rejoindre l&rsquo;enclave palestinienne malgr\u00e9 le blocus ordonn\u00e9 par l&rsquo;Etat h\u00e9breu.\n<\/p>\n<p>      lire plus tard<\/p>\n<p id=\"dialog__title\" class=\"dialog__title\">Pour sauvegarder cet article, connectez-vous ou cr\u00e9ez un compte franceinfo<\/p>\n<p class=\"dialog__description\">Sans paiement. Sans abonnement.<\/p>\n<p>        Fermer la fen\u00eatre d\u2019activation des notifications France Info<\/p>\n<p>      cr\u00e9er votre compte<\/p>\n<p>      se connecter<\/p>\n<p>        Fermer la fen\u00eatre de pr\u00e9sentation<\/p>\n<p>    <img loading=\"lazy\" decoding=\"async\" class=\"signature__image lazyload\" width=\"100\" height=\"100\" data- alt=\"\" src=\"https:\/\/www.europesays.com\/fr\/wp-content\/uploads\/2025\/05\/64a68815cd1a7_placeholder-36b69ec8.png\"\/><\/p>\n<p>    Publi\u00e9 le 02\/10\/2025 06:17<\/p>\n<p>      Mis \u00e0 jour le 02\/10\/2025 06:22<\/p>\n<p>        Temps de lecture : 4min<\/p>\n<p>    <img decoding=\"async\"  alt=\"Les organisateurs de la flottille Glomal Sumud ont diffus\u00e9 des images de l'interception d'un de leurs navires lors de son interception par les forces isra\u00e9liennes, le 2 octobre 2025. (GLOBAL SUMUD FLOTTILLA)\" width=\"432\" height=\"243\" src=\"https:\/\/www.europesays.com\/fr\/wp-content\/uploads\/2025\/10\/grande-68ddf96c38a54301206369.png\" fetchpriority=\"high\"\/><\/p>\n<p>      Les organisateurs de la flottille Glomal Sumud ont diffus\u00e9 des images de l&rsquo;interception d&rsquo;un de leurs navires lors de son interception par les forces isra\u00e9liennes, le 2 octobre 2025. (GLOBAL SUMUD FLOTTILLA)<\/p>\n<p>La <a href=\"https:\/\/www.franceinfo.fr\/monde\/proche-orient\/israel-palestine\/navires-encercles-radars-brouilles-la-flottille-pour-gaza-poursuit-sa-route-malgre-des-intimidations-et-des-appels-a-s-arreter_7525372.html\" rel=\"nofollow noopener\" target=\"_blank\">Flottille pour Gaza<\/a> a dit poursuivre sa route vers la bande de Gaza, jeudi 2 ao\u00fbt \u00e0 l&rsquo;aube, malgr\u00e9 l&rsquo;interception la veille au soir de plusieurs de ses bateaux par la marine isra\u00e9lienne. Dans un message, elle a assur\u00e9 que \u00ab\u00a030 bateaux\u00a0\u00bb voguaient toujours vers l&rsquo;enclave palestinienne, et qu&rsquo;ils se trouvaient \u00e0 \u00ab\u00a046 milles nautiques [85 km] malgr\u00e9 les agressions incessantes\u00a0\u00bb de la marine isra\u00e9lienne. \u00ab\u00a0Ils sont d\u00e9termin\u00e9s. Ils sont motiv\u00e9s et font tout ce qui est en leur pouvoir pour briser le blocus t\u00f4t ce matin\u00a0\u00bb, a assur\u00e9 Saif Abukeshek, porte-parole de la Flottille.\u00a0<\/p>\n<p>La flottille a ensuite annonc\u00e9 trois nouvelles interceptions, celles du Grande Blu, du Hio et du Morgana, avec au total 27 personnes \u00e0 bord. Le minist\u00e8re des Affaires \u00e9trang\u00e8res isra\u00e9lien avait auparavant annonc\u00e9, dans la soir\u00e9e, l&rsquo;interception de 13 navires transportant 200 personnes au total, dont l&rsquo;activiste su\u00e9doise Greta Thunberg. Les autorit\u00e9s isra\u00e9liennes l&rsquo;ont montr\u00e9e en train de r\u00e9cup\u00e9rer des effets personnels, entour\u00e9e par des hommes arm\u00e9s. La flottille Global Sumud a d\u00e9nonc\u00e9 \u00ab\u00a0une attaque ill\u00e9gale contre des humanitaires non arm\u00e9s\u00a0\u00bb et appel\u00e9 \u00ab\u00a0les gouvernements, les dirigeants mondiaux et les institutions internationales \u00e0 exiger la s\u00e9curit\u00e9 et la lib\u00e9ration de toutes les personnes \u00e0 bord\u00a0\u00bb.<\/p>\n<p>L&rsquo;eurod\u00e9put\u00e9e franco-palestinienne Rima Hassan, qui avait pris place \u00e0 bord de la flottille, <a href=\"https:\/\/x.com\/RimaHas\/status\/1973495339777925238\" target=\"_blank\" rel=\"noopener nofollow\">a de son c\u00f4t\u00e9 accus\u00e9 Isra\u00ebl<\/a> d&rsquo;avoir arr\u00eat\u00e9 \u00ab\u00a0ill\u00e9galement\u00a0\u00bb et \u00ab\u00a0arbitrairement\u00a0\u00bb des \u00ab\u00a0centaines\u00a0\u00bb de personnes. La d\u00e9put\u00e9e europ\u00e9enne avait commenc\u00e9 \u00e0 t\u00e9moigner dans un direct sur Instagram apr\u00e8s avoir assist\u00e9 \u00e0 l&rsquo;arraisonnement d&rsquo;une embarcation se trouvant \u00e0 proximit\u00e9, avant de jeter son t\u00e9l\u00e9phone \u00e0 l&rsquo;eau au moment de l&rsquo;abordage du navire o\u00f9 elle se trouvait.<\/p>\n<p>Partie d&rsquo;Espagne d\u00e9but septembre, la Flotille se pr\u00e9sente comme une \u00ab\u00a0mission pacifique et non violente d&rsquo;aide humanitaire\u00a0\u00bb. Elle rassemblait initialement environ 45 bateaux et des centaines de militants propalestiniens originaires de plus de 40 pays. La Flottille dit vouloir \u00ab\u00a0briser le blocus de Gaza\u00a0\u00bb et fournir \u00ab\u00a0une aide humanitaire \u00e0 une population assi\u00e9g\u00e9e confront\u00e9e \u00e0 la famine et au g\u00e9nocide\u00a0\u00bb. Outre Greta Thunberg et Rima Hassan, elle comprend notamment le petit-fils de Nelson Mandela et ex-d\u00e9put\u00e9 sud-africain Mandla Mandela et l&rsquo;ancienne maire de Barcelone Ada Colau.<\/p>\n<p>L&rsquo;Italie et l&rsquo;Espagne avaient d\u00e9p\u00each\u00e9 des navires militaires pour escorter la flottille apr\u00e8s des \u00ab\u00a0attaques par drones\u00a0\u00bb dans la nuit du 23 au 24 septembre. D\u00e9nonc\u00e9es par l&rsquo;ONU et l&rsquo;Union europ\u00e9enne, celles-ci \u00e9taient similaires \u00e0 deux attaques attribu\u00e9es \u00e0 Isra\u00ebl par la flottille quand elle \u00e9tait ancr\u00e9e le 9 septembre pr\u00e8s de Tunis. Mais le gouvernement espagnol a demand\u00e9 \u00e0 Global Sumud (\u00ab\u00a0r\u00e9silience\u00a0\u00bb en arabe) \u00ab\u00a0de ne pas entrer dans les eaux d\u00e9sign\u00e9es comme zone d&rsquo;exclusion par Isra\u00ebl\u00a0\u00bb et soulign\u00e9 que le navire espagnol ne franchirait pas cette limite. La fr\u00e9gate italienne, quant \u00e0 elle, avait cess\u00e9 son escorte \u00e0 150 milles nautiques du territoire, soit 275 km.<\/p>\n<p>L&rsquo;interception par les forces isra\u00e9liennes est un \u00ab\u00a0crime de piraterie et de terrorisme maritime contre des civils\u00a0\u00bb, a estim\u00e9 l&rsquo;organisation islamiste Hamas, au pouvoir \u00e0 Gaza. Le minist\u00e8re turc des Affaires \u00e9trang\u00e8res a accus\u00e9 Isra\u00ebl de commettre \u00ab\u00a0un acte de terrorisme\u00a0\u00bb et le pr\u00e9sident colombien Gustavo Petro a annonc\u00e9 l&rsquo;expulsion de la d\u00e9l\u00e9gation diplomatique isra\u00e9lienne dans son pays en r\u00e9action. En France, le chef de la diplomatie Jean-No\u00ebl Barrot <a href=\"https:\/\/x.com\/jnbarrot\/status\/1973461729184194893\" target=\"_blank\" rel=\"noopener nofollow\">a appel\u00e9<\/a> les autorit\u00e9s isra\u00e9liennes \u00ab\u00a0\u00e0 assurer la s\u00e9curit\u00e9 des participants\u00a0\u00bb.<\/p>\n","protected":false},"excerpt":{"rendered":"Une trentaine de bateaux tentent toujours de rejoindre l&rsquo;enclave palestinienne malgr\u00e9 le blocus ordonn\u00e9 par l&rsquo;Etat h\u00e9breu. lire&hellip;\n","protected":false},"author":2,"featured_media":432917,"comment_status":"","ping_status":"","sticky":false,"template":"","format":"standard","meta":{"footnotes":""},"categories":[1888],"tags":[1111,1928,11,1927,1777,674,1011,27,12,1926,626,1925,25],"class_list":{"0":"post-432916","1":"post","2":"type-post","3":"status-publish","4":"format-standard","5":"has-post-thumbnail","7":"category-paris","8":"tag-actu","9":"tag-actu-paris","10":"tag-actualites","11":"tag-actualites-paris","12":"tag-eu","13":"tag-europe","14":"tag-fr","15":"tag-france","16":"tag-news","17":"tag-news-paris","18":"tag-paris","19":"tag-paris-news","20":"tag-republique-francaise"},"share_on_mastodon":{"url":"https:\/\/pubeurope.com\/@fr\/115302968413792756","error":""},"_links":{"self":[{"href":"https:\/\/www.europesays.com\/fr\/wp-json\/wp\/v2\/posts\/432916","targetHints":{"allow":["GET"]}}],"collection":[{"href":"https:\/\/www.europesays.com\/fr\/wp-json\/wp\/v2\/posts"}],"about":[{"href":"https:\/\/www.europesays.com\/fr\/wp-json\/wp\/v2\/types\/post"}],"author":[{"embeddable":true,"href":"https:\/\/www.europesays.com\/fr\/wp-json\/wp\/v2\/users\/2"}],"replies":[{"embeddable":true,"href":"https:\/\/www.europesays.com\/fr\/wp-json\/wp\/v2\/comments?post=432916"}],"version-history":[{"count":0,"href":"https:\/\/www.europesays.com\/fr\/wp-json\/wp\/v2\/posts\/432916\/revisions"}],"wp:featuredmedia":[{"embeddable":true,"href":"https:\/\/www.europesays.com\/fr\/wp-json\/wp\/v2\/media\/432917"}],"wp:attachment":[{"href":"https:\/\/www.europesays.com\/fr\/wp-json\/wp\/v2\/media?parent=432916"}],"wp:term":[{"taxonomy":"category","embeddable":true,"href":"https:\/\/www.europesays.com\/fr\/wp-json\/wp\/v2\/categories?post=432916"},{"taxonomy":"post_tag","embeddable":true,"href":"https:\/\/www.europesays.com\/fr\/wp-json\/wp\/v2\/tags?post=432916"}],"curies":[{"name":"wp","href":"https:\/\/api.w.org\/{rel}","templated":true}]}}