{"id":432926,"date":"2025-10-02T05:44:11","date_gmt":"2025-10-02T05:44:11","guid":{"rendered":"https:\/\/www.europesays.com\/fr\/432926\/"},"modified":"2025-10-02T05:44:11","modified_gmt":"2025-10-02T05:44:11","slug":"promethee-earth-intelligence-va-aider-lukraine-a-observer","status":"publish","type":"post","link":"https:\/\/www.europesays.com\/fr\/432926\/","title":{"rendered":"Prom\u00e9th\u00e9e Earth Intelligence va aider l\u2019Ukraine \u00e0 observer"},"content":{"rendered":"<p>\u00c0 Lviv, le 27 septembre, l\u2019alliance ukrainienne New Energy of Ukraine et la p\u00e9pite fran\u00e7aise Prom\u00e9th\u00e9e Earth Intelligence ont <a href=\"https:\/\/united24media.com\/latest-news\/ukraine-and-france-forge-space-alliance-to-deploy-cutting-edge-satellite-fleet-12104\" target=\"_blank\" rel=\"noopener\">sign\u00e9<\/a> un accord pour d\u00e9ployer une constellation de petits satellites d\u2019observation. Objectif : doter l\u2019Ukraine d\u2019un acc\u00e8s souverain, rapide et soutenu aux donn\u00e9es d\u2019imagerie, cruciales pour la conduite des op\u00e9rations, l\u2019alerte et la reconstruction.<\/p>\n<p>Une industrie spatiale qui grandit en Ukraine<\/p>\n<p>Le projet met sur pied un consortium national c\u00f4t\u00e9 ukrainien, une plateforme num\u00e9rique unifi\u00e9e pour agr\u00e9ger des flux multiples et une architecture modulaire pour faire grandir l\u2019industrie sur le territoire. Les partenaires promettent une fr\u00e9quence d\u2019observation jusqu\u2019\u00e0 cent fois sup\u00e9rieure \u00e0 celle de Copernicus. Un tel saut de cadence changerait l\u2019\u00e9chelle de la connaissance de situation : surveillance des axes logistiques, suivi des frappes et des d\u00e9g\u00e2ts, cartographie des mines et des obstacles.<\/p>\n<p>Sur le financement, Kyiv cherche un montage qui combine appui fran\u00e7ais et contributeurs europ\u00e9ens ou alli\u00e9s. Les \u00e9quipes ont d\u00e9j\u00e0 entam\u00e9 des \u00e9changes avec le Fonds europ\u00e9en de d\u00e9fense (FED), le NATO Innovation Fund et plusieurs gouvernements. Elles ont \u00e9galement rencontr\u00e9 <a href=\"https:\/\/opexnews.fr\/tag\/airbus\/\" target=\"_blank\" rel=\"noopener\">Airbus<\/a> pour verrouiller les sp\u00e9cifications qui fixeront la structure de co\u00fbts. \u00c0 terme, le minist\u00e8re ukrainien de la D\u00e9fense veut devenir premier client des capacit\u00e9s spatiales nationales afin d\u2019ancrer la fili\u00e8re et de r\u00e9duire la d\u00e9pendance aux flux externes.<\/p>\n<p>Cette coop\u00e9ration s\u2019inscrit dans une trajectoire politique d\u00e9sormais claire. En mars, le minist\u00e8re de la D\u00e9fense a cr\u00e9\u00e9 une direction de la politique spatiale pour f\u00e9d\u00e9rer acteurs publics, priv\u00e9s et acad\u00e9miques. Les autorit\u00e9s fixent un cap : \u00e9riger des Space Forces d\u2019ici au 31 d\u00e9cembre 2025, puis d\u00e9ployer d\u2019ici 2030 des satellites nationaux d\u00e9di\u00e9s \u00e0 la d\u00e9fense, \u00e0 l\u2019alerte a\u00e9rienne et \u00e0 la surveillance de l\u2019environnement spatial. Au-del\u00e0 du militaire, elles visent d\u00e9j\u00e0 des retomb\u00e9es civiles : agriculture, \u00e9nergie, d\u00e9minage et reconstruction d\u2019infrastructures. En un mot, Kyiv veut s\u00e9curiser un flux d\u2019imagerie \u00e0 haute revisite sous contr\u00f4le national et structurer un \u00e9cosyst\u00e8me <a href=\"https:\/\/opexnews.fr\/tag\/new-space\/\" target=\"_blank\" rel=\"noopener\">new space<\/a> capable de durer apr\u00e8s-guerre.<\/p>\n<p>Prom\u00e9th\u00e9e\u2013Skynopy : une cha\u00eene capteur\u2013sol souveraine valid\u00e9e<\/p>\n<p>Prom\u00e9th\u00e9e, fond\u00e9e en 2020, apporte des briques d\u00e9j\u00e0 \u00e9prouv\u00e9es. Son d\u00e9monstrateur ProtoM\u00e9th\u00e9e, lanc\u00e9 en novembre 2023 sur plateforme NanoAvionics, a <a href=\"https:\/\/promethee.earth\/wp-content\/uploads\/2025\/05\/CP-Skynopy-x-Promethee-39-.pdf\" target=\"_blank\" rel=\"noopener\">livr\u00e9<\/a> en mars 2025 ses premi\u00e8res images via la station Skynopy du Cap (Afrique du Sud). En deux semaines, l\u2019\u00e9quipe a int\u00e9gr\u00e9 son segment sol au r\u00e9seau mondial de Skynopy et a r\u00e9cup\u00e9r\u00e9 l\u2019ensemble des donn\u00e9es d\u00e8s le premier passage. Les deux start-up y voient une premi\u00e8re op\u00e9rationnellement souveraine pour une cha\u00eene d\u2019imagerie capteur\u2013sol europ\u00e9enne, r\u00e9active et s\u00e9curis\u00e9e. Elles ont aussi sign\u00e9 un accord de long terme : Skynopy d\u00e9ploiera deux nouvelles stations \u00e0 Saint-Pierre-et-Miquelon et en Nouvelle-Cal\u00e9donie d\u2019ici 2026 ; Prom\u00e9th\u00e9e utilisera ces services pour r\u00e9duire les latences et augmenter la disponibilit\u00e9 des fen\u00eatres de descente.<\/p>\n<p>Prochaine \u00e9tape : <a href=\"https:\/\/promethee.earth\/roadmap\/la-constellation-japetus\/\" target=\"_blank\" rel=\"noopener\">Japetus<\/a>, une constellation de 20 nanosatellites d\u2019environ 50 kg, fabriqu\u00e9s par Hemeria, qui vise des revisites proches de 40 minutes. Les charges utiles multispectrales et hyperspectrales et l\u2019IA embarqu\u00e9e permettront de d\u00e9clencher, analyser et diffuser des prises de vue quasi en temps r\u00e9el. Les premiers d\u00e9ploiements s\u2019\u00e9chelonnent de mi-2026 \u00e0 d\u00e9but 2028. En parall\u00e8le, Prom\u00e9th\u00e9e porte une offre 100 % fran\u00e7aise dans France 2030 avec 13 partenaires (dont Airbus, Safran, Thales) et propose des configurations \u00ab \u00e0 la carte \u00bb pour les \u00c9tats qui veulent internaliser une capacit\u00e9 d\u2019imagerie.<\/p>\n<p>Pour l\u2019Ukraine, s\u2019adosser \u00e0 cette brique d\u00e9j\u00e0 en rodage acc\u00e9l\u00e8re le calendrier : s\u00e9curiser un service souverain et hautement r\u00e9actif, poser les fondations d\u2019une capacit\u00e9 spatiale durable au service de la d\u00e9fense et de la reconstruction, tout en s\u2019appuyant sur l\u2019excellence de l\u2019\u00e9cosyst\u00e8me spatial fran\u00e7ais (CNES, ma\u00eetres d\u2019\u0153uvre, new space toulousain) capable d\u2019int\u00e9grer capteurs, plateformes, segment sol et traitement de donn\u00e9es pour d\u00e9livrer des solutions \u00e0 haute revisite r\u00e9ellement op\u00e9rationnelles.<\/p>\n<p>Image \u00a9 Hemeria<\/p>\n","protected":false},"excerpt":{"rendered":"\u00c0 Lviv, le 27 septembre, l\u2019alliance ukrainienne New Energy of Ukraine et la p\u00e9pite fran\u00e7aise Prom\u00e9th\u00e9e Earth Intelligence&hellip;\n","protected":false},"author":2,"featured_media":432927,"comment_status":"","ping_status":"","sticky":false,"template":"","format":"standard","meta":{"footnotes":""},"categories":[1590],"tags":[11,36,1813,53392,6486,15803,55577,5744,554,1777,674,56097,56098,56099,56100,56101,12,56102,56103,4313,56104,671,220],"class_list":{"0":"post-432926","1":"post","2":"type-post","3":"status-publish","4":"format-standard","5":"has-post-thumbnail","7":"category-ukraine","8":"tag-actualites","9":"tag-airbus","10":"tag-armee","11":"tag-bitd","12":"tag-bpifrance","13":"tag-civil","14":"tag-cnes","15":"tag-constellation","16":"tag-defense","17":"tag-eu","18":"tag-europe","19":"tag-hemeria","20":"tag-japetus","21":"tag-nanoavionics","22":"tag-new-energy-of-ukraine","23":"tag-new-space","24":"tag-news","25":"tag-promethee-earth-intelligence","26":"tag-protomethee","27":"tag-satellite","28":"tag-skynopy","29":"tag-spatial","30":"tag-ukraine"},"share_on_mastodon":{"url":"https:\/\/pubeurope.com\/@fr\/115302987535361621","error":""},"_links":{"self":[{"href":"https:\/\/www.europesays.com\/fr\/wp-json\/wp\/v2\/posts\/432926","targetHints":{"allow":["GET"]}}],"collection":[{"href":"https:\/\/www.europesays.com\/fr\/wp-json\/wp\/v2\/posts"}],"about":[{"href":"https:\/\/www.europesays.com\/fr\/wp-json\/wp\/v2\/types\/post"}],"author":[{"embeddable":true,"href":"https:\/\/www.europesays.com\/fr\/wp-json\/wp\/v2\/users\/2"}],"replies":[{"embeddable":true,"href":"https:\/\/www.europesays.com\/fr\/wp-json\/wp\/v2\/comments?post=432926"}],"version-history":[{"count":0,"href":"https:\/\/www.europesays.com\/fr\/wp-json\/wp\/v2\/posts\/432926\/revisions"}],"wp:featuredmedia":[{"embeddable":true,"href":"https:\/\/www.europesays.com\/fr\/wp-json\/wp\/v2\/media\/432927"}],"wp:attachment":[{"href":"https:\/\/www.europesays.com\/fr\/wp-json\/wp\/v2\/media?parent=432926"}],"wp:term":[{"taxonomy":"category","embeddable":true,"href":"https:\/\/www.europesays.com\/fr\/wp-json\/wp\/v2\/categories?post=432926"},{"taxonomy":"post_tag","embeddable":true,"href":"https:\/\/www.europesays.com\/fr\/wp-json\/wp\/v2\/tags?post=432926"}],"curies":[{"name":"wp","href":"https:\/\/api.w.org\/{rel}","templated":true}]}}