{"id":432928,"date":"2025-10-02T05:45:19","date_gmt":"2025-10-02T05:45:19","guid":{"rendered":"https:\/\/www.europesays.com\/fr\/432928\/"},"modified":"2025-10-02T05:45:19","modified_gmt":"2025-10-02T05:45:19","slug":"aux-etats-unis-les-elites-dorigine-indienne-visees-par-donald-trump-lexpress","status":"publish","type":"post","link":"https:\/\/www.europesays.com\/fr\/432928\/","title":{"rendered":"Aux \u00c9tats-Unis, les \u00e9lites d&rsquo;origine indienne vis\u00e9es par Donald Trump \u2013 L&rsquo;Express"},"content":{"rendered":"<p class=\"paragraph article-body-paragraph article__item   article-body-paragraph--first \">Sundar Pichai (Google), <a href=\"https:\/\/www.lexpress.fr\/economie\/high-tech\/satya-nadella-pdg-de-microsoft-il-y-aura-une-multiplicite-de-modeles-economiques-sur-lia-JFUCTPZ3WJEPTIUY27FEVVUQFA\/\" target=\"_self\" rel=\"noopener\" title=\"https:\/\/www.lexpress.fr\/economie\/high-tech\/satya-nadella-pdg-de-microsoft-il-y-aura-une-multiplicite-de-modeles-economiques-sur-lia-JFUCTPZ3WJEPTIUY27FEVVUQFA\/\">Satya Nadella<\/a> (Microsoft), Shantanu Narayen (Adobe) sont tous n\u00e9s en Inde\u2026 Et ils sont nombreux \u00e0 avoir quitt\u00e9 le sous-continent pour faire carri\u00e8re dans les multinationales de la tech am\u00e9ricaine. La Silicon Valley leur doit tant. Fin septembre, Donald Trump a fait grimper le prix du ticket d\u2019entr\u00e9e : le visa de travail H-1B <a href=\"https:\/\/www.lexpress.fr\/monde\/amerique\/donald-trump-et-ses-frais-astronomiques-sur-un-visa-emblematique-du-secteur-chamboulent-la-tech-44BMTUWEBJAVJLWKYWZUUT3TP4\/\" target=\"_self\" rel=\"noopener\" title=\"https:\/\/www.lexpress.fr\/monde\/amerique\/donald-trump-et-ses-frais-astronomiques-sur-un-visa-emblematique-du-secteur-chamboulent-la-tech-44BMTUWEBJAVJLWKYWZUUT3TP4\/\">co\u00fbte d\u00e9sormais 100 000 dollars<\/a>. Une somme d\u00e9mesur\u00e9e, 20 \u00e0 50 fois plus \u00e9lev\u00e9e que son montant initial qui variait selon la taille de l\u2019entreprise. C\u2019est le prix \u00e0 payer d\u00e9sormais pour esp\u00e9rer poursuivre le r\u00eave am\u00e9ricain.<\/p>\n<p class=\"paragraph article-body-paragraph article__item   \">Mis en place au d\u00e9but des ann\u00e9es 1990, ce visa permettait \u00e0 environ 400 000 \u00e9trangers de venir travailler aux Etats-Unis pour une p\u00e9riode de trois ans renouvelable. La condition : \u00eatre sponsoris\u00e9 par un employeur aux Etats-Unis et \u00eatre hautement qualifi\u00e9 dans un secteur de pointe comme l\u2019ing\u00e9nierie, l\u2019informatique, la m\u00e9decine, les math\u00e9matiques\u2026 ou encore le mannequinat. <\/p>\n<p class=\"paragraph article-body-paragraph article__item   \">Plus encore que la r\u00e9forme, la m\u00e9thode interroge. Le revirement a \u00e9t\u00e9 annonc\u00e9 en grande pompe, \u00e0 la veille du week-end du 20 septembre. Date de mise en \u0153uvre du d\u00e9cret : le dimanche 21, soit moins de 48 heures plus tard ! Imm\u00e9diatement, un vent de panique s\u2019est empar\u00e9 des \u00e9tats-majors de la Silicon Valley, les responsables d\u2019entreprises technologiques intimant \u00e0 leurs employ\u00e9s de ne quitter le territoire des Etats-Unis sous aucun pr\u00e9texte. Karoline Leavitt, porte-parole du gouvernement am\u00e9ricain a ensuite apport\u00e9 quelques clarifications : \u00ab\u00a0Il s\u2019agit de frais \u00e0 payer une seule fois qui ne s\u2019appliquent qu\u2019\u00e0 la demande de visa, a-t-elle d\u00e9taill\u00e9, ceux qui sont d\u00e9j\u00e0 titulaires de visas H-1B et se trouvent actuellement hors du pays ne devront pas payer 100 000 dollars pour rentrer.\u00a0\u00bb Tir\u00e9s d&rsquo;affaire ? Pas si s\u00fbr\u2026<\/p>\n<p><img decoding=\"async\" src=\"https:\/\/www.europesays.com\/fr\/wp-content\/uploads\/2025\/10\/U7Q6RIB7VVCIVMDBZB5F2PHRHI.png\" class=\"image-with-legend__cover-img\" alt=\"Les travailleurs indiens sont les premiers touch\u00e9s par l'annonce de Donald Trump.\" width=\"883\" height=\"0\" loading=\"lazy\"\/><\/p>\n<p class=\"image-with-legend__legend\">Les travailleurs indiens sont les premiers touch\u00e9s par l&rsquo;annonce de Donald Trump.<\/p>\n<p class=\"image-with-legend__credits\"> \u00a9  \/ Mathias Penguilly \/ L&rsquo;Express<\/p>\n<p class=\"paragraph article-body-paragraph article__item   \">Cela fait un moment que certains \u00e9lus ont le visa H-1B dans le viseur. Donald Trump, lui, a r\u00e9guli\u00e8rement chang\u00e9 d\u2019avis \u00e0 son endroit. Lors de sa premi\u00e8re pr\u00e9sidence, son administration avait d\u00e9j\u00e0 r\u00e9duit le nombre de permis accord\u00e9s. En d\u00e9cembre dernier, \u00e0 quelques jours de sa deuxi\u00e8me investiture, il a d\u2019abord promis de ne pas y toucher. Il faut dire que la plupart des champions \u00e9conomiques am\u00e9ricains sont des d\u00e9fenseurs v\u00e9h\u00e9ments du visa, \u00e0 commencer par <a href=\"https:\/\/www.lexpress.fr\/economie\/high-tech\/elon-musk-se-mele-de-politique-europeenne-mais-un-argument-massue-aurait-pu-len-dissuader-2LNH3LDM3JFULMOCBG6GKR3A5I\/\" target=\"_self\" rel=\"noopener\" title=\"https:\/\/www.lexpress.fr\/economie\/high-tech\/elon-musk-se-mele-de-politique-europeenne-mais-un-argument-massue-aurait-pu-len-dissuader-2LNH3LDM3JFULMOCBG6GKR3A5I\/\">le milliardaire Elon Musk,<\/a> ancien alli\u00e9 du pr\u00e9sident. <\/p>\n<p class=\"paragraph article-body-paragraph article__item   \">En augmentant le prix d\u2019entr\u00e9e, il esp\u00e8re r\u00e9duire la manne de travailleurs immigr\u00e9s et encourager les multinationales de la tech \u00e0 embaucher des talents locaux. \u00ab\u00a0L\u2019id\u00e9e g\u00e9n\u00e9rale, c\u2019est que ces grandes entreprises de la tech ou d\u2019autres secteurs ne formeront plus de travailleurs \u00e9trangers, a d\u00e9fendu Howard Lutnick, secr\u00e9taire au Commerce des Etats-Unis, si vous voulez former quelqu\u2019un, vous allez former un jeune dipl\u00f4m\u00e9 d\u2019une <a href=\"https:\/\/www.lexpress.fr\/monde\/amerique\/dans-sa-bataille-avec-harvard-la-maison-blanche-dispose-de-nombreux-moyens-de-pression-3K3MKJ5CK5DIJOJTG7RHZZOZZ4\/\" target=\"_self\" rel=\"noopener\" title=\"https:\/\/www.lexpress.fr\/monde\/amerique\/dans-sa-bataille-avec-harvard-la-maison-blanche-dispose-de-nombreux-moyens-de-pression-3K3MKJ5CK5DIJOJTG7RHZZOZZ4\/\">des grandes universit\u00e9s<\/a> de notre pays, former des Am\u00e9ricains, et arr\u00eater de faire venir des gens pour prendre nos emplois.\u00a0\u00bb<\/p>\n<p><strong class=\"article-body-link-list__item text-gray-800 article-body-link-list__item--one-item\">LIRE AUSSI : <a class=\"article-body-link-list__item-link\" href=\"https:\/\/www.lexpress.fr\/economie\/high-tech\/avec-donald-trump-la-tech-americaine-a-t-elle-mise-sur-le-mauvais-cheval-NS5PEHANS5ETFDTK7GE5PK27CM\/\" target=\"_blank\" rel=\"noopener\">Avec Donald Trump, la tech am\u00e9ricaine a-t-elle mis\u00e9 sur le mauvais cheval ?<\/a><\/strong><\/p>\n<p class=\"paragraph article-body-paragraph article__item   \">En 2024, 71 % des b\u00e9n\u00e9ficiaires du visa H-1B \u00e9taient originaires d\u2019Inde. Difficile de ne pas voir un ciblage direct des travailleurs indiens dans la man\u0153uvre du pr\u00e9sident Trump. D\u2019autant que les Indo-Am\u00e9ricains ont pris une place d\u00e9terminante dans l\u2019\u00e9cosyst\u00e8me \u00e9conomique des Etats-Unis. Ils sont surrepr\u00e9sent\u00e9s parmi les PDG du <a href=\"https:\/\/fortune.com\/ranking\/fortune500\/\" target=\"_self\" rel=\"noopener\" title=\"https:\/\/fortune.com\/ranking\/fortune500\/\">classement Fortune 500<\/a> et dirigent deux des 15 premi\u00e8res entreprises de ce classement. Les 13 autres sont tous des hommes, n\u00e9s en Am\u00e9rique.<\/p>\n<p><img decoding=\"async\" src=\"https:\/\/www.europesays.com\/fr\/wp-content\/uploads\/2025\/10\/URHHSCMUZJESLJALQYMGYCLXUA.png\" class=\"image-with-legend__cover-img\" alt=\"De nombreuses entreprises am\u00e9ricaines sont actuellement dirig\u00e9es par un PDG d'origine indienne.\" width=\"883\" height=\"0\" loading=\"lazy\"\/><\/p>\n<p class=\"image-with-legend__legend\">De nombreuses entreprises am\u00e9ricaines sont actuellement dirig\u00e9es par un PDG d&rsquo;origine indienne.<\/p>\n<p class=\"image-with-legend__credits\"> \u00a9  \/ Mathias Penguilly \/ L&rsquo;Express<\/p>\n<p class=\"paragraph article-body-paragraph article__item   \">Par ailleurs, certains ont marqu\u00e9 leur entreprise de leur empreinte, \u00e0 l\u2019image d\u2019Indra Nooyi, ancienne dirigeante de PepsiCo et une des premi\u00e8res femmes \u00e0 la t\u00eate d\u2019un titan de l\u2019\u00e9conomie am\u00e9ricaine ou encore d\u2019<a href=\"https:\/\/www.lexpress.fr\/monde\/nouveau-pacte-financier-mondial-scholz-kerry-la-longue-liste-des-invites-au-sommet-XOWC7HELONH3VIAGKZTGNKPRHM\/\" target=\"_self\" rel=\"noopener\" title=\"https:\/\/www.lexpress.fr\/monde\/nouveau-pacte-financier-mondial-scholz-kerry-la-longue-liste-des-invites-au-sommet-XOWC7HELONH3VIAGKZTGNKPRHM\/\">Ajay Banga<\/a>, ancien PDG de Mastercard qui pr\u00e9side la Banque mondiale \u00e0 pr\u00e9sent. Les Indo-Am\u00e9ricains sont \u00e9galement tr\u00e8s pr\u00e9sents dans la sph\u00e8re politique : l\u2019ancienne vice-pr\u00e9sidente <a href=\"https:\/\/www.lexpress.fr\/monde\/amerique\/cinq-mois-apres-sa-defaite-que-devient-kamala-harris-DNJ5EEMDLZACFD42CQHAO3BAMA\/\" target=\"_self\" rel=\"noopener\" title=\"https:\/\/www.lexpress.fr\/monde\/amerique\/cinq-mois-apres-sa-defaite-que-devient-kamala-harris-DNJ5EEMDLZACFD42CQHAO3BAMA\/\">Kamala Harris<\/a> a des origines indiennes, tout comme Nikki Haley et Vivek Ramaswamy, candidats malheureux \u00e0 la primaire r\u00e9publicaine en 2024. Ce dernier a rejoint l\u2019administration Trump tandis que Kash Patel, fils d\u2019immigr\u00e9s indiens, a pris les r\u00eanes du FBI. Enfin, six Indo-Am\u00e9ricains ont \u00e9t\u00e9 r\u00e9cemment \u00e9t\u00e9 \u00e9lus \u00e0 la Chambre des repr\u00e9sentants. Tous des d\u00e9mocrates.<\/p>\n<p><strong class=\"article-body-link-list__item text-gray-800 article-body-link-list__item--one-item\">LIRE AUSSI : <a class=\"article-body-link-list__item-link\" href=\"https:\/\/www.lexpress.fr\/economie\/high-tech\/le-secteur-de-lia-victime-collaterale-de-la-guerre-commerciale-de-donald-trump-4E74B7QTSJCLPAAJOFU2GQFQ7A\/\" target=\"_blank\" rel=\"noopener\">Le secteur de l\u2019IA, victime collat\u00e9rale de la guerre commerciale de Donald Trump<\/a><\/strong><\/p>\n<p class=\"paragraph article-body-paragraph article__item   \">Le plus m\u00e9diatique d\u2019entre eux, <a href=\"https:\/\/x.com\/RoKhanna\/status\/948358921483366400\" target=\"_self\" rel=\"\" title=\"https:\/\/x.com\/RoKhanna\/status\/948358921483366400\">Ro Khanna<\/a> est \u00e9lu dans la Silicon Valley et s\u2019est lui-m\u00eame r\u00e9guli\u00e8rement oppos\u00e9 au visa H-1B. Son tort selon lui ? Permettre l\u2019embauche de talents \u00e9trangers \u00e0 moindres frais. Pas question de s\u2019aligner sur le programme trumpiste pour autant : en 2018, il s\u2019\u00e9tait par exemple oppos\u00e9 \u00e0 la restriction du nombre de permis accord\u00e9s, d\u00e9non\u00e7ant une \u00ab\u00a0rh\u00e9torique anti-immigr\u00e9s.\u00a0\u00bb<\/p>\n<p class=\"paragraph article-body-paragraph article__item    article__text__endpicto\">Pour ceux qui souhaiteraient suivre les traces de ces nouveaux pionniers, il faudra convaincre des entreprises de d\u00e9bourser la somme aussi symbolique que titanesque fix\u00e9e par Donald Trump. Dans les d\u00e9bats \u00e9conomiques qui l\u2019opposent r\u00e9guli\u00e8rement aux grands conglom\u00e9rats californiens, le pr\u00e9sident a tranch\u00e9. Et donne \u00e0 voir une certaine id\u00e9e de l\u2019Am\u00e9rique.<\/p>\n","protected":false},"excerpt":{"rendered":"Sundar Pichai (Google), Satya Nadella (Microsoft), Shantanu Narayen (Adobe) sont tous n\u00e9s en Inde\u2026 Et ils sont nombreux&hellip;\n","protected":false},"author":2,"featured_media":432929,"comment_status":"","ping_status":"","sticky":false,"template":"","format":"standard","meta":{"footnotes":""},"categories":[1589],"tags":[11,782,73,1866,74,12,1864,1865,1863,308],"class_list":{"0":"post-432928","1":"post","2":"type-post","3":"status-publish","4":"format-standard","5":"has-post-thumbnail","7":"category-etats-unis","8":"tag-actualites","9":"tag-ameriques","10":"tag-etats-unis","11":"tag-etats-unis-damerique","12":"tag-monde","13":"tag-news","14":"tag-united-states","15":"tag-united-states-of-america","16":"tag-us","17":"tag-usa"},"share_on_mastodon":{"url":"https:\/\/pubeurope.com\/@fr\/115302991868215870","error":""},"_links":{"self":[{"href":"https:\/\/www.europesays.com\/fr\/wp-json\/wp\/v2\/posts\/432928","targetHints":{"allow":["GET"]}}],"collection":[{"href":"https:\/\/www.europesays.com\/fr\/wp-json\/wp\/v2\/posts"}],"about":[{"href":"https:\/\/www.europesays.com\/fr\/wp-json\/wp\/v2\/types\/post"}],"author":[{"embeddable":true,"href":"https:\/\/www.europesays.com\/fr\/wp-json\/wp\/v2\/users\/2"}],"replies":[{"embeddable":true,"href":"https:\/\/www.europesays.com\/fr\/wp-json\/wp\/v2\/comments?post=432928"}],"version-history":[{"count":0,"href":"https:\/\/www.europesays.com\/fr\/wp-json\/wp\/v2\/posts\/432928\/revisions"}],"wp:featuredmedia":[{"embeddable":true,"href":"https:\/\/www.europesays.com\/fr\/wp-json\/wp\/v2\/media\/432929"}],"wp:attachment":[{"href":"https:\/\/www.europesays.com\/fr\/wp-json\/wp\/v2\/media?parent=432928"}],"wp:term":[{"taxonomy":"category","embeddable":true,"href":"https:\/\/www.europesays.com\/fr\/wp-json\/wp\/v2\/categories?post=432928"},{"taxonomy":"post_tag","embeddable":true,"href":"https:\/\/www.europesays.com\/fr\/wp-json\/wp\/v2\/tags?post=432928"}],"curies":[{"name":"wp","href":"https:\/\/api.w.org\/{rel}","templated":true}]}}