{"id":432934,"date":"2025-10-02T05:48:30","date_gmt":"2025-10-02T05:48:30","guid":{"rendered":"https:\/\/www.europesays.com\/fr\/432934\/"},"modified":"2025-10-02T05:48:30","modified_gmt":"2025-10-02T05:48:30","slug":"la-france-dans-le-top-3-des-pays-europeens-ou-lon-betonne-le-plus-liberation","status":"publish","type":"post","link":"https:\/\/www.europesays.com\/fr\/432934\/","title":{"rendered":"La France dans le top 3 des pays europ\u00e9ens o\u00f9 l\u2019on b\u00e9tonne le plus \u2013 Lib\u00e9ration"},"content":{"rendered":"<p class=\"sc-cPiKLX AiZTS text-element\">Chaque jour l\u2019\u00e9quivalent de 600 terrains de football est artificialis\u00e9 sur le continent europ\u00e9en. Et la France n\u2019est pas en reste : entre 2018 et 2023, 950 km\u00b2 d\u2019espaces naturels ont \u00e9t\u00e9 b\u00e9tonn\u00e9s, soit neuf fois la superficie de Paris, r\u00e9v\u00e8le ce mercredi 1er octobre <a href=\"https:\/\/greentogrey.eu\/\" target=\"_blank\" rel=\"noopener\" title=\"https:\/\/greentogrey.eu\/\">une enqu\u00eate de journalistes et de scientifiques<\/a> publi\u00e9e par plusieurs m\u00e9dias europ\u00e9ens et portant sur onze pays dont la Turquie. L\u2019Hexagone se classe parmi ceux o\u00f9 le ph\u00e9nom\u00e8ne est le plus inqui\u00e9tant, derri\u00e8re la Turquie (1 860 km\u00b2) et la Pologne (1 040 km\u00b2). <\/p>\n<p class=\"sc-cPiKLX AiZTS text-element\">Partout, l\u2019artificialisation des terres va bon train. \u00abEntre janvier 2018 et d\u00e9cembre 2023, nous avons perdu environ 9 000 km\u00b2\u00bb bruts de terres au profit de la construction, \u00abune surface \u00e9quivalente \u00e0 la taille de Chypre\u00bb, indiquent les auteurs de la publication, coordonn\u00e9e par le r\u00e9seau Arena for Journalism in Europe et intitul\u00e9e \u00abDu vert au gris\u00bb. Chaque ann\u00e9e, en moyenne, 1 500 km\u00b2 d\u2019espaces naturels et agricoles sont b\u00e9tonn\u00e9s en Europe. <\/p>\n<p class=\"sc-cPiKLX AiZTS text-element\">Ces r\u00e9sultats sugg\u00e8rent que les donn\u00e9es de l\u2019Agence europ\u00e9enne pour l\u2019environnement \u00absous-estiment probablement l\u2019ampleur de l\u2019artificialisation en Europe\u00bb, en r\u00e9alit\u00e9 au moins 1,5 fois plus importante selon l\u2019enqu\u00eate, qui s\u2019appuie sur une analyse d\u2019images satellitaires \u00e0 r\u00e9solution fine et sur de l\u2019IA. <\/p>\n<p class=\"sc-cPiKLX AiZTS text-element\">En 2019, l\u2019agence europ\u00e9enne avait montr\u00e9 que si \u00abune zone consid\u00e9rable\u00bb, d\u2019une superficie l\u00e9g\u00e8rement plus petite que celle de la Slov\u00e9nie, a \u00e9t\u00e9 asphalt\u00e9e entre 2000 et 2018 en Europe, le rythme de l\u2019artificialisation avait ralenti, passant de quelque 1 090 km\u00b2 par an (2000 et 2006) \u00e0 710 km\u00b2 par an (2012 et 2018). <\/p>\n<p class=\"sc-cPiKLX AiZTS text-element\">\u00abOn entend souvent dire : \u201cOh, on a accord\u00e9 ce permis de construire parce qu\u2019il ne faisait que 2 000 m\u00b2, et alors ?\u201c Mais si on additionne tous ces permis \u00e0 travers l\u2019Europe, c\u2019est \u00e9norme\u00bb, fait remarquer Peter Verburg, professeur d\u2019analyse spatiale environnementale \u00e0 l\u2019Universit\u00e9 libre d\u2019Amsterdam. L\u2019artificialisation, pour construire des h\u00e9bergements, usines ou routes mais aussi parfois des activit\u00e9s touristiques, se fait d\u2019abord sur les espaces naturels \u2013 <a href=\"https:\/\/www.liberation.fr\/environnement\/des-forets-primaires-ravagee-un-ecosysteme-degrade-leurope-depassee-la-roumanie-sous-la-coupe-de-la-mafia-du-bois-20250930_U34V5CMVH5FX5MNIDYXBLVSNRQ\/\" target=\"_blank\" rel=\"noopener\" title=\"https:\/\/www.liberation.fr\/environnement\/des-forets-primaires-ravagee-un-ecosysteme-degrade-leurope-depassee-la-roumanie-sous-la-coupe-de-la-mafia-du-bois-20250930_U34V5CMVH5FX5MNIDYXBLVSNRQ\/\">for\u00eats<\/a>, prairies <a href=\"https:\/\/www.liberation.fr\/environnement\/tobias-salathe-biologiste-nous-avons-tout-interet-a-nous-reconcilier-avec-les-terres-deau-20250112_4TW3MTLD6BHC5CJ6OKUPM644IM\/\" target=\"_blank\" rel=\"noopener\" title=\"https:\/\/www.liberation.fr\/environnement\/tobias-salathe-biologiste-nous-avons-tout-interet-a-nous-reconcilier-avec-les-terres-deau-20250112_4TW3MTLD6BHC5CJ6OKUPM644IM\/\">zones humides<\/a>, dont 900 km\u00b2 sont d\u00e9truits chaque ann\u00e9e. 600 km\u00b2 de terres agricoles sont elles aussi grignot\u00e9es annuellement, avec de \u00abgraves cons\u00e9quences sur la s\u00e9curit\u00e9 alimentaire et sanitaire\u00bb. <\/p>\n<p class=\"sc-cPiKLX AiZTS text-element\">Ces pratiques acc\u00e9l\u00e8rent la disparition de la nature, essentielle \u00e0 la survie de l\u2019humanit\u00e9. \u00abPendant des ann\u00e9es, l\u2019Europe a promis d\u2019\u00eatre un leader en mati\u00e8re de pr\u00e9servation du climat et de la nature, mais ce que montre cette enqu\u00eate, c\u2019est que nous sommes litt\u00e9ralement en train de b\u00e9tonner notre propre avenir\u00bb, d\u00e9nonce Lena Schilling, eurod\u00e9put\u00e9e et militante \u00e9cologiste autrichienne. <\/p>\n<p class=\"sc-cPiKLX AiZTS text-element\">En 2011, Bruxelles s\u2019\u00e9tait donn\u00e9 pour objectif non contraignant de r\u00e9duire l\u2019artificialisation \u00e0 800 km\u00b2 par an. Elle vise le z\u00e9ro artificialisation nette des sols sur le continent d\u2019ici 2050. Mais les tensions politiques internes \u00e0 l\u2019Union europ\u00e9enne ont conduit \u00e0 d\u00e9tricoter ou amoindrir la port\u00e9e de certains textes environnementaux. En France aussi, l\u2019objectif de \u00abz\u00e9ro artificialisation nette\u00bb a \u00e9t\u00e9 <a href=\"https:\/\/www.liberation.fr\/environnement\/lassemblee-detricote-le-zero-artificialisation-nette-qui-lutte-contre-la-betonisation-des-terres-20250529_B2IOKKBCDNEEFESRVKAOYX5NGM\/\" target=\"_blank\" rel=\"noopener\" title=\"https:\/\/www.liberation.fr\/environnement\/lassemblee-detricote-le-zero-artificialisation-nette-qui-lutte-contre-la-betonisation-des-terres-20250529_B2IOKKBCDNEEFESRVKAOYX5NGM\/\">fortement assoupli par la loi de simplification de l\u2019\u00e9conomie<\/a>. Le pays pourrait donc peiner \u00e0 sortir du top 3 des mauvais \u00e9l\u00e8ves europ\u00e9ens. <\/p>\n","protected":false},"excerpt":{"rendered":"Chaque jour l\u2019\u00e9quivalent de 600 terrains de football est artificialis\u00e9 sur le continent europ\u00e9en. Et la France n\u2019est&hellip;\n","protected":false},"author":2,"featured_media":432935,"comment_status":"","ping_status":"","sticky":false,"template":"","format":"standard","meta":{"footnotes":""},"categories":[1586],"tags":[11,21107,23527,1777,674,1011,27,12,25,364],"class_list":{"0":"post-432934","1":"post","2":"type-post","3":"status-publish","4":"format-standard","5":"has-post-thumbnail","7":"category-europe","8":"tag-actualites","9":"tag-deforestation","10":"tag-developpement-durable","11":"tag-eu","12":"tag-europe","13":"tag-fr","14":"tag-france","15":"tag-news","16":"tag-republique-francaise","17":"tag-union-europeenne"},"share_on_mastodon":{"url":"https:\/\/pubeurope.com\/@fr\/115303003167704492","error":""},"_links":{"self":[{"href":"https:\/\/www.europesays.com\/fr\/wp-json\/wp\/v2\/posts\/432934","targetHints":{"allow":["GET"]}}],"collection":[{"href":"https:\/\/www.europesays.com\/fr\/wp-json\/wp\/v2\/posts"}],"about":[{"href":"https:\/\/www.europesays.com\/fr\/wp-json\/wp\/v2\/types\/post"}],"author":[{"embeddable":true,"href":"https:\/\/www.europesays.com\/fr\/wp-json\/wp\/v2\/users\/2"}],"replies":[{"embeddable":true,"href":"https:\/\/www.europesays.com\/fr\/wp-json\/wp\/v2\/comments?post=432934"}],"version-history":[{"count":0,"href":"https:\/\/www.europesays.com\/fr\/wp-json\/wp\/v2\/posts\/432934\/revisions"}],"wp:featuredmedia":[{"embeddable":true,"href":"https:\/\/www.europesays.com\/fr\/wp-json\/wp\/v2\/media\/432935"}],"wp:attachment":[{"href":"https:\/\/www.europesays.com\/fr\/wp-json\/wp\/v2\/media?parent=432934"}],"wp:term":[{"taxonomy":"category","embeddable":true,"href":"https:\/\/www.europesays.com\/fr\/wp-json\/wp\/v2\/categories?post=432934"},{"taxonomy":"post_tag","embeddable":true,"href":"https:\/\/www.europesays.com\/fr\/wp-json\/wp\/v2\/tags?post=432934"}],"curies":[{"name":"wp","href":"https:\/\/api.w.org\/{rel}","templated":true}]}}