{"id":432948,"date":"2025-10-02T05:56:12","date_gmt":"2025-10-02T05:56:12","guid":{"rendered":"https:\/\/www.europesays.com\/fr\/432948\/"},"modified":"2025-10-02T05:56:12","modified_gmt":"2025-10-02T05:56:12","slug":"stubbs-setonne-du-clash-declenche-par-bencic-a-pekin","status":"publish","type":"post","link":"https:\/\/www.europesays.com\/fr\/432948\/","title":{"rendered":"Stubbs s\u2019\u00e9tonne du clash d\u00e9clench\u00e9 par Bencic \u00e0 P\u00e9kin"},"content":{"rendered":"<p>                <img decoding=\"async\" src=\"https:\/\/www.europesays.com\/fr\/wp-content\/uploads\/2025\/10\/zc3P.jpg\" fetchpriority=\"high\" alt=\"\u00ab Ne provoquez pas Gauff \u00bb : Stubbs s\u2019\u00e9tonne du clash d\u00e9clench\u00e9 par Bencic \u00e0 P\u00e9kin\"\/><\/p>\n<p>Rennae Stubbs estime que Bencic a laiss\u00e9 ses \u00e9motions prendre le dessus au mauvais moment. Une perte de ma\u00eetrise qui a profit\u00e9 \u00e0 Coco Gauff dans un match haletant.<\/p>\n<p>En huiti\u00e8mes de finale \u00e0 P\u00e9kin, Coco Gauff et Belinda Bencic ont eu un \u00e9change lors d\u2019un changement de c\u00f4t\u00e9 dans le deuxi\u00e8me set. La Suissesse s\u2019est plainte aupr\u00e8s de l\u2019arbitre de chaise des encouragements jug\u00e9s trop bruyants du clan de Gauff avant de s&rsquo;adresser directement \u00e0 la joueuse am\u00e9ricaine.<\/p>\n<p>Une s\u00e9quence tendue qui a ensuite profit\u00e9 \u00e0 Gauff, pourtant malmen\u00e9e dans cette rencontre. La double laur\u00e9ate en Grand Chelem a fini par l\u2019emporter 4-6, 7-6, 6-2.<\/p>\n<p>L\u2019ancienne joueuse Rennae Stubbs a r\u00e9agi \u00e0 ce moment dans son podcast. Elle estime ne pas comprendre la r\u00e9action de Bencic, qui aurait d\u00fb selon elle faire preuve de plus de maturit\u00e9 :<\/p>\n<p>\u00ab Il y avait 12 personnes en tribunes et Coco l\u2019a m\u00eame dit lors du changement de c\u00f4t\u00e9. Il n\u2019y a personne en tribunes, donc \u00e9videmment tu vas les entendre plus fort que si le stade \u00e9tait plein. Je vais vous dire une chose : si tu es en position de gagner un match, ce qui \u00e9tait le cas de Belinda \u00e0 un moment, tu dois juste continuer \u00e0 jouer.<\/p>\n<p>Il ne faut pas jeter de l\u2019huile sur le feu, surtout avec quelqu\u2019un comme Coco. Il ne faut pas la pousser \u00e0 se battre comme elle l\u2019a fait dans le deuxi\u00e8me set. C\u2019est juste dingue que des joueuses perdent leurs nerfs comme \u00e7a. Je le disais d\u00e9j\u00e0 \u00e0 l\u2019\u00e9poque pour Serena (Williams), ne joue pas avec le feu.<\/p>\n<p>Je suis s\u00fbre que Coco \u00e9tait dans sa bulle \u00e0 ce moment-l\u00e0, mais elle s\u2019est dit : &lsquo;Maintenant, je vais me concentrer car tu me manques de respect \u00e0 mon \u00e9quipe et moi.&rsquo;<\/p>\n<p>Ne provoquez personne, et surtout pas Coco Gauff car elle est l\u2019une des joueuses les plus respect\u00e9es sur le circuit et elle ne le tol\u00e9rera pas. \u00bb<\/p>\n","protected":false},"excerpt":{"rendered":"Rennae Stubbs estime que Bencic a laiss\u00e9 ses \u00e9motions prendre le dessus au mauvais moment. Une perte de&hellip;\n","protected":false},"author":2,"featured_media":432949,"comment_status":"","ping_status":"","sticky":false,"template":"","format":"standard","meta":{"footnotes":""},"categories":[1415],"tags":[1011,27,60,1467],"class_list":{"0":"post-432948","1":"post","2":"type-post","3":"status-publish","4":"format-standard","5":"has-post-thumbnail","7":"category-tennis","8":"tag-fr","9":"tag-france","10":"tag-sports","11":"tag-tennis"},"share_on_mastodon":{"url":"https:\/\/pubeurope.com\/@fr\/115303034927998891","error":""},"_links":{"self":[{"href":"https:\/\/www.europesays.com\/fr\/wp-json\/wp\/v2\/posts\/432948","targetHints":{"allow":["GET"]}}],"collection":[{"href":"https:\/\/www.europesays.com\/fr\/wp-json\/wp\/v2\/posts"}],"about":[{"href":"https:\/\/www.europesays.com\/fr\/wp-json\/wp\/v2\/types\/post"}],"author":[{"embeddable":true,"href":"https:\/\/www.europesays.com\/fr\/wp-json\/wp\/v2\/users\/2"}],"replies":[{"embeddable":true,"href":"https:\/\/www.europesays.com\/fr\/wp-json\/wp\/v2\/comments?post=432948"}],"version-history":[{"count":0,"href":"https:\/\/www.europesays.com\/fr\/wp-json\/wp\/v2\/posts\/432948\/revisions"}],"wp:featuredmedia":[{"embeddable":true,"href":"https:\/\/www.europesays.com\/fr\/wp-json\/wp\/v2\/media\/432949"}],"wp:attachment":[{"href":"https:\/\/www.europesays.com\/fr\/wp-json\/wp\/v2\/media?parent=432948"}],"wp:term":[{"taxonomy":"category","embeddable":true,"href":"https:\/\/www.europesays.com\/fr\/wp-json\/wp\/v2\/categories?post=432948"},{"taxonomy":"post_tag","embeddable":true,"href":"https:\/\/www.europesays.com\/fr\/wp-json\/wp\/v2\/tags?post=432948"}],"curies":[{"name":"wp","href":"https:\/\/api.w.org\/{rel}","templated":true}]}}