{"id":432950,"date":"2025-10-02T05:58:10","date_gmt":"2025-10-02T05:58:10","guid":{"rendered":"https:\/\/www.europesays.com\/fr\/432950\/"},"modified":"2025-10-02T05:58:10","modified_gmt":"2025-10-02T05:58:10","slug":"ai-ogura-est-forfait-pour-le-gp-dindonesie","status":"publish","type":"post","link":"https:\/\/www.europesays.com\/fr\/432950\/","title":{"rendered":"Ai Ogura est forfait pour le GP d&rsquo;Indon\u00e9sie"},"content":{"rendered":"<p><a href=\"https:\/\/fr.motorsport.com\/driver\/ai-ogura\/471489\/\" target=\"_blank\" rel=\"noopener\">Ai Ogura<\/a> va \u00eatre gard\u00e9 au repos ce week-end et manquer le GP d&rsquo;Indon\u00e9sie. Cela fait suite \u00e0 la lourde chute dont il a \u00e9t\u00e9 victime \u00e0 Misano, un accident survenu au d\u00e9but de la course dominicale et \u00e9valu\u00e9 \u00e0 260\u00a0km\/h. Il s&rsquo;en \u00e9tait relev\u00e9 avec une blessure au poignet droit.<\/p>\n<p>S&rsquo;il \u00e9tait arriv\u00e9 \u00e0 Motegi en disant \u00eatre \u00e0 90% de ses capacit\u00e9s, le pilote Trackhouse Racing avait finalement d\u00fb renoncer en cours de week-end. Il a pourtant d\u00e9croch\u00e9 la neuvi\u00e8me place de la course sprint devant son public, mais la g\u00eane \u00e9tait trop importante pour qu&rsquo;il aille plus loin. Il avait d\u00fb se r\u00e9soudre \u00e0 se m\u00e9nager et \u00e0 ne pas prendre le d\u00e9part de la course principale.<\/p>\n<p>\u00ab\u00a0La situation n&rsquo;\u00e9tait pas bonne avec ma main, et l&rsquo;\u00e9quipe et moi avons d\u00e9cid\u00e9 de me faire manquer la course dans l&rsquo;espoir que je sois en meilleure condition pour les prochaines courses\u00a0\u00bb, avait alors d\u00e9clar\u00e9 Ai Ogura. \u00ab\u00a0Je suis juste d\u00e9\u00e7u du week-end, mais mon pilotage \u00e9tait correct et on a pu voir du potentiel \u00e0 Motegi. J&rsquo;ai juste envie de retenir le positif et d&rsquo;aller de l&rsquo;avant.\u00a0\u00bb<\/p>\n<p>Malgr\u00e9 des soins suppl\u00e9mentaires au Japon, Ai Ogura n&rsquo;est toujours pas en condition de reprendre la condition en pleine s\u00e9curit\u00e9. Il se trouve bien \u00e0 Mandalika ce jeudi et participe \u00e0 une op\u00e9ration promotionnelle de son \u00e9quipe, mais va ensuite rentrer dans son pays et y poursuivre les traitements afin de soigner son poignet.<\/p>\n<p>L&rsquo;objectif de Trackhouse est de retrouver son pilote pour le prochain Grand Prix, qui aura lieu en Australie dans deux semaines. En attendant, seul <a href=\"https:\/\/fr.motorsport.com\/driver\/raul-fernandez\/443094\/\" target=\"_blank\" rel=\"noopener\">Ra\u00fal Fern\u00e1ndez<\/a> sera align\u00e9 ce week-end au Japon. Ai Ogura est le deuxi\u00e8me forfait enregistr\u00e9 pour ce GP du Japon, apr\u00e8s celui de <a href=\"https:\/\/fr.motorsport.com\/driver\/jorge-martin\/109391\/\" target=\"_blank\" rel=\"noopener\">Jorge Mart\u00edn<\/a>, qui soigne une fracture de la clavicule.<\/p>\n<p>Lire aussi :<\/p>\n","protected":false},"excerpt":{"rendered":"Ai Ogura va \u00eatre gard\u00e9 au repos ce week-end et manquer le GP d&rsquo;Indon\u00e9sie. Cela fait suite \u00e0&hellip;\n","protected":false},"author":2,"featured_media":432951,"comment_status":"","ping_status":"","sticky":false,"template":"","format":"standard","meta":{"footnotes":""},"categories":[1413],"tags":[3378,56106,1011,27,55763,55764,1457,1456,1458,60,4084],"class_list":{"0":"post-432950","1":"post","2":"type-post","3":"status-publish","4":"format-standard","5":"has-post-thumbnail","7":"category-moto","8":"tag-ai-ogura","9":"tag-ai-ogura-est-forfait-pour-le-gp-dindonu00e9sie","10":"tag-fr","11":"tag-france","12":"tag-gp-dindonu00e9sie","13":"tag-mandalika-international-street-circuit","14":"tag-moto","15":"tag-motocycle","16":"tag-motogp","17":"tag-sports","18":"tag-trackhouse-racing-team"},"share_on_mastodon":{"url":"https:\/\/pubeurope.com\/@fr\/115303042526804620","error":""},"_links":{"self":[{"href":"https:\/\/www.europesays.com\/fr\/wp-json\/wp\/v2\/posts\/432950","targetHints":{"allow":["GET"]}}],"collection":[{"href":"https:\/\/www.europesays.com\/fr\/wp-json\/wp\/v2\/posts"}],"about":[{"href":"https:\/\/www.europesays.com\/fr\/wp-json\/wp\/v2\/types\/post"}],"author":[{"embeddable":true,"href":"https:\/\/www.europesays.com\/fr\/wp-json\/wp\/v2\/users\/2"}],"replies":[{"embeddable":true,"href":"https:\/\/www.europesays.com\/fr\/wp-json\/wp\/v2\/comments?post=432950"}],"version-history":[{"count":0,"href":"https:\/\/www.europesays.com\/fr\/wp-json\/wp\/v2\/posts\/432950\/revisions"}],"wp:featuredmedia":[{"embeddable":true,"href":"https:\/\/www.europesays.com\/fr\/wp-json\/wp\/v2\/media\/432951"}],"wp:attachment":[{"href":"https:\/\/www.europesays.com\/fr\/wp-json\/wp\/v2\/media?parent=432950"}],"wp:term":[{"taxonomy":"category","embeddable":true,"href":"https:\/\/www.europesays.com\/fr\/wp-json\/wp\/v2\/categories?post=432950"},{"taxonomy":"post_tag","embeddable":true,"href":"https:\/\/www.europesays.com\/fr\/wp-json\/wp\/v2\/tags?post=432950"}],"curies":[{"name":"wp","href":"https:\/\/api.w.org\/{rel}","templated":true}]}}