{"id":432952,"date":"2025-10-02T05:59:11","date_gmt":"2025-10-02T05:59:11","guid":{"rendered":"https:\/\/www.europesays.com\/fr\/432952\/"},"modified":"2025-10-02T05:59:11","modified_gmt":"2025-10-02T05:59:11","slug":"barcelone-psg-si-tu-es-meilleur-tu-dois-le-montrer-sur-le-terrain-la-reponse-des-parisiens-a-pedri-le-figaro","status":"publish","type":"post","link":"https:\/\/www.europesays.com\/fr\/432952\/","title":{"rendered":"Barcelone-PSG : \u00abSi tu es meilleur, tu dois le montrer sur le terrain\u00bb, la r\u00e9ponse des Parisiens \u00e0 Pedri &#8211; Le Figaro"},"content":{"rendered":"<ol>\n<li><a href=\"https:\/\/news.google.com\/rss\/articles\/CBMi-wFBVV95cUxOMllfTmpiSUhHdklzMW9Qb1U3b3g2SkRhUUJvYnFwS3h0a0RTT0V5VHV6Q0l5ME9NYjN4dTBjOVZFZ3VsNFhSd0NGVndCZ2tJcjV3N3NGYkpJd1pGVnFwWDJ0cDZoMllxVFNrWnAtamt2UzVGcjEzOTNmWF9wRGdab1YwZTREaW5USVdDdEE2X2hzWG04d3JPMndiOUN2YlM1cGtTU3VhR3F0WGFSVnZ5VVpkUU9UNWNwT0hHcjZqSmNoWVJ2akVoY2o4WGFRRnNWeFE1V0FVejM1aXZpZm5leGVpcjJ0UWFhSjdtaEEzaURURjBjam9wVTlDSQ?oc=5\" target=\"_blank\" rel=\"noopener\">Barcelone-PSG : \u00abSi tu es meilleur, tu dois le montrer sur le terrain\u00bb, la r\u00e9ponse des Parisiens \u00e0 Pedri<\/a>&nbsp;&nbsp;Le Figaro<\/li>\n<li><a href=\"https:\/\/news.google.com\/rss\/articles\/CBMitwFBVV95cUxNUEt6ZWxSMm9mTkFudVZ0UFAtcmNLd0NBYVBJZTY5SUFtS0FwWG9VbXJiX2VEemZxMllNVjZYUVBqR0xwZ252N1QxVlR2UVRZNVExN2JvNFRLSnJXc1NtdWh6NHUyRVEwUTZ3cHJ2LXN4bmJ3dTZZQ0Y4ZDBZSThxMTNqQlZFZHNjV0ZfT0lyUzdja2xreTI5Mzc5TnpKNlhoMGhhWk9CRlNBeFlUWnczRVB2ZnVHOW8?oc=5\" target=\"_blank\" rel=\"noopener\">PSG : la r\u00e9ponse acide de Vitinha \u00e0 la story supprim\u00e9e de Lamine Yamal<\/a>&nbsp;&nbsp;Foot Mercato<\/li>\n<li><a href=\"https:\/\/news.google.com\/rss\/articles\/CBMiiAJBVV95cUxNTU5vX0xmd1RSQ3ozSWNCeGRuQk0wREl6V1EtQXZYSXVNMUlHS3BWNkhHamRDWk9yY0dJUjZsbzMtN3E0eHFYeVBpN1VkOXFETUt5U0JEQzdOM3EyME1tWEplNXRSSVpxc0FiVFJjenIxNEtVQnFvSHotSk9mOWcxWHM1ZkxaRU9GV1VRaVpfNXU2aEs0d29ENkFvUGtfbmloNFhfb1JqUElLVmoyZFBlYThUT21XZDF3ZGpqZWFzaFZ6Z0wxZkZTTnlTUG9Ea3kyNWVHQ0tRZzBNa1FhdXdKUVVPR3FZVG9HLUhLZEhTLTRqRndiOHlONy1nMXh3WXhVMDVUNzBqZkQ?oc=5\" target=\"_blank\" rel=\"noopener\">\u00ab\u00a0Tu dois le montrer sur le terrain, pas parler\u00a0\u00bb, la r\u00e9ponse cinglante des Parisiens \u00e0 Lamine Yamal<\/a>&nbsp;&nbsp;RMC Sport<\/li>\n<li><a href=\"https:\/\/news.google.com\/rss\/articles\/CBMi9gFBVV95cUxOWFpsLUUxeTlKYS0tMFhLT0lPOHRBNUtBOGVVMzAzRHdhV1BKNjZEcmFUanRqLUpyaWxlR3dGVW1OZUM3Zko3bDdaT2RuVUpJSF9rNFE1MVNucWdRQjByUnNPc2F1NTRkZG1QdjNZd1ZLMVVrUkloZEI2dlprb19rYjQ5N3RPMk02dmRKcWRFWG1icnR3M0owX0pDNnNkSEllemo0VE5oZjRWTVV3aS1MeGwySjZVeUxXMmd3QWVjVXdyZGpNYU51RTlNbTc3a2VUYy1wRFlMX0l2ZmZiT2V6S2JnRldmNDVaN1k3UlFYeWl0WFNnUHc?oc=5\" target=\"_blank\" rel=\"noopener\">PSG : Gon\u00e7alo Ramos renvoie Pedri dans les cordes &#8211; \u00ab\u00a0Si tu es le meilleur, tu dois le montrer sur le terrain\u00a0\u00bb<\/a>&nbsp;&nbsp;MadeinFoot.com<\/li>\n<li><a href=\"https:\/\/news.google.com\/rss\/articles\/CBMijgJBVV95cUxOVVpvVm1PQ3B5dU9KVzB3UDBHQ2VBNnJFSUtWT3UtVUZhakZKMUJpOW5ENlF2SG9xRXl6bHIwLXRLYkZ6Y1FSMlhzUE1DVVZEcWplZ2ZvT2tKbExKYWlQR3IySkFXLU5FYmNfUExvN2ZJNjNBYlk2a1QxLXJHRDNfTW5wekh0aTlfYUhNYkFzN2JYUEUtTkZ5aUYxTnFVSW1hNWJ4OEhCS055OGMzdVBJWlFFWnpmWHRhOThOOGVPaFVIVG5hbmo0MTkzYzhUYVZJOXYtWUNqY3pDV21GRXhQQllfM3cxYXJVMmxORnJFYndoQ1g3TVZsaEU2X3pzbEl5NmRoYlh6OENKT09GMkE?oc=5\" target=\"_blank\" rel=\"noopener\">\u00ab Si tu es le meilleur, montre-le sur le terrain \u00bb : la r\u00e9ponse des joueurs du PSG \u00e0 Yamal et Pedri<\/a>&nbsp;&nbsp;Ouest-France<\/li>\n<\/ol>\n","protected":false},"excerpt":{"rendered":"Barcelone-PSG : \u00abSi tu es meilleur, tu dois le montrer sur le terrain\u00bb, la r\u00e9ponse des Parisiens \u00e0&hellip;\n","protected":false},"author":2,"featured_media":395849,"comment_status":"","ping_status":"","sticky":false,"template":"","format":"standard","meta":{"footnotes":""},"categories":[1412],"tags":[1451,1452,1453,1454,1455,1011,27,60],"class_list":{"0":"post-432952","1":"post","2":"type-post","3":"status-publish","4":"format-standard","5":"has-post-thumbnail","7":"category-f1","8":"tag-f1","9":"tag-formula-1","10":"tag-formula1","11":"tag-formule-1","12":"tag-formule1","13":"tag-fr","14":"tag-france","15":"tag-sports"},"share_on_mastodon":{"url":"https:\/\/pubeurope.com\/@fr\/115303046544564572","error":""},"_links":{"self":[{"href":"https:\/\/www.europesays.com\/fr\/wp-json\/wp\/v2\/posts\/432952","targetHints":{"allow":["GET"]}}],"collection":[{"href":"https:\/\/www.europesays.com\/fr\/wp-json\/wp\/v2\/posts"}],"about":[{"href":"https:\/\/www.europesays.com\/fr\/wp-json\/wp\/v2\/types\/post"}],"author":[{"embeddable":true,"href":"https:\/\/www.europesays.com\/fr\/wp-json\/wp\/v2\/users\/2"}],"replies":[{"embeddable":true,"href":"https:\/\/www.europesays.com\/fr\/wp-json\/wp\/v2\/comments?post=432952"}],"version-history":[{"count":0,"href":"https:\/\/www.europesays.com\/fr\/wp-json\/wp\/v2\/posts\/432952\/revisions"}],"wp:featuredmedia":[{"embeddable":true,"href":"https:\/\/www.europesays.com\/fr\/wp-json\/wp\/v2\/media\/395849"}],"wp:attachment":[{"href":"https:\/\/www.europesays.com\/fr\/wp-json\/wp\/v2\/media?parent=432952"}],"wp:term":[{"taxonomy":"category","embeddable":true,"href":"https:\/\/www.europesays.com\/fr\/wp-json\/wp\/v2\/categories?post=432952"},{"taxonomy":"post_tag","embeddable":true,"href":"https:\/\/www.europesays.com\/fr\/wp-json\/wp\/v2\/tags?post=432952"}],"curies":[{"name":"wp","href":"https:\/\/api.w.org\/{rel}","templated":true}]}}