{"id":432957,"date":"2025-10-02T06:02:11","date_gmt":"2025-10-02T06:02:11","guid":{"rendered":"https:\/\/www.europesays.com\/fr\/432957\/"},"modified":"2025-10-02T06:02:11","modified_gmt":"2025-10-02T06:02:11","slug":"beaucoup-plus-agressif-le-geste-de-colere-froide-de-carla-bruni-pas-loin-de-devenir-mythique","status":"publish","type":"post","link":"https:\/\/www.europesays.com\/fr\/432957\/","title":{"rendered":"\u201cBeaucoup plus agressif\u201d : le geste de col\u00e8re froide de Carla Bruni pas loin de devenir mythique"},"content":{"rendered":"<p>Depuis la condamnation de Nicolas Sarkozy par le tribunal<br \/>\ncorrectionnel de Paris, Carla Bruni partage r\u00e9guli\u00e8rement des<br \/>\nmessages de soutien. Lors de sa sortie du tribunal, elle avait<br \/>\naussi arrach\u00e9 la bonnette de <a href=\"https:\/\/www.closermag.fr\/people\/carla-bruni-jette-la-bonnette-de-mediapart-son-coup-declat-salue-par-sa-grande-amie-luana-belmondo-3583070\" rel=\"nofollow noopener\" target=\"_blank\"><br \/>\nM\u00e9diapart<\/a>. Le m\u00e9dia avait r\u00e9v\u00e9l\u00e9 l\u2019affaire Khadafi, pour<br \/>\nlaquelle l\u2019ancien pr\u00e9sident \u00e9tait jug\u00e9.<\/p>\n<p>Son soutien infaillible pour son \u00e9poux a \u00e9t\u00e9 salu\u00e9 par plusieurs<br \/>\npersonnalit\u00e9s, notamment sur Europe 1, dans l\u2019\u00e9mission de Pascal<br \/>\nPraud.<\/p>\n<p>Carla Bruni premier soutien de Nicolas Sarkozy apr\u00e8s sa<br \/>\ncondamnation<\/p>\n<p>Le jeudi 25 septembre, <a href=\"https:\/\/www.closermag.fr\/politique\/nicolas-sarkozy-condamne-et-cest-a-son-fils-louis-que-sattaque-cette-star-de-lhumour-3583353\" rel=\"nofollow noopener\" target=\"_blank\"><br \/>\nNicolas Sarkozy<\/a> \u00e9tait jug\u00e9 dans le cadre de l\u2019affaire du<br \/>\nfinancement libyen de sa campagne pr\u00e9sidentielle de 2007. Le<br \/>\ntribunal correctionnel de Paris a condamn\u00e9 l\u2019ancien pr\u00e9sident \u00e0<br \/>\ncinq ans de prison ferme, pour association de malfaiteurs, avec<br \/>\nmandat de d\u00e9p\u00f4t \u00e0 effet diff\u00e9r\u00e9 avec ex\u00e9cution provisoire. Depuis,<br \/>\n<a href=\"https:\/\/www.closermag.fr\/people\/carla-bruni-manteau-de-fourrure-robe-jaune-cuissardes-elle-se-fait-remarquer-apres-la-condamnation-de-nicolas-sarkozy-photos-3583444\" rel=\"nofollow noopener\" target=\"_blank\"><br \/>\nCarla Bruni<\/a> ne cesse d\u2019afficher son soutien infaillible \u00e0 son<br \/>\n\u00e9poux.<\/p>\n<p>Apr\u00e8s sa sortie du tribunal, l\u2019ancienne mannequin avait<br \/>\nnotamment arrach\u00e9 la bonette du micro des journalistes de<br \/>\nMediapart. Ce dimanche 28 septembre, l\u2019ancienne Premi\u00e8re dame a<br \/>\npubli\u00e9 une vid\u00e9o o\u00f9 elle chante Let it be, la chanson<br \/>\nculte des Beatles, \u00e0 Nicolas Sarkozy. Une s\u00e9quence que <a href=\"https:\/\/www.closermag.fr\/people\/sonia-mabrouk-susurrer-des-mots-damour-pascal-praud-pressant-et-pour-une-bonne-raison-3582774\" rel=\"nofollow noopener\" target=\"_blank\"><br \/>\nPascal Praud<\/a> a d\u00e9cid\u00e9 de commenter dans son \u00e9mission d\u2019Europe<br \/>\n1.<\/p>\n<blockquote class=\"twitter-tweet\"><p><a class=\"twitter-link\" rel=\"noindex, nofollow noopener\" href=\"https:\/\/twitter.com\/Europe1\/status\/1972678126917288284\" target=\"_blank\"><\/p><\/blockquote>\n<p>Carla Bruni \u00ab\u00a0iconique\u00a0\u00bb selon une<br \/>\nchroniqueuse de Pascal Praud<\/p>\n<p><strong>\u00a0<\/strong>Ce 29 septembre sur Europe 1, Pascal<br \/>\nPraud \u00e9voquait donc cette vid\u00e9o publi\u00e9e par Carla Bruni.<br \/>\nL\u2019animateur a ensuite r\u00e9cit\u00e9 la traduction de la chanson des<br \/>\nBeatles. \u00ab\u00a0C\u2019est une chanson qui a un message, donc\u00a0\u00bb a-t-il<br \/>\nexpliqu\u00e9. \u00ab\u00a0<strong>Quel couple !<\/strong> Si on peut juste dire<br \/>\nun mot sur le couple, ils nous ont fait <strong>r\u00eaver<\/strong> ce<br \/>\nweek-end\u00a0\u00bb\u00a0a alors lanc\u00e9 <a href=\"https:\/\/www.closermag.fr\/people\/caroline-ithurbide-46-ans-annonce-etre-enceinte-de-son-troisieme-enfant-en-plein-direct-et-les-hommes-en-prennent-pour-leur-grade-3582341\" rel=\"nofollow noopener\" target=\"_blank\"><br \/>\nCaroline Ithurbide<\/a>.<\/p>\n<p>La chroniqueuse a ensuite ajout\u00e9 : \u00ab\u00a0Moi je l\u2019ai trouv\u00e9<br \/>\nextraordinaire d\u00e8s la sortie de l\u2019audience, avec son petit geste,<br \/>\nqui aurait <strong>pu \u00eatre beaucoup plus agressif<\/strong> que \u00e7a,<br \/>\nquand elle a arrach\u00e9 la bonnette de Mediapart. Elle l\u2019a fait avec<br \/>\ntellement <strong>d\u2019\u00e9l\u00e9gance<\/strong>, tellement de soutien. Et<br \/>\nensuite tout le week-end, elle a continu\u00e9 \u00e0 d\u00e9clarer sa flamme.<br \/>\nL\u2019amour est plus fort que tout. Moi je trouve que c\u2019est <strong>un<br \/>\ncouple quasiment iconique et mythique<\/strong>\u00ab\u00a0.<\/p>\n<p><script async src=\"https:\/\/platform.twitter.com\/widgets.js\" charset=\"utf-8\"><\/script><\/p>\n","protected":false},"excerpt":{"rendered":"Depuis la condamnation de Nicolas Sarkozy par le tribunal correctionnel de Paris, Carla Bruni partage r\u00e9guli\u00e8rement des messages&hellip;\n","protected":false},"author":2,"featured_media":428740,"comment_status":"","ping_status":"","sticky":false,"template":"","format":"standard","meta":{"footnotes":""},"categories":[1359],"tags":[12667,58,59,1011,27,973],"class_list":{"0":"post-432957","1":"post","2":"type-post","3":"status-publish","4":"format-standard","5":"has-post-thumbnail","7":"category-people","8":"tag-carla-bruni","9":"tag-divertissement","10":"tag-entertainment","11":"tag-fr","12":"tag-france","13":"tag-people"},"share_on_mastodon":{"url":"https:\/\/pubeurope.com\/@fr\/115303058163289090","error":""},"_links":{"self":[{"href":"https:\/\/www.europesays.com\/fr\/wp-json\/wp\/v2\/posts\/432957","targetHints":{"allow":["GET"]}}],"collection":[{"href":"https:\/\/www.europesays.com\/fr\/wp-json\/wp\/v2\/posts"}],"about":[{"href":"https:\/\/www.europesays.com\/fr\/wp-json\/wp\/v2\/types\/post"}],"author":[{"embeddable":true,"href":"https:\/\/www.europesays.com\/fr\/wp-json\/wp\/v2\/users\/2"}],"replies":[{"embeddable":true,"href":"https:\/\/www.europesays.com\/fr\/wp-json\/wp\/v2\/comments?post=432957"}],"version-history":[{"count":0,"href":"https:\/\/www.europesays.com\/fr\/wp-json\/wp\/v2\/posts\/432957\/revisions"}],"wp:featuredmedia":[{"embeddable":true,"href":"https:\/\/www.europesays.com\/fr\/wp-json\/wp\/v2\/media\/428740"}],"wp:attachment":[{"href":"https:\/\/www.europesays.com\/fr\/wp-json\/wp\/v2\/media?parent=432957"}],"wp:term":[{"taxonomy":"category","embeddable":true,"href":"https:\/\/www.europesays.com\/fr\/wp-json\/wp\/v2\/categories?post=432957"},{"taxonomy":"post_tag","embeddable":true,"href":"https:\/\/www.europesays.com\/fr\/wp-json\/wp\/v2\/tags?post=432957"}],"curies":[{"name":"wp","href":"https:\/\/api.w.org\/{rel}","templated":true}]}}