{"id":432958,"date":"2025-10-02T06:03:41","date_gmt":"2025-10-02T06:03:41","guid":{"rendered":"https:\/\/www.europesays.com\/fr\/432958\/"},"modified":"2025-10-02T06:03:41","modified_gmt":"2025-10-02T06:03:41","slug":"les-oeuvres-uniques-de-ceve-exposees-au-musee-du-pays-chatillonnais","status":"publish","type":"post","link":"https:\/\/www.europesays.com\/fr\/432958\/","title":{"rendered":"les \u0153uvres uniques de Cev\u00e9 expos\u00e9es au mus\u00e9e du Pays ch\u00e2tillonnais"},"content":{"rendered":"<p>Mercredi 25\u00a0septembre, le mus\u00e9e a accueilli un large public pour l\u2019inauguration de cette nouvelle exposition. Les peintures et sculptures de l\u2019artiste Cev\u00e9, souvent inspir\u00e9es par des oiseaux et de tendres oursons, racontent chacune une histoire m\u00ealant \u00e9motion, gr\u00e2ce et sensibilit\u00e9. Chaque pi\u00e8ce est unique, explorant de nouvelles formes et expressions.<\/p>\n<p>La soir\u00e9e a \u00e9t\u00e9 marqu\u00e9e par les discours du pr\u00e9sident de la communaut\u00e9 de communes, de la directrice du mus\u00e9e et de l\u2019artiste elle-m\u00eame. Le pr\u00e9sident a salu\u00e9 Cev\u00e9\u00a0: \u00ab\u00a0Vous avez su imposer un univers o\u00f9 \u00e9motion et beaut\u00e9 se rencontrent\u00a0\u00bb. La directrice a ajout\u00e9\u00a0: \u00ab\u00a0L\u2019ouverture du mus\u00e9e \u00e0 l\u2019art contemporain et \u00e0 l\u2019art nouveau apporte un nouveau souffle au mus\u00e9e. Cela n\u2019enl\u00e8ve rien au tr\u00e9sor du mus\u00e9e (le vase de Vix), mais permet d\u2019accueillir un nouveau public\u00a0\u00bb.<\/p>\n<p>Visible jusqu\u2019au 29\u00a0d\u00e9cembre, l\u2019exposition \u00ab\u00a0L\u2019\u00c9clat Sculpt\u00e9\u00a0\u00bb promet un v\u00e9ritable \u00e9merveillement et une exp\u00e9rience visuelle unique pour tous.<\/p>\n<p>Le mus\u00e9e du Pays ch\u00e2tillonnais, r\u00e9cemment r\u00e9compens\u00e9 d\u2019une \u00e9toile au Guide Michelin Voyage &amp; Cultures, confirme ainsi son r\u00f4le essentiel dans la valorisation du patrimoine et de la cr\u00e9ation contemporaine.<\/p>\n","protected":false},"excerpt":{"rendered":"Mercredi 25\u00a0septembre, le mus\u00e9e a accueilli un large public pour l\u2019inauguration de cette nouvelle exposition. Les peintures et&hellip;\n","protected":false},"author":2,"featured_media":432959,"comment_status":"","ping_status":"","sticky":false,"template":"","format":"standard","meta":{"footnotes":""},"categories":[1358],"tags":[1348,1384,1385,38922,38923,1687,1386,58,11743,59,2271,107,1011,27],"class_list":{"0":"post-432958","1":"post","2":"type-post","3":"status-publish","4":"format-standard","5":"has-post-thumbnail","7":"category-arts-et-design","8":"tag-arts","9":"tag-arts-and-design","10":"tag-arts-et-design","11":"tag-chatillon-sur-seine","12":"tag-chatillon-sur-seine-bassin","13":"tag-culture-loisirs","14":"tag-design","15":"tag-divertissement","16":"tag-edition-haute-cote-dor","17":"tag-entertainment","18":"tag-exposition-arts-plastiques","19":"tag-fil-info","20":"tag-fr","21":"tag-france"},"share_on_mastodon":{"url":"https:\/\/pubeurope.com\/@fr\/115303062181354936","error":""},"_links":{"self":[{"href":"https:\/\/www.europesays.com\/fr\/wp-json\/wp\/v2\/posts\/432958","targetHints":{"allow":["GET"]}}],"collection":[{"href":"https:\/\/www.europesays.com\/fr\/wp-json\/wp\/v2\/posts"}],"about":[{"href":"https:\/\/www.europesays.com\/fr\/wp-json\/wp\/v2\/types\/post"}],"author":[{"embeddable":true,"href":"https:\/\/www.europesays.com\/fr\/wp-json\/wp\/v2\/users\/2"}],"replies":[{"embeddable":true,"href":"https:\/\/www.europesays.com\/fr\/wp-json\/wp\/v2\/comments?post=432958"}],"version-history":[{"count":0,"href":"https:\/\/www.europesays.com\/fr\/wp-json\/wp\/v2\/posts\/432958\/revisions"}],"wp:featuredmedia":[{"embeddable":true,"href":"https:\/\/www.europesays.com\/fr\/wp-json\/wp\/v2\/media\/432959"}],"wp:attachment":[{"href":"https:\/\/www.europesays.com\/fr\/wp-json\/wp\/v2\/media?parent=432958"}],"wp:term":[{"taxonomy":"category","embeddable":true,"href":"https:\/\/www.europesays.com\/fr\/wp-json\/wp\/v2\/categories?post=432958"},{"taxonomy":"post_tag","embeddable":true,"href":"https:\/\/www.europesays.com\/fr\/wp-json\/wp\/v2\/tags?post=432958"}],"curies":[{"name":"wp","href":"https:\/\/api.w.org\/{rel}","templated":true}]}}