{"id":432960,"date":"2025-10-02T06:04:16","date_gmt":"2025-10-02T06:04:16","guid":{"rendered":"https:\/\/www.europesays.com\/fr\/432960\/"},"modified":"2025-10-02T06:04:16","modified_gmt":"2025-10-02T06:04:16","slug":"beaux-livres-reunit-auteurs-et-artistes-dimanche-a-la-salle-polyvalente-de-beaux","status":"publish","type":"post","link":"https:\/\/www.europesays.com\/fr\/432960\/","title":{"rendered":"Beaux-Livres r\u00e9unit auteurs et artistes dimanche \u00e0 la salle polyvalente de Beaux"},"content":{"rendered":"<p>\t\t\t\t\t\t\t\t\t\t\t\t\t\t\t\t\t\t\t\t\t\t\t\t\t\t\t\t\t\t\t\t\t\t\t\t\t\t\t\t\t\t\t\t\t\t\t\t\t\t\t\t\t\t\t\t\t\t\t\t\t\t\t<a href=\"https:\/\/www.lacommere43.fr\/component\/banners\/click\/1819.html\" target=\"_blank\" title=\"Saint-Romain-Lachalm Durieux Fermetures septembre 2025\" rel=\"noopener\"><br \/>\n\t\t\t\t\t\t\t<img decoding=\"async\" loading=\"lazy\" src=\"https:\/\/www.europesays.com\/fr\/wp-content\/uploads\/2025\/09\/La-Commre-43---17-09-au-07-10-25-carrs.gif\" alt=\"Saint-Romain-Lachalm Durieux Fermetures septembre 2025\"\/><br \/>\n\t\t\t\t\t\t<\/a><\/p>\n<p>\t\t\t\t\t\t\t\t\t\t\t\t\t\t\t\t\t\t\t\t\t\t\t\t\t\t\t\t\t\t\t\t\t\t\t\t\t\t\t\t\t\t\t\t\t\t\t\t\t\t\t\t\t\t\t\t\t\t\t\t\t\t\t<a href=\"https:\/\/www.lacommere43.fr\/component\/banners\/click\/1827.html\" target=\"_blank\" title=\"Puy R\u00e9galades octobre 2025\" rel=\"noopener\"><br \/>\n\t\t\t\t\t\t\t<img decoding=\"async\" loading=\"lazy\" src=\"https:\/\/www.europesays.com\/fr\/wp-content\/uploads\/2025\/10\/Les-Regalades-600-x-600px.jpg\" alt=\"Puy R\u00e9galades octobre 2025\"\/><br \/>\n\t\t\t\t\t\t<\/a><\/p>\n<p><strong>Dimanche 5 octobre de 10 heures \u00e0 17 heures, \u00e0 la salle polyvalente de Beaux se d\u00e9roulera le 2e salon du livre, baptis\u00e9 comme il se doit Beaux-Livres.<\/strong><\/p>\n<p>L\u2019association Amiplume regroupe une cinquantaine d\u2019auteurs altilig\u00e9riens et voisins. Elle est d\u00e9sormais l\u2019interlocutrice r\u00e9f\u00e9rente des salons du livre en Haute-Loire : organisation du salon du livre du Puy-en-Velay et de Beaux-Livres, ainsi que du Festival des arts de Lavo\u00fbte-Chilhac ; mais elle coorganise aussi des salons avec m\u00e9diath\u00e8ques, municipalit\u00e9s, ou associations locales, citons par exemple Les Estables, Saint-Pierre-Eynac, Solignac-sur-Loire, Beauzac et d\u2019autres encore.<\/p>\n<p>Tous les th\u00e8mes seront repr\u00e9sent\u00e9s dimanche \u00e0 Beaux, avec :<\/p>\n<p>Jean-Paul Arsac : romans et pens\u00e9es po\u00e9tiques<\/p>\n<p>Marie Bellanca : romance<\/p>\n<p>Vincent Bonnevaux : romans historiques m\u00e9di\u00e9vaux et essais<\/p>\n<p>Gerard Breti\u00e8re : romans, tranches de vie. Les arbres<\/p>\n<p>Alexis Breton : romans fantastiques<\/p>\n<p>Alain Cangina : contes pour adultes et romans<\/p>\n<p>Jos\u00e9 Casatejada : r\u00e9cits de voyage, autofiction<\/p>\n<p>Evelyne Chotteau : Heroic Fantasy<\/p>\n<p>Henry No\u00ebl Ferraton : romans du terroir<\/p>\n<p>Melissa Fialon : fresque du monde rural<\/p>\n<p>Pierre Gentes : romans, biographie et polars<\/p>\n<p>Fran\u00e7oise Givers : romans<\/p>\n<p>Fr\u00e9d\u00e9rique Hespel : romans et feelgood<\/p>\n<p>Marie Martine Laulagnier de Barba : histoire et romans historiques<\/p>\n<p>Jacqueline Lefort : romans<\/p>\n<p>Eric Lys\u00f8e : fantastique, science fiction<\/p>\n<p>Martine Mollon Longuet : nouvelles et romans<\/p>\n<p>C\u00e9line Roussel : r\u00e9cits de voyage<\/p>\n<p>Jean Temp\u00e8re : romans historiques<\/p>\n<p>Maricky Vialleobeal : roman<\/p>\n<p>\u00c9ditions du Roure<\/p>\n<p>Soci\u00e9t\u00e9 acad\u00e9mique du Puy et de la haute Loire<\/p>\n<p><strong>Des artistes aussi<\/strong><\/p>\n<p>Beaux-Livres accueillera aussi six artistes qui n&rsquo;ont encore que peu ou pas expos\u00e9 :<\/p>\n<p>Colette Collard, peintre<\/p>\n<p>Rachaella Kamps, photographe<\/p>\n<p>Ak&rsquo;pture. Ang\u00e9lique Klock. Photographe animali\u00e8re<\/p>\n<p>Aline Liogier, peintre<\/p>\n<p>Pascale Payen, peintre<\/p>\n<p>Les arbres d&rsquo;ici : photographies<\/p>\n<p>On pourra aussi discuter \u00e0 la buvette, et jouer. Auriez-vous r\u00e9ussi l&rsquo;\u00e9preuve de fran\u00e7ais \u00e0 l&rsquo;examen d&rsquo;entr\u00e9e en 6e ? Les organisateurs l&rsquo;ont grandement simplifi\u00e9. Et surtout une premi\u00e8re dans le secteur : un concours de po\u00e9sie dont le th\u00e8me sera d\u00e9voil\u00e9 lors de l&rsquo;inscription.<\/p>\n","protected":false},"excerpt":{"rendered":"Dimanche 5 octobre de 10 heures \u00e0 17 heures, \u00e0 la salle polyvalente de Beaux se d\u00e9roulera le&hellip;\n","protected":false},"author":2,"featured_media":432961,"comment_status":"","ping_status":"","sticky":false,"template":"","format":"standard","meta":{"footnotes":""},"categories":[1357],"tags":[2281,1379,58,59,2282,1011,27,2280,2284,2285,2283,1380],"class_list":{"0":"post-432960","1":"post","2":"type-post","3":"status-publish","4":"format-standard","5":"has-post-thumbnail","7":"category-livres","8":"tag-actualite-43","9":"tag-books","10":"tag-divertissement","11":"tag-entertainment","12":"tag-faits-divers-auvergne","13":"tag-fr","14":"tag-france","15":"tag-information-haute-loire","16":"tag-infos-43","17":"tag-journal-haute-loire","18":"tag-la-commere-43","19":"tag-livres"},"share_on_mastodon":{"url":"https:\/\/pubeurope.com\/@fr\/115303066738958419","error":""},"_links":{"self":[{"href":"https:\/\/www.europesays.com\/fr\/wp-json\/wp\/v2\/posts\/432960","targetHints":{"allow":["GET"]}}],"collection":[{"href":"https:\/\/www.europesays.com\/fr\/wp-json\/wp\/v2\/posts"}],"about":[{"href":"https:\/\/www.europesays.com\/fr\/wp-json\/wp\/v2\/types\/post"}],"author":[{"embeddable":true,"href":"https:\/\/www.europesays.com\/fr\/wp-json\/wp\/v2\/users\/2"}],"replies":[{"embeddable":true,"href":"https:\/\/www.europesays.com\/fr\/wp-json\/wp\/v2\/comments?post=432960"}],"version-history":[{"count":0,"href":"https:\/\/www.europesays.com\/fr\/wp-json\/wp\/v2\/posts\/432960\/revisions"}],"wp:featuredmedia":[{"embeddable":true,"href":"https:\/\/www.europesays.com\/fr\/wp-json\/wp\/v2\/media\/432961"}],"wp:attachment":[{"href":"https:\/\/www.europesays.com\/fr\/wp-json\/wp\/v2\/media?parent=432960"}],"wp:term":[{"taxonomy":"category","embeddable":true,"href":"https:\/\/www.europesays.com\/fr\/wp-json\/wp\/v2\/categories?post=432960"},{"taxonomy":"post_tag","embeddable":true,"href":"https:\/\/www.europesays.com\/fr\/wp-json\/wp\/v2\/tags?post=432960"}],"curies":[{"name":"wp","href":"https:\/\/api.w.org\/{rel}","templated":true}]}}