{"id":432962,"date":"2025-10-02T06:05:10","date_gmt":"2025-10-02T06:05:10","guid":{"rendered":"https:\/\/www.europesays.com\/fr\/432962\/"},"modified":"2025-10-02T06:05:10","modified_gmt":"2025-10-02T06:05:10","slug":"cest-la-douche-froide-pour-samuel-dans-lamour-est-dans-le-pre-son-aventure-prend-un-tournant-inattendu-spoiler","status":"publish","type":"post","link":"https:\/\/www.europesays.com\/fr\/432962\/","title":{"rendered":"C&rsquo;est \u00ab\u00a0la douche froide\u00a0\u00bb pour Samuel dans L&rsquo;amour est dans le pr\u00e9 : son aventure prend un tournant inattendu (SPOILER)"},"content":{"rendered":"<p>La suite apr\u00e8s la publicit\u00e9<\/p>\n<p>Au casting de <a href=\"https:\/\/www.purepeople.com\/article\/lamour-est-dans-le-pre-2025-la-date-de-lancement-les-portraits-des-13-agriculteurs-deux-abandons-tout-ce-quil-faut-savoir-sur-la-nouvelle-saison_a540998\/1\" rel=\"nofollow noopener\" target=\"_blank\">L&rsquo;amour est dans le pr\u00e9<\/a> cette ann\u00e9e figurait <a href=\"https:\/\/www.purepeople.com\/article\/portrait-il-y-a-eu-recidive-samuel-lamour-est-dans-le-pre-2025-raconte-les-raisons-de-sa-rupture-avec-la-mere-de-sa-fille_a533338\/1\" rel=\"nofollow noopener\" target=\"_blank\">Samuel<\/a>. A 48 ans, il s&rsquo;\u00e9tait pr\u00e9sent\u00e9 dans l&rsquo;\u00e9mission depuis ses 55 hectares de vigne en Nouvelle-Aquitaine, o\u00f9 il distille sa propre r\u00e9colte pour produire deux crus diff\u00e9rents destin\u00e9s \u00e0 de grandes maisons de cognac. Il expliquait avoir v\u00e9cu trois histoires de c\u0153ur importantes : une premi\u00e8re \u00e0 l&rsquo;\u00e2ge de 20 ans, qui a dur\u00e9 presque deux ans, une seconde un peu plus tard et la troisi\u00e8me, la plus longue, a dur\u00e9 onze ans.\u00a0<\/p>\n<p>Samuel avait rencontr\u00e9 cette ex-compagne sur Internet et, sept ans plus tard, <strong>ils ont accueilli leur fille Ang\u00e8le, gr\u00e2ce \u00e0 la PMA<\/strong>. Mais aux deux ans de la fillette, c&rsquo;est la rupture pour l&rsquo;agriculteur et sa moiti\u00e9, la faute \u00e0 un cancer du sein qui aura eu raison de leur amour. \u00ab\u00a0Elle a \u00e9t\u00e9 trait\u00e9e. On a \u00e9t\u00e9 tranquille \u00e0 peu pr\u00e8s un an et puis il y a eu r\u00e9cidive. Au d\u00e9but de la maladie, \u00e7a a resserr\u00e9 nos liens et puis le cancer nous a s\u00e9par\u00e9s, on ne se comprenait plus donc elle a souhait\u00e9 qu&rsquo;on se s\u00e9pare\u00a0\u00bb, a-t-elle expliqu\u00e9. L&rsquo;ancien couple maintient depuis de bons rapports malgr\u00e9 tout, pr\u00e9cisait-il dans son portrait.<\/p>\n<p>Une seule rencontre pour Samuel dans L&rsquo;amour est dans le pr\u00e9<\/p>\n<p>Apr\u00e8s des ann\u00e9es de c\u00e9libat, Samuel comptait alors v\u00e9ritablement sur L&rsquo;amour est dans le pr\u00e9 pour retrouver une partenaire de vie. Malheureusement, rien ne s&rsquo;est pass\u00e9 comme il le voulait. Dans le prochain \u00e9pisode, d\u00e9j\u00e0 disponible sur 6play, le producteur de cognac appara\u00eet seul face \u00e0 <a href=\"https:\/\/www.purepeople.com\/people\/karine-le-marchand_p340\" rel=\"nofollow noopener\" target=\"_blank\">Karine Le Marchand<\/a> \u00e0 Paris, au moment de la phase des speed-dating. \u00ab\u00a0<strong>Je t&rsquo;avouerai que j&rsquo;ai pris une petite douche froide quand m\u00eame<\/strong>\u00ab\u00a0, lui confie-t-il.<\/p>\n<p>On comprend ensuite que Samuel a bien re\u00e7u des courriers mais, aucune de ses pr\u00e9tendantes n&rsquo;a souhait\u00e9 passer \u00e0 la t\u00e9l\u00e9. L&rsquo;animatrice, d\u00e9termin\u00e9e \u00e0 lui venir en aide, lui a donc apport\u00e9 une derni\u00e8re lettre, celle de <strong>Fabienne, 51 ans et originaire de Toulon<\/strong> et surtout dispos\u00e9e \u00e0 se pr\u00e9senter \u00e0 lui devant des cam\u00e9ras. Samuel et elle ont donc eu un t\u00eate-\u00e0-t\u00eate mais \u00ab\u00a0<strong>il n&rsquo;y a pas eu de coup de c\u0153ur<\/strong>\u00ab\u00a0, a plus tard partag\u00e9 le candidat d\u00e9\u00e7u. Il est aujourd&rsquo;hui encore possible d&rsquo;\u00e9crire \u00e0 Samuel, et la production de L&rsquo;amour est dans le pr\u00e9 s&rsquo;engage \u00e0 lui transmettre tout nouveau courrier !<\/p>\n","protected":false},"excerpt":{"rendered":"La suite apr\u00e8s la publicit\u00e9 Au casting de L&rsquo;amour est dans le pr\u00e9 cette ann\u00e9e figurait Samuel. A&hellip;\n","protected":false},"author":2,"featured_media":432963,"comment_status":"","ping_status":"","sticky":false,"template":"","format":"standard","meta":{"footnotes":""},"categories":[1356],"tags":[58,59,1011,27,252,1364],"class_list":{"0":"post-432962","1":"post","2":"type-post","3":"status-publish","4":"format-standard","5":"has-post-thumbnail","7":"category-television","8":"tag-divertissement","9":"tag-entertainment","10":"tag-fr","11":"tag-france","12":"tag-television","13":"tag-tv"},"share_on_mastodon":{"url":"https:\/\/pubeurope.com\/@fr\/115303070240363095","error":""},"_links":{"self":[{"href":"https:\/\/www.europesays.com\/fr\/wp-json\/wp\/v2\/posts\/432962","targetHints":{"allow":["GET"]}}],"collection":[{"href":"https:\/\/www.europesays.com\/fr\/wp-json\/wp\/v2\/posts"}],"about":[{"href":"https:\/\/www.europesays.com\/fr\/wp-json\/wp\/v2\/types\/post"}],"author":[{"embeddable":true,"href":"https:\/\/www.europesays.com\/fr\/wp-json\/wp\/v2\/users\/2"}],"replies":[{"embeddable":true,"href":"https:\/\/www.europesays.com\/fr\/wp-json\/wp\/v2\/comments?post=432962"}],"version-history":[{"count":0,"href":"https:\/\/www.europesays.com\/fr\/wp-json\/wp\/v2\/posts\/432962\/revisions"}],"wp:featuredmedia":[{"embeddable":true,"href":"https:\/\/www.europesays.com\/fr\/wp-json\/wp\/v2\/media\/432963"}],"wp:attachment":[{"href":"https:\/\/www.europesays.com\/fr\/wp-json\/wp\/v2\/media?parent=432962"}],"wp:term":[{"taxonomy":"category","embeddable":true,"href":"https:\/\/www.europesays.com\/fr\/wp-json\/wp\/v2\/categories?post=432962"},{"taxonomy":"post_tag","embeddable":true,"href":"https:\/\/www.europesays.com\/fr\/wp-json\/wp\/v2\/tags?post=432962"}],"curies":[{"name":"wp","href":"https:\/\/api.w.org\/{rel}","templated":true}]}}