{"id":432973,"date":"2025-10-02T06:11:13","date_gmt":"2025-10-02T06:11:13","guid":{"rendered":"https:\/\/www.europesays.com\/fr\/432973\/"},"modified":"2025-10-02T06:11:13","modified_gmt":"2025-10-02T06:11:13","slug":"la-comete-c-2025-r2-et-son-immense-queue-devrait-bientot-etre-visible-en-france-voici-quand-lobserver","status":"publish","type":"post","link":"https:\/\/www.europesays.com\/fr\/432973\/","title":{"rendered":"La com\u00e8te C\/2025 R2 (et son immense queue) devrait bient\u00f4t \u00eatre visible en France : voici quand l&rsquo;observer"},"content":{"rendered":"<p>            Par<br \/>\n        <strong><br \/>\n            <a href=\"https:\/\/actu.fr\/auteur\/martin-leduc\" title=\"Consulter tous les articles de Martin Leduc\" target=\"_blank\" rel=\"noopener\">Martin Leduc<\/a><br \/>\n        <\/strong><\/p>\n<p>        Publi\u00e9 le<\/p>\n<p>            1 oct. 2025 \u00e0 21h47        <\/p>\n<p>En ces temps o\u00f9 <a href=\"https:\/\/actu.fr\/economie\/vie-des-entreprises\/pourquoi-votre-salaire-n-est-pas-pres-d-augmenter_63099794.html\" target=\"_blank\" rel=\"noopener\">les fins de mois sont dures<\/a>, un petit spectacle gratuit, \u00e7a vous tente ? Sauf surprise, la plupart des Fran\u00e7ais, et plus globalement, des habitants de l\u2019h\u00e9misph\u00e8re nord, devraient pouvoir en voir un dans les prochains jours.\u00a0<\/p>\n<p class=\" wall-content\"><a href=\"https:\/\/actu.fr\/sciences-technologie\/une-nouvelle-comete-s-approche-de-la-terre-et-elle-pourrait-bientot-etre-visible-depuis-la-france_63174887.html\" target=\"_blank\" rel=\"noopener\">actu.fr en parlait il y a quelques semaines<\/a>, la com\u00e8te C\/2025 R2 (SWAN) s\u2019approche de la Terre \u00e0 toute vitesse. Pas de panique, elle ne nous tombera pas dessus. En revanche, on pourrait bien \u00eatre en capacit\u00e9 de la voir avec de simples jumelles, voire \u00e0 l\u2019\u0153il nu pour ceux qui ont une tr\u00e8s bonne vue et qui sont les mieux plac\u00e9s. Elle et son immense queue bleut\u00e9e de plusieurs dizaines de milliers de kilom\u00e8tres.<\/p>\n<p class=\" wall-content\">\u00ab\u00a0Elle semble tenir la route et ses promesses\u00a0\u00bb, s\u2019enthousiasme, aupr\u00e8s d\u2019actu.fr, Nicolas Biver, astrophysicien \u00e0 l\u2019observatoire de Paris et pr\u00e9sident de la Commission des com\u00e8tes de la Soci\u00e9t\u00e9 astronomique de France.\u00a0<\/p>\n<p>D\u00e9couverte au hasard<\/p>\n<p class=\" wall-content\">D\u00e9couverte au hasard par l\u2019instrument SWAN du satellite SOHO qui traque normalement l\u2019hydrog\u00e8ne autour du Soleil, cette com\u00e8te avait initialement \u00e9t\u00e9 nomm\u00e9e SWAN 25B, en r\u00e9f\u00e9rence \u00e0 l\u2019instrument qui l\u2019a observ\u00e9e. \u00ab\u00a0Cela faisait longtemps qu\u2019un objet aussi brillant n\u2019avait pas \u00e9t\u00e9 d\u00e9couvert\u00a0\u00bb, avait alors comment\u00e9 Nicolas Biver. <\/p>\n<p class=\" wall-content\">Pour le moment, on n\u2019en sait que tr\u00e8s peu sur ce gros caillou qui file \u00e0 toute vitesse dans la direction de la Terre. Ce que l\u2019on sait, en revanche, c\u2019est qu\u2019elle est plus gazeuse que poussi\u00e9reuse, et surtout, qu\u2019elle \u00e9tait observable dans l\u2019h\u00e9misph\u00e8re sud depuis sa d\u00e9couverte, mais\u00a0\u00ab\u00a0remonte\u00a0\u00bb actuellement.\u00a0<\/p>\n<p class=\" wall-content\">Dans les faits, elle ne \u00ab\u00a0remonte\u00a0\u00bb pas vraiment, mais elle atteint un point o\u00f9 les observateurs de l\u2019h\u00e9misph\u00e8re sud ne la voient plus, alors qu\u2019elle commence \u00e0 \u00eatre visible depuis l\u2019h\u00e9misph\u00e8re nord.\u00a0<\/p>\n<p>Votre r\u00e9gion, votre actu !<\/p>\n<p>Recevez chaque jour les infos qui comptent pour vous.<\/p>\n<p>\t<a href=\"https:\/\/actu.fr\/newsletter\" class=\"ac-btn ac-btn--corner ac-btn--medium ac-btn--blue800\" target=\"_blank\" rel=\"noopener\">S&rsquo;incrire<\/a><br \/>\n\u00ab\u00a0Avec les com\u00e8tes, on n\u2019est \u00e0 l\u2019abri de rien\u00a0\u00bb<\/p>\n<p class=\" wall-content\">\u00ab\u00a0Comme pr\u00e9vu, elle \u00e9mergera de l\u2019horizon sud-ouest le soir dans les jours \u00e0 venir\u00a0\u00bb, d\u00e9crit Nicolas Biver. Ce qui ne signifie pas qu\u2019il faut se ruer vers sa fen\u00eatre d\u00e8s ce soir. \u00ab\u00a0Il vaut mieux attendre apr\u00e8s le 10 octobre, quand la lune g\u00eanera moins et que la com\u00e8te sera au moins \u00e0 une dizaine de degr\u00e9s au-dessus de l\u2019horizon \u00e0 la nuit tomb\u00e9e.\u00a0\u00bb<\/p>\n<blockquote class=\"ac-article-quote wall-content\">\n<p>Il ne faut pas non plus \u00e9carter de bonnes ou de moins bonnes nouvelles. Un sursaut, o\u00f9 \u00e0 l&rsquo;inverse, une baisse soudaine de luminosit\u00e9, sont tout \u00e0 fait possibles. Avec les com\u00e8tes, on n&rsquo;est \u00e0 l&rsquo;abri de rien !<\/p>\n<p>    <strong>Nicolas Biver<\/strong><br \/>\n        Astrophysicien \u00e0 l\u2019observatoire de Paris et pr\u00e9sident de la Commission des com\u00e8tes de la Soci\u00e9t\u00e9 astronomique de France    <\/p><\/blockquote>\n<p class=\" wall-content\">Pour rappel, un sursaut, c\u2019est un \u00e9v\u00e9nement pendant lequel la com\u00e8te se sublime et perd en masse. La lib\u00e9ration soudaine de mati\u00e8re (de gaz en l\u2019occurrence) provoque, justement, un sursaut de luminosit\u00e9.<\/p>\n<p class=\" wall-content\">On peut attendre de C\/2025 R2 une magnitude comprise entre 6 et 7, soit la limite pour voir un objet c\u00e9leste sans instrument. Sans se lancer dans une explication scientifique, il s\u2019agit de la luminosit\u00e9 minimale pour voir un corps c\u00e9leste dans le ciel nocturne et sans pollution visuelle. Autrement dit, \u00e0 magnitude 6, on peut la voir \u00e0 l\u2019\u0153il nu, mais \u00e0 7, il faudra des jumelles. actu.fr ne manquera pas de tenir ses lecteurs inform\u00e9s d\u00e8s que l\u2019information sera connue.\u00a0<\/p>\n<p>Comment bien voir la com\u00e8te C\/2025 R2 (Swan) ?\u00a0<\/p>\n<p class=\" wall-content\">Pour \u00eatre s\u00fbr de voir le spectacle, il faudra, donc, poser ses yeux vers l\u2019horizon sud-ouest. Mais attention, il y a une subtilit\u00e9. \u00c0 partir du 10, elle devrait \u00eatre environ une dizaine de degr\u00e9s au-dessus de l\u2019horizon.\u00a0<\/p>\n<p class=\" wall-content\">C\u2019est ce que repr\u00e9sente, grosso modo, la taille d\u2019un poing plac\u00e9 parall\u00e8le et adjacent \u00e0 l\u2019horizon. Il faudra donc utiliser son propre poing comme rep\u00e8re.<\/p>\n<p class=\" wall-content\">\n<p class=\" wall-content\">Au-del\u00e0 de ce conseil, comme pour tous les \u00e9v\u00e9nements astronomiques, il faut \u00e9viter autant que faire se peut la pollution visuelle, et ne pas h\u00e9siter \u00e0 se couvrir : l\u2019espace requiert de la patience, et en octobre, il vaut mieux s\u2019\u00e9quiper. T\u00e9l\u00e9charger une application type Star Walk ou Night Vision peut \u00e9galement \u00eatre d\u2019une grande aide.<\/p>\n<p class=\" wall-content\">La Lune, pleine le 7 octobre, pourrait \u00eatre quelque peu emb\u00eatante, au moins au d\u00e9but. Mais sa luminosit\u00e9 s\u2019att\u00e9nuera en m\u00eame temps qu\u2019elle se cachera, et la nouvelle Lune, fix\u00e9e au 21 octobre 2025, pourrait \u00eatre le meilleur moment pour bien voir cette com\u00e8te.<\/p>\n<p class=\" wall-content\">C\u2019est d\u2019ailleurs le 20 qu\u2019elle sera au plus proche de la Terre (0,34 UA, soit environ 50 millions de km). On se note la date dans le calendrier ?\u00a0<\/p>\n<p class=\" wall-content\">Personnalisez votre actualit\u00e9 en ajoutant vos villes et m\u00e9dias en favori avec <a href=\"https:\/\/moncompte.actu.fr\" title=\"D\u00e9couvez Mon Actu\" rel=\"nofollow noopener\" data-trk=\"{&quot;cta&quot;:{&quot;action&quot;:&quot;https:\\\/\\\/moncompte.actu.fr&quot;,&quot;category&quot;:&quot;mon compte&quot;,&quot;from&quot;:&quot;article footer&quot;,&quot;name&quot;:&quot;Mon actu&quot;,&quot;type&quot;:&quot;cta&quot;}}\" target=\"_blank\">Mon Actu<\/a>.<\/p>\n","protected":false},"excerpt":{"rendered":"Par Martin Leduc Publi\u00e9 le 1 oct. 2025 \u00e0 21h47 En ces temps o\u00f9 les fins de mois&hellip;\n","protected":false},"author":2,"featured_media":432974,"comment_status":"","ping_status":"","sticky":false,"template":"","format":"standard","meta":{"footnotes":""},"categories":[7],"tags":[48,386,1011,27,333,43,40,41,39,2631,42,44],"class_list":{"0":"post-432973","1":"post","2":"type-post","3":"status-publish","4":"format-standard","5":"has-post-thumbnail","7":"category-sciences-et-technologies","8":"tag-astronomie","9":"tag-espace","10":"tag-fr","11":"tag-france","12":"tag-nasa","13":"tag-science","14":"tag-science-and-technology","15":"tag-sciences","16":"tag-sciences-et-technologies","17":"tag-sciences-technologie","18":"tag-technologies","19":"tag-technology"},"share_on_mastodon":{"url":"https:\/\/pubeurope.com\/@fr\/115303093529987849","error":""},"_links":{"self":[{"href":"https:\/\/www.europesays.com\/fr\/wp-json\/wp\/v2\/posts\/432973","targetHints":{"allow":["GET"]}}],"collection":[{"href":"https:\/\/www.europesays.com\/fr\/wp-json\/wp\/v2\/posts"}],"about":[{"href":"https:\/\/www.europesays.com\/fr\/wp-json\/wp\/v2\/types\/post"}],"author":[{"embeddable":true,"href":"https:\/\/www.europesays.com\/fr\/wp-json\/wp\/v2\/users\/2"}],"replies":[{"embeddable":true,"href":"https:\/\/www.europesays.com\/fr\/wp-json\/wp\/v2\/comments?post=432973"}],"version-history":[{"count":0,"href":"https:\/\/www.europesays.com\/fr\/wp-json\/wp\/v2\/posts\/432973\/revisions"}],"wp:featuredmedia":[{"embeddable":true,"href":"https:\/\/www.europesays.com\/fr\/wp-json\/wp\/v2\/media\/432974"}],"wp:attachment":[{"href":"https:\/\/www.europesays.com\/fr\/wp-json\/wp\/v2\/media?parent=432973"}],"wp:term":[{"taxonomy":"category","embeddable":true,"href":"https:\/\/www.europesays.com\/fr\/wp-json\/wp\/v2\/categories?post=432973"},{"taxonomy":"post_tag","embeddable":true,"href":"https:\/\/www.europesays.com\/fr\/wp-json\/wp\/v2\/tags?post=432973"}],"curies":[{"name":"wp","href":"https:\/\/api.w.org\/{rel}","templated":true}]}}