{"id":432975,"date":"2025-10-02T06:14:11","date_gmt":"2025-10-02T06:14:11","guid":{"rendered":"https:\/\/www.europesays.com\/fr\/432975\/"},"modified":"2025-10-02T06:14:11","modified_gmt":"2025-10-02T06:14:11","slug":"cest-la-seule-arme-legislative-qui-reste-aux-democrates-pour-sopposer-a-trump","status":"publish","type":"post","link":"https:\/\/www.europesays.com\/fr\/432975\/","title":{"rendered":"C\u2019est \u00ab\u00a0la seule arme l\u00e9gislative qui reste\u00a0\u00bb aux d\u00e9mocrates pour s\u2019opposer \u00e0 Trump"},"content":{"rendered":"<p>Alors que les <a href=\"https:\/\/www.20minutes.fr\/monde\/etats-unis\/\" class=\"c-link c-link--is-underlined\" target=\"_blank\" rel=\"noopener\">Etats-Unis<\/a> sont en pleine paralysie budg\u00e9taire, chaque camp se renvoie la balle\u00a0: Les <a href=\"https:\/\/www.20minutes.fr\/dossier\/democrates\" class=\"c-link c-link--is-underlined\" target=\"_blank\" rel=\"noopener\">d\u00e9mocrates <\/a>accusent les <a href=\"https:\/\/www.20minutes.fr\/monde\/republicains\/\" class=\"c-link c-link--is-underlined\" target=\"_blank\" rel=\"noopener\">r\u00e9publicains <\/a>et les r\u00e9publicains balancent sur les d\u00e9mocrates. L\u2019incapacit\u00e9 des deux camps \u00e0 trouver un accord sur le budget <a href=\"https:\/\/www.20minutes.fr\/monde\/etats-unis\/4176336-20251001-etats-unis-shutdown-commence-paralysie-budgetaire-inedite-depuis-2018\" class=\"c-link c-link--is-underlined\" target=\"_blank\" rel=\"noopener\">a entra\u00een\u00e9 un \u00ab\u00a0shutdown\u00a0\u00bb outre-Atlantique.<\/a><\/p>\n<p>Des centaines de milliers de fonctionnaires vont \u00eatre au ch\u00f4mage techniques et de fortes turbulences sont attendues dans le domaine des services publics. Si cette impasse est possible, c\u2019est parce que malgr\u00e9 la majorit\u00e9 des r\u00e9publicains aux deux chambres du Congr\u00e8s, un texte budg\u00e9taire doit \u00eatre adopt\u00e9 \u00e0 60 voix sur 100 au S\u00e9nat. Il n\u00e9cessite donc au moins sept voix d\u00e9mocrates. Un des rares leviers de n\u00e9gociation dont le camp progressiste dispose encore.<\/p>\n<\/p>\n<p>Une premi\u00e8re volte-face d\u00e9mocrate<\/p>\n<p>En mars dernier, les d\u00e9mocrates avaient d\u00e9j\u00e0 laiss\u00e9 planer le doute d\u2019un \u00ab\u00a0shutdown\u00a0\u00bb complet, alors que leurs adversaires politiques refusaient toute n\u00e9gociation sur les <a href=\"https:\/\/www.20minutes.fr\/monde\/etats-unis\/4146815-20250404-elon-musk-coupes-budgetaires-licenciements-pertes-personnelles-bilan-patron-doge-cote-trump\" class=\"c-link c-link--is-underlined\" target=\"_blank\" rel=\"noopener\">violentes coupes budg\u00e9taires du gouvernement<\/a>. \u00ab\u00a0Le chef de la minorit\u00e9, Chuck Schumer, avait dit qu\u2019il r\u00e9sisterait \u00e0 Trump au printemps, avant de faire volte-face. Il esp\u00e9rait un <a href=\"https:\/\/www.20minutes.fr\/monde\/etats-unis\/4176494-20251001-quoi-guerre-soja-entre-chine-donald-trump\" class=\"c-link c-link--is-underlined\" target=\"_blank\" rel=\"noopener\">retour de b\u00e2ton \u00e9conomique \u00e0 cause des frais de douane<\/a> et s\u2019inqui\u00e9tait que le \u00ab\u00a0shutdown\u00a0\u00bb soit utilis\u00e9 par le d\u00e9partement de l\u2019Efficacit\u00e9 gouvernementale [DOGE] pour d\u00e9manteler plus encore les agences f\u00e9d\u00e9rales. Il ne pouvait pas se raviser une seconde fois\u00a0\u00bb, explique Olivier Richomme, ma\u00eetre de conf\u00e9rences en civilisation am\u00e9ricaine \u00e0 Lyon-2.<\/p>\n<p><a href=\"https:\/\/www.challenges.fr\/monde\/le-shutdown-du-1er-octobre-2025-le-jour-ou-l-autre-amerique-sest-dressee-pour-dire-non-a-trump_626139\" rel=\"nofollow noopener\" target=\"_blank\" class=\"c-link c-link--is-underlined\">Pour Challenges<\/a>, ce bras de fer va au-del\u00e0 de revendications technico-politiques car \u00ab\u00a0il s\u2019agit de s\u2019opposer \u00e0 Trump en recourant \u00e0 la seule arme l\u00e9gislative qui reste\u00a0\u00bb aux d\u00e9mocrates. \u00ab\u00a0Les d\u00e9mocrates ont int\u00e9r\u00eat politiquement \u00e0 montrer qu\u2019ils r\u00e9sistent \u00e0 Trump et n\u2019acceptent pas son budget\u00a0\u00bb, abonde Olivier Richomme. Dans une Am\u00e9rique d\u00e9chir\u00e9e en deux camps radicalement oppos\u00e9s, difficile en effet de voir leurs repr\u00e9sentants n\u00e9gocier paisiblement.<\/p>\n<p>Combattre une administration r\u00e9publicaine \u00ab\u00a0anormale\u00a0\u00bb<\/p>\n<p>La base n\u2019a pas appr\u00e9ci\u00e9 que Chuck Schumer vote une premi\u00e8re fois en faveur du projet budg\u00e9taire des R\u00e9publicains en mars. <a href=\"https:\/\/www.dataforprogress.org\/blog\/2025\/3\/28\/democratic-voters-are-dissatisfied-with-their-own-party-see-no-clear-party-leader\" rel=\"nofollow noopener\" target=\"_blank\" class=\"c-link c-link--is-underlined\">D\u2019apr\u00e8s une enqu\u00eate de Data for Progress<\/a>, 70\u00a0% des \u00e9lecteurs d\u00e9mocrates ont estim\u00e9 que le parti r\u00e9pondait mal \u00e0 <a href=\"https:\/\/www.20minutes.fr\/dossier\/donald_trump\" class=\"c-link c-link--is-underlined\" target=\"_blank\" rel=\"noopener\">Donald Trump<\/a>. \u00ab\u00a0Les d\u00e9mocrates ne peuvent pas pr\u00e9tendre qu\u2019il s\u2019agit d\u2019une administration r\u00e9publicaine normale. Ils ne peuvent pas ignorer les agents masqu\u00e9s dans les rues, les troupes arm\u00e9es dans les villes, <a href=\"https:\/\/www.20minutes.fr\/monde\/etats-unis\/4153081-20250512-donald-trump-accepte-avion-qatar-acte-flagrant-delibere-corruption\" class=\"c-link c-link--is-underlined\" target=\"_blank\" rel=\"noopener\">les milliards de dollars qui vont dans les poches de la famille Trump<\/a>, une administration qui, en une semaine, g\u00e9n\u00e8re des scandales qui auraient consum\u00e9 d\u2019autres pr\u00e9sidences pendant des ann\u00e9es\u00a0\u00bb, \u00e9crit <a href=\"https:\/\/www.nytimes.com\/2025\/09\/07\/opinion\/trump-senate-democrats-shutdown.html\" rel=\"nofollow noopener\" target=\"_blank\" class=\"c-link c-link--is-underlined\">l\u2019\u00e9ditorialiste Ezra Klein dans le New York Times,<\/a> pour illustrer cette ambiance.<\/p>\n<p>Pour la version officielle, il s\u2019agit toutefois de se concentrer sur les d\u00e9penses de sant\u00e9. \u00ab\u00a0Les d\u00e9mocrates n\u2019ont pas choisi comme th\u00e8me porteur l\u2019immigration mais quelque chose de plus rassembleur\u00a0: l\u2019assurance maladie. C\u2019est ce qu\u2019on appelle <a href=\"https:\/\/www.20minutes.fr\/dossier\/obamacare\" class=\"c-link c-link--is-underlined\" target=\"_blank\" rel=\"noopener\">l\u2019Obamacare <\/a>et les R\u00e9publicains veulent que les aides expirent\u00a0\u00bb, d\u00e9crypte Olivier Richomme. Or, sans ces aides, les b\u00e9n\u00e9ficiaires de ce syst\u00e8me vont voir leurs cotisations exploser. D\u2019apr\u00e8s Challenges, \u00e7a reviendrait \u00e0 un quasi-triplement de la cotisation mensuelle d\u2019un m\u00e9nage de classe moyenne avec deux enfants au <a href=\"https:\/\/www.20minutes.fr\/monde\/texas\/\" class=\"c-link c-link--is-underlined\" target=\"_blank\" rel=\"noopener\">Texas<\/a>, de 147 \u00e0 346 dollars.<\/p>\n<p>Chacun campe sur ses positions<\/p>\n<p>Le dernier \u00ab\u00a0shutdown\u00a0\u00bb am\u00e9ricain entre d\u00e9cembre\u00a02018 et janvier\u00a02019, d\u00e9j\u00e0 sous l\u2019\u00e9gide de Donald Trump avait dur\u00e9 trente-cinq jours. \u00ab\u00a0C\u2019\u00e9tait le plus long de l\u2019histoire am\u00e9ricaine mais il est possible que ce record soit \u00e0 nouveau battu\u00a0\u00bb, pr\u00e9vient Olivier Richomme. Les n\u00e9gociations semblent dans l\u2019impasse. Mercredi, le vice-pr\u00e9sident <a href=\"https:\/\/www.20minutes.fr\/monde\/vance\/\" class=\"c-link c-link--is-underlined\" target=\"_blank\" rel=\"noopener\">J.D. Vance<\/a> a expliqu\u00e9 qu\u2019aucune n\u00e9gociation n\u2019aurait cours tant que le budget n\u2019aurait pas \u00e9t\u00e9 vot\u00e9 par les d\u00e9mocrates. \u00ab\u00a0Vous ne pouvez pas r\u00e9compenser la prise d\u2019otages\u00a0\u00bb, assure-t-il. Chacun attend donc que l\u2019autre camp c\u00e8de.<\/p>\n<p><a href=\"https:\/\/www.20minutes.fr\/monde\/etats-unis\/\" rel=\"nofollow noopener\" class=\"c-link c-btn c-btn--primary\" target=\"_blank\">Notre dossier sur les Etats-Unis<\/a><\/p>\n<p>Pendant ce temps, les parcs nationaux sont priv\u00e9s de rangers, un bon nombre d\u2019aides sociales paralys\u00e9es et la <a href=\"https:\/\/www.20minutes.fr\/sciences\/nasa\/\" class=\"c-link c-link--is-underlined\" target=\"_blank\" rel=\"noopener\">Nasa<\/a> ferm\u00e9e. Chaque semaine pourrait co\u00fbter 0,2 point de croissance annuelle de PIB, d\u2019apr\u00e8s la compagnie d\u2019assurances Nationwide. \u00ab\u00a0Historiquement, il serait logique que le parti au pouvoir p\u00e2tisse davantage de la situation car ce sont eux qui sont \u00e0 l\u2019origine du budget. Mais cela fait dix ans que les Etats-Unis ne suivent plus les r\u00e8gles habituelles\u00a0\u00bb, souligne Olivier Richomme. Pour l\u2019expert, ce blocage nuira de toute fa\u00e7on aux r\u00e9publicains et aux d\u00e9mocrates, incapables de s\u2019entendre et, \u00e0 terme, \u00ab\u00a0la foi en les institutions et les deux partis va s\u2019\u00e9tioler\u00a0\u00bb. Envoyant un nouveau \u00ab\u00a0mauvais signal pour la d\u00e9mocratie am\u00e9ricaine\u00a0\u00bb.<\/p>\n","protected":false},"excerpt":{"rendered":"Alors que les Etats-Unis sont en pleine paralysie budg\u00e9taire, chaque camp se renvoie la balle\u00a0: Les d\u00e9mocrates accusent&hellip;\n","protected":false},"author":2,"featured_media":432976,"comment_status":"","ping_status":"","sticky":false,"template":"","format":"standard","meta":{"footnotes":""},"categories":[6],"tags":[47,7551,1003,35,75,33,34,73,1273,1011,27,74,56107,23893,23892,1004],"class_list":{"0":"post-432975","1":"post","2":"type-post","3":"status-publish","4":"format-standard","5":"has-post-thumbnail","7":"category-economie","8":"tag-actualite","9":"tag-blocage","10":"tag-budget","11":"tag-business","12":"tag-donald-trump","13":"tag-economie","14":"tag-economy","15":"tag-etats-unis","16":"tag-fonctionnaires","17":"tag-fr","18":"tag-france","19":"tag-monde","20":"tag-obamacare","21":"tag-parti-democrate-usa","22":"tag-parti-republicain-usa","23":"tag-senat"},"share_on_mastodon":{"url":"https:\/\/pubeurope.com\/@fr\/115303105454381957","error":""},"_links":{"self":[{"href":"https:\/\/www.europesays.com\/fr\/wp-json\/wp\/v2\/posts\/432975","targetHints":{"allow":["GET"]}}],"collection":[{"href":"https:\/\/www.europesays.com\/fr\/wp-json\/wp\/v2\/posts"}],"about":[{"href":"https:\/\/www.europesays.com\/fr\/wp-json\/wp\/v2\/types\/post"}],"author":[{"embeddable":true,"href":"https:\/\/www.europesays.com\/fr\/wp-json\/wp\/v2\/users\/2"}],"replies":[{"embeddable":true,"href":"https:\/\/www.europesays.com\/fr\/wp-json\/wp\/v2\/comments?post=432975"}],"version-history":[{"count":0,"href":"https:\/\/www.europesays.com\/fr\/wp-json\/wp\/v2\/posts\/432975\/revisions"}],"wp:featuredmedia":[{"embeddable":true,"href":"https:\/\/www.europesays.com\/fr\/wp-json\/wp\/v2\/media\/432976"}],"wp:attachment":[{"href":"https:\/\/www.europesays.com\/fr\/wp-json\/wp\/v2\/media?parent=432975"}],"wp:term":[{"taxonomy":"category","embeddable":true,"href":"https:\/\/www.europesays.com\/fr\/wp-json\/wp\/v2\/categories?post=432975"},{"taxonomy":"post_tag","embeddable":true,"href":"https:\/\/www.europesays.com\/fr\/wp-json\/wp\/v2\/tags?post=432975"}],"curies":[{"name":"wp","href":"https:\/\/api.w.org\/{rel}","templated":true}]}}