{"id":432977,"date":"2025-10-02T06:15:14","date_gmt":"2025-10-02T06:15:14","guid":{"rendered":"https:\/\/www.europesays.com\/fr\/432977\/"},"modified":"2025-10-02T06:15:14","modified_gmt":"2025-10-02T06:15:14","slug":"le-royaume-uni-va-supprimer-son-programme-de-regroupement-familial","status":"publish","type":"post","link":"https:\/\/www.europesays.com\/fr\/432977\/","title":{"rendered":"le Royaume-Uni va supprimer son programme de regroupement familial"},"content":{"rendered":"<p>Le gouvernement travailliste de Keir Starmer tente de raffermir sa position face \u00e0 des niveaux record d\u2019immigration l\u00e9gale et irr\u00e9guli\u00e8re.<\/p>\n<p class=\"fig-paragraph\">Le\u00a0<a href=\"https:\/\/www.lefigaro.fr\/tag\/royaume-uni\" target=\"_blank\" rel=\"sponsored noopener\" data-gtm-custom-categorie=\"navigation\" data-gtm-custom-action=\"crossclick\" data-gtm-custom-label=\"Contextuel\" data-gtm-event=\"customEventSPE\">Royaume-Uni<\/a>\u00a0va annoncer jeudi un plan pour mettre fin \u00e0 un m\u00e9canisme permettant aux membres des familles de r\u00e9fugi\u00e9s d\u00e9j\u00e0 install\u00e9s dans le pays de les rejoindre, dans le cadre d&rsquo;un durcissement de la politique d&rsquo;asile.<\/p>\n<p class=\"fig-paragraph\">Alors que les demandes de regroupement familial avaient d\u00e9j\u00e0 \u00e9t\u00e9 suspendues le mois dernier, le premier ministre travailliste\u00a0<a href=\"https:\/\/www.lefigaro.fr\/tag\/keir-starmer\" target=\"_blank\" rel=\"sponsored noopener\" data-gtm-custom-categorie=\"navigation\" data-gtm-custom-action=\"crossclick\" data-gtm-custom-label=\"Contextuel\" data-gtm-event=\"customEventSPE\">Keir Starmer<\/a>\u00a0doit pr\u00e9senter un plan pour supprimer d\u00e9finitivement le programme lors d&rsquo;un sommet des dirigeants de l&rsquo;Union europ\u00e9enne \u00e0 Copenhague.<\/p>\n<p>                                    <a class=\"fig-a11y-skip a11y-hidden\" href=\"#fig-a11y-skip-main-inarticle\"><br \/>\n        Passer la publicit\u00e9<br \/>\n    <\/a><\/p>\n<p class=\"fig-paragraph\">\u00abCes r\u00e9formes fondamentales seront la base d&rsquo;un syst\u00e8me plus \u00e9quitable o\u00f9 (&#8230;) le chemin vers la r\u00e9gularisation devrait \u00eatre plus long et m\u00e9rit\u00e9 gr\u00e2ce \u00e0 une contribution au pays,\u00bb a d\u00e9clar\u00e9 le gouvernement britannique dans un communiqu\u00e9 mercredi soir.<\/p>\n<p>Objectif\u00a0: contrer la mont\u00e9e de Reform UK<\/p>\n<p class=\"fig-paragraph\">Le gouvernement travailliste de Keir Starmer tente de raffermir sa position face \u00e0 des niveaux record d&rsquo;immigration l\u00e9gale et irr\u00e9guli\u00e8re, pour contrer la mont\u00e9e du parti anti-immigration Reform UK et apaiser un d\u00e9bat national houleux.<\/p>\n<p class=\"fig-paragraph\">Selon les chiffres du minist\u00e8re de l&rsquo;Int\u00e9rieur, pr\u00e8s de 21.000 visas de regroupement familial de r\u00e9fugi\u00e9s ont \u00e9t\u00e9 d\u00e9livr\u00e9s dans l&rsquo;ann\u00e9e pr\u00e9c\u00e9dant juin 2025. La grande majorit\u00e9 a \u00e9t\u00e9 attribu\u00e9e \u00e0 des femmes et des enfants.<\/p>\n<p class=\"fig-paragraph\">Dans le cadre de ce changement de politique, les personnes ayant obtenu le statut de r\u00e9fugi\u00e9 ne b\u00e9n\u00e9ficieront plus automatiquement du regroupement familial, a annonc\u00e9 le gouvernement. \u00abLe Royaume-Uni continuera \u00e0 jouer son r\u00f4le en accueillant de v\u00e9ritables r\u00e9fugi\u00e9s fuyant les pers\u00e9cutions. Mais (&#8230;) il n&rsquo;y aura pas de ticket gagnant pour s&rsquo;\u00e9tablir au Royaume-Uni, les gens devront le m\u00e9riter\u00bb, a ajout\u00e9 Keir Starmer.<\/p>\n<p>111.000 demandes d\u2019asile<\/p>\n<p class=\"fig-paragraph\">Mercredi, le gouvernement a \u00e9galement d\u00e9clar\u00e9 vouloir changer l&rsquo;interpr\u00e9tation de la l\u00e9gislation sur les droits humains afin de faciliter les expulsions.<\/p>\n<p>                                    <a class=\"fig-a11y-skip a11y-hidden\" href=\"#fig-a11y-skip-main-inarticle_mtf\"><br \/>\n        Passer la publicit\u00e9<br \/>\n    <\/a><\/p>\n<p class=\"fig-paragraph\">Plus de 111.000 personnes ont demand\u00e9 l&rsquo;asile au Royaume-Uni entre juin 2024 et juin 2025, le nombre le plus \u00e9lev\u00e9 jamais enregistr\u00e9 depuis les premi\u00e8res statistiques en 2001, selon les derni\u00e8res donn\u00e9es du Home Office. Par ailleurs, plus de 33.000 personnes sont arriv\u00e9es ill\u00e9galement dans le pays en traversant la Manche dans des embarcations de fortune depuis le d\u00e9but de l&rsquo;ann\u00e9e, un record pour cette p\u00e9riode.<\/p>\n<p class=\"fig-paragraph\">Au moins 27 personnes sont mortes en tentant la travers\u00e9e depuis le d\u00e9but de l&rsquo;ann\u00e9e, selon un d\u00e9compte de l&rsquo;AFP \u00e0 partir de donn\u00e9es officielles fran\u00e7aises. L&rsquo;association britannique Refugee Council a estim\u00e9 que cette suspension allait pousser \u00abdavantage de gens d\u00e9sesp\u00e9r\u00e9s dans les bras des passeurs\u00bb.<\/p>\n<p class=\"fig-paragraph\">La ministre britannique de l&rsquo;Int\u00e9rieur Shabana Mahmood avait propos\u00e9 lundi de conditionner l&rsquo;obtention d&rsquo;un titre de s\u00e9jour permanent \u00e0 plusieurs crit\u00e8res, dont un haut niveau d&rsquo;anglais, un emploi et des heures de travail b\u00e9n\u00e9vole.<\/p>\n","protected":false},"excerpt":{"rendered":"Le gouvernement travailliste de Keir Starmer tente de raffermir sa position face \u00e0 des niveaux record d\u2019immigration l\u00e9gale&hellip;\n","protected":false},"author":2,"featured_media":432978,"comment_status":"","ping_status":"","sticky":false,"template":"","format":"standard","meta":{"footnotes":""},"categories":[5],"tags":[11,1011,27,14,2581,12,473,28],"class_list":{"0":"post-432977","1":"post","2":"type-post","3":"status-publish","4":"format-standard","5":"has-post-thumbnail","7":"category-international","8":"tag-actualites","9":"tag-fr","10":"tag-france","11":"tag-international","12":"tag-keir-starmer","13":"tag-news","14":"tag-royaume-uni","15":"tag-world"},"share_on_mastodon":{"url":"https:\/\/pubeurope.com\/@fr\/115303109345760360","error":""},"_links":{"self":[{"href":"https:\/\/www.europesays.com\/fr\/wp-json\/wp\/v2\/posts\/432977","targetHints":{"allow":["GET"]}}],"collection":[{"href":"https:\/\/www.europesays.com\/fr\/wp-json\/wp\/v2\/posts"}],"about":[{"href":"https:\/\/www.europesays.com\/fr\/wp-json\/wp\/v2\/types\/post"}],"author":[{"embeddable":true,"href":"https:\/\/www.europesays.com\/fr\/wp-json\/wp\/v2\/users\/2"}],"replies":[{"embeddable":true,"href":"https:\/\/www.europesays.com\/fr\/wp-json\/wp\/v2\/comments?post=432977"}],"version-history":[{"count":0,"href":"https:\/\/www.europesays.com\/fr\/wp-json\/wp\/v2\/posts\/432977\/revisions"}],"wp:featuredmedia":[{"embeddable":true,"href":"https:\/\/www.europesays.com\/fr\/wp-json\/wp\/v2\/media\/432978"}],"wp:attachment":[{"href":"https:\/\/www.europesays.com\/fr\/wp-json\/wp\/v2\/media?parent=432977"}],"wp:term":[{"taxonomy":"category","embeddable":true,"href":"https:\/\/www.europesays.com\/fr\/wp-json\/wp\/v2\/categories?post=432977"},{"taxonomy":"post_tag","embeddable":true,"href":"https:\/\/www.europesays.com\/fr\/wp-json\/wp\/v2\/tags?post=432977"}],"curies":[{"name":"wp","href":"https:\/\/api.w.org\/{rel}","templated":true}]}}