{"id":432979,"date":"2025-10-02T06:16:12","date_gmt":"2025-10-02T06:16:12","guid":{"rendered":"https:\/\/www.europesays.com\/fr\/432979\/"},"modified":"2025-10-02T06:16:12","modified_gmt":"2025-10-02T06:16:12","slug":"de-polemique-en-discredit-la-fin-de-regne-crepusculaire-danne-hidalgo-a-la-mairie-de-paris","status":"publish","type":"post","link":"https:\/\/www.europesays.com\/fr\/432979\/","title":{"rendered":"De pol\u00e9mique en discr\u00e9dit, la fin de r\u00e8gne cr\u00e9pusculaire d\u2019Anne Hidalgo \u00e0 la mairie de Paris"},"content":{"rendered":"<p><strong>R\u00c9CIT &#8211;<\/strong> Alors que le terme de son mandat dans la capitale approche, l\u2019\u00e9dile voit son bilan critiqu\u00e9 sur plusieurs fronts. Encha\u00eenant les d\u00e9placements \u00e0 l\u2019\u00e9tranger, elle pr\u00e9pare d\u00e9j\u00e0 l\u2019apr\u00e8s.<\/p>\n<p class=\"fig-paragraph\">L\u2019un des pr\u00e9d\u00e9cesseurs d\u2019<a href=\"http:\/\/www.lefigaro.fr\/actualite-france\/la-baignade-dans-la-seine-prolongee-jusqu-au-21-septembre-annonce-anne-hidalgo-20250827\" data-fig-type=\"NewsFlash\" data-gtm-custom-categorie=\"navigation\" data-gtm-custom-action=\"crossclick\" data-gtm-custom-label=\"Contextuel\" data-gtm-event=\"customEventSPE\" data-fig-domain=\"LEFIGARO\" target=\"_blank\" rel=\"noopener\">Anne Hidalgo<\/a>\u00a0le r\u00e9p\u00e9tait souvent avec sa gouaille inimitable\u00a0: \u00abLes emmerdes, \u00e7a vole toujours en escadrille.\u00bb\u00a0<a href=\"http:\/\/www.lefigaro.fr\/politique\/le-musee-du-quai-branly-fruit-de-la-passion-de-jacques-chirac-pour-les-arts-premiers-20250801\" target=\"_blank\" data-fig-type=\"Article\" rel=\"noopener\" data-gtm-custom-categorie=\"navigation\" data-gtm-custom-action=\"crossclick\" data-gtm-custom-label=\"Contextuel\" data-gtm-event=\"customEventSPE\" data-fig-domain=\"LEFIGARO\">Jacques Chirac<\/a>\u00a0soulignait par l\u00e0 qu\u2019un souci n\u2019arrive jamais seul. La maire de Paris en fait aujourd\u2019hui l\u2019am\u00e8re exp\u00e9rience. \u00c0 six mois d\u2019<a href=\"http:\/\/www.lefigaro.fr\/marseille\/municipales-2026-a-marseille-le-dilemme-des-ecologistes-face-a-la-division-de-la-gauche-20250930\" target=\"_blank\" data-fig-type=\"NewsFlash\" rel=\"noopener\" data-gtm-custom-categorie=\"navigation\" data-gtm-custom-action=\"crossclick\" data-gtm-custom-label=\"Contextuel\" data-gtm-event=\"customEventSPE\" data-fig-domain=\"LEFIGARO\">\u00e9lections municipales<\/a>\u00a0qui signeront son d\u00e9part de l\u2019h\u00f4tel de ville apr\u00e8s y avoir pass\u00e9 un quart de si\u00e8cle &#8211; treize ans comme premi\u00e8re adjointe et douze comme maire &#8211; elle se retrouve emp\u00eatr\u00e9e dans les pol\u00e9miques en tout genre, entach\u00e9e par le discr\u00e9dit politique et concurrenc\u00e9e sur ses terres par une droite conqu\u00e9rante.<\/p>\n<p class=\"fig-paragraph\">Ne serait-ce que ces derniers jours. Mi-septembre, Anne Hidalgo a d\u2019abord vu une partie de ses frais de d\u00e9placement et de repr\u00e9sentation\u00a0publi\u00e9s dans la presse, relay\u00e9s sur les r\u00e9seaux sociaux, et m\u00eame placard\u00e9s dans les rues de la capitale. Ces d\u00e9penses, jug\u00e9es excessives, ont suscit\u00e9 l\u2019indignation\u00a0: 6320 euros de robes Dior, un manteau de la marque Burberry \u00e0 3067 euros, une \u00e9tole Bompard \u00e0\u2026<\/p>\n<p class=\"fig-premium-paywall__infos\">\n        Cet article est r\u00e9serv\u00e9 aux abonn\u00e9s.        Il vous reste 88% \u00e0 d\u00e9couvrir.\n    <\/p>\n<p>                <img  data- alt=\"Le Figaro\" class=\"fig-img--complete fig-img\"\/><\/p>\n<p class=\"fig-premium-paywall__title\">Vous avez envie de lire la suite ?<\/p>\n<p class=\"fig-premium-paywall__subtitle\">D\u00e9bloquez tous les articles imm\u00e9diatement.<\/p>\n<p class=\"fig-premium-paywall__connect\">\n                D\u00e9j\u00e0 abonn\u00e9\u00a0?                <a class=\"fig-premium-paywall__connect-link\" href=\"https:\/\/connect.lefigaro.fr\/login?client=horizon_web&amp;type=main&amp;redirect_uri=https%3A%2F%2Fwww.lefigaro.fr%2Fpolitique%2Fde-polemique-en-discredit-la-fin-de-regne-crepusculaire-d-anne-hidalgo-a-la-mairie-de-paris-20251002\" data-js-gtm=\"{&quot;customCategorie&quot;: &quot;conversion&quot;, &quot;customAction&quot;: &quot;before_Landing_Connexion_paywall_auto&quot;, &quot;customLabel&quot;: &quot;bGVmaWdhcm8uZnJfXzFmMDllMmRmLWU1MjgtNjIxZS04MmRlLWVmYzJhMzgyN2I0M19fQXJ0aWNsZQ==_De pol\u00e9mique en discr\u00e9dit, la fin de r\u00e8gne cr\u00e9pusculaire d\u2019Anne Hidalgo \u00e0 la mairie de Paris_400&quot;, &quot;customIDSPE&quot;: &quot;bGVmaWdhcm8uZnJfXzFmMDllMmRmLWU1MjgtNjIxZS04MmRlLWVmYzJhMzgyN2I0M19fQXJ0aWNsZQ==&quot;, &quot;event&quot;: &quot;customEventSPE&quot;}\" target=\"_blank\" rel=\"noopener\"><br \/>\n                    Connectez-vous<br \/>\n                <\/a>\n            <\/p>\n","protected":false},"excerpt":{"rendered":"R\u00c9CIT &#8211; Alors que le terme de son mandat dans la capitale approche, l\u2019\u00e9dile voit son bilan critiqu\u00e9&hellip;\n","protected":false},"author":2,"featured_media":432980,"comment_status":"","ping_status":"","sticky":false,"template":"","format":"standard","meta":{"footnotes":""},"categories":[4],"tags":[11,2618,1011,27,2381,3554,12,25],"class_list":{"0":"post-432979","1":"post","2":"type-post","3":"status-publish","4":"format-standard","5":"has-post-thumbnail","7":"category-france","8":"tag-actualites","9":"tag-anne-hidalgo","10":"tag-fr","11":"tag-france","12":"tag-mairie-de-paris","13":"tag-municipales","14":"tag-news","15":"tag-republique-francaise"},"share_on_mastodon":{"url":"https:\/\/pubeurope.com\/@fr\/115303113265065479","error":""},"_links":{"self":[{"href":"https:\/\/www.europesays.com\/fr\/wp-json\/wp\/v2\/posts\/432979","targetHints":{"allow":["GET"]}}],"collection":[{"href":"https:\/\/www.europesays.com\/fr\/wp-json\/wp\/v2\/posts"}],"about":[{"href":"https:\/\/www.europesays.com\/fr\/wp-json\/wp\/v2\/types\/post"}],"author":[{"embeddable":true,"href":"https:\/\/www.europesays.com\/fr\/wp-json\/wp\/v2\/users\/2"}],"replies":[{"embeddable":true,"href":"https:\/\/www.europesays.com\/fr\/wp-json\/wp\/v2\/comments?post=432979"}],"version-history":[{"count":0,"href":"https:\/\/www.europesays.com\/fr\/wp-json\/wp\/v2\/posts\/432979\/revisions"}],"wp:featuredmedia":[{"embeddable":true,"href":"https:\/\/www.europesays.com\/fr\/wp-json\/wp\/v2\/media\/432980"}],"wp:attachment":[{"href":"https:\/\/www.europesays.com\/fr\/wp-json\/wp\/v2\/media?parent=432979"}],"wp:term":[{"taxonomy":"category","embeddable":true,"href":"https:\/\/www.europesays.com\/fr\/wp-json\/wp\/v2\/categories?post=432979"},{"taxonomy":"post_tag","embeddable":true,"href":"https:\/\/www.europesays.com\/fr\/wp-json\/wp\/v2\/tags?post=432979"}],"curies":[{"name":"wp","href":"https:\/\/api.w.org\/{rel}","templated":true}]}}