{"id":432983,"date":"2025-10-02T06:18:12","date_gmt":"2025-10-02T06:18:12","guid":{"rendered":"https:\/\/www.europesays.com\/fr\/432983\/"},"modified":"2025-10-02T06:18:12","modified_gmt":"2025-10-02T06:18:12","slug":"marc-petit-est-candidat-et-brigue-un-troisieme-mandat-de-maire","status":"publish","type":"post","link":"https:\/\/www.europesays.com\/fr\/432983\/","title":{"rendered":"Marc Petit est candidat et brigue un troisi\u00e8me mandat de maire"},"content":{"rendered":"<p>\u00ab\u00a0L\u2019urgence est de reconstruire la ville.\u00a0\u00bb Marc Petit officialise sa candidature aux \u00e9lections municipales de 2026. L\u2019actuel leader du groupe d\u2019opposition Ensemble pour Firminy briguera un troisi\u00e8me mandat de maire apr\u00e8s ceux de 2008-2014 et 2014-2020.<\/p>\n<p>Si personne ne doutait qu\u2019il serait candidat, l\u2019\u00e9lu et son \u00e9quipe ont souhait\u00e9 prioriser la construction \u00ab\u00a0d\u2019une liste avec des personnes ayant des comp\u00e9tences diverses\u00a0\u00bb avant de r\u00e9fl\u00e9chir au nom de celui ou celle qui allait pr\u00e9sider leurs destin\u00e9es \u00e0 l\u2019\u00e9ch\u00e9ance de l\u2019ann\u00e9e prochaine. \u00ab\u00a0Faire d\u00e9cliner une ville, une association ou une entreprise, c\u2019est facile. Par contre, les redresser c\u2019est beaucoup plus difficile, d\u00e9clare-t-il. Nous mesurons l\u2019ampleur de la&#8230;<\/p>\n","protected":false},"excerpt":{"rendered":"\u00ab\u00a0L\u2019urgence est de reconstruire la ville.\u00a0\u00bb Marc Petit officialise sa candidature aux \u00e9lections municipales de 2026. L\u2019actuel leader&hellip;\n","protected":false},"author":2,"featured_media":432984,"comment_status":"","ping_status":"","sticky":false,"template":"","format":"standard","meta":{"footnotes":""},"categories":[9653],"tags":[1111,11,2430,7539,4188,1777,674,10282,10283,1011,27,12,316,25,4001],"class_list":{"0":"post-432983","1":"post","2":"type-post","3":"status-publish","4":"format-standard","5":"has-post-thumbnail","7":"category-saint-etienne","8":"tag-actu","9":"tag-actualites","10":"tag-auvergne-rhone-alpes","11":"tag-edition-loire-sud","12":"tag-elections-municipales","13":"tag-eu","14":"tag-europe","15":"tag-firminy","16":"tag-firminy-ville","17":"tag-fr","18":"tag-france","19":"tag-news","20":"tag-politique","21":"tag-republique-francaise","22":"tag-saint-etienne"},"share_on_mastodon":{"url":"https:\/\/pubeurope.com\/@fr\/115303121158897738","error":""},"_links":{"self":[{"href":"https:\/\/www.europesays.com\/fr\/wp-json\/wp\/v2\/posts\/432983","targetHints":{"allow":["GET"]}}],"collection":[{"href":"https:\/\/www.europesays.com\/fr\/wp-json\/wp\/v2\/posts"}],"about":[{"href":"https:\/\/www.europesays.com\/fr\/wp-json\/wp\/v2\/types\/post"}],"author":[{"embeddable":true,"href":"https:\/\/www.europesays.com\/fr\/wp-json\/wp\/v2\/users\/2"}],"replies":[{"embeddable":true,"href":"https:\/\/www.europesays.com\/fr\/wp-json\/wp\/v2\/comments?post=432983"}],"version-history":[{"count":0,"href":"https:\/\/www.europesays.com\/fr\/wp-json\/wp\/v2\/posts\/432983\/revisions"}],"wp:featuredmedia":[{"embeddable":true,"href":"https:\/\/www.europesays.com\/fr\/wp-json\/wp\/v2\/media\/432984"}],"wp:attachment":[{"href":"https:\/\/www.europesays.com\/fr\/wp-json\/wp\/v2\/media?parent=432983"}],"wp:term":[{"taxonomy":"category","embeddable":true,"href":"https:\/\/www.europesays.com\/fr\/wp-json\/wp\/v2\/categories?post=432983"},{"taxonomy":"post_tag","embeddable":true,"href":"https:\/\/www.europesays.com\/fr\/wp-json\/wp\/v2\/tags?post=432983"}],"curies":[{"name":"wp","href":"https:\/\/api.w.org\/{rel}","templated":true}]}}