{"id":432985,"date":"2025-10-02T06:19:11","date_gmt":"2025-10-02T06:19:11","guid":{"rendered":"https:\/\/www.europesays.com\/fr\/432985\/"},"modified":"2025-10-02T06:19:11","modified_gmt":"2025-10-02T06:19:11","slug":"steel-deux-nouveaux-magasins-arrivent-dans-le-centre-commercial-a-saint-etienne","status":"publish","type":"post","link":"https:\/\/www.europesays.com\/fr\/432985\/","title":{"rendered":"Steel. Deux nouveaux magasins arrivent dans le centre commercial \u00e0 Saint-Etienne"},"content":{"rendered":"<p>            Par<br \/>\n        <strong><br \/>\n            <a href=\"https:\/\/actu.fr\/auteur\/mathias-souteyrat\" title=\"Consulter tous les articles de Mathias Souteyrat\" target=\"_blank\" rel=\"noopener\">Mathias Souteyrat<\/a><br \/>\n        <\/strong><\/p>\n<p>        Publi\u00e9 le<\/p>\n<p>            2 oct. 2025 \u00e0 7h18        <\/p>\n<p>Dans la lign\u00e9e de l\u2019ouverture de <a href=\"https:\/\/actu.fr\/auvergne-rhone-alpes\/saint-etienne_42218\/saint-etienne-rituals-ouvre-une-nouvelle-boutique-a-steel-ce-qu-il-faut-savoir_63234160.html\" target=\"_blank\" rel=\"noopener\">Rituals<\/a> dans les prochains mois, deux autres boutiques vont lui embo\u00eeter le pas. Il s\u2019agit des enseignes Adopt parfums et Histoire d\u2019Or. Ce que l\u2019on sait de ces futurs commerces dans le <a href=\"https:\/\/actu.fr\/tag\/centre-commercial-steel\" target=\"_blank\" rel=\"noopener\">centre commercial Steel<\/a> \u00e0 <a href=\"https:\/\/actu.fr\/saint-etienne\/\" target=\"_blank\" rel=\"noopener\">Saint-Etienne<\/a>.<\/p>\n<p>Adopt parfums ouvre \u00e0 la fin d\u2019ann\u00e9e 2025<\/p>\n<p class=\" wall-content\">L\u2019enseigne Adopt parfums arrive \u00e0 Steel avec son dernier concept de boutique, proposant plus de 100 r\u00e9f\u00e9rences dans ce nouvel espace d\u00e9di\u00e9 au parfum.<\/p>\n<blockquote class=\"ac-article-quote wall-content\">\n<p>Cette boutique accompagne Rituals dans le renforcement de l\u2019offre beaut\u00e9 du centre, afin de rendre toujours plus incontournable Steel sur le territoire d\u00e9partemental.<\/p>\n<p>    <strong>Josselin Durand<\/strong><br \/>\n        Directeur de Steel Saint-Etienne    <\/p><\/blockquote>\n<p class=\" wall-content\">Cette boutique arrivera pour la fin d\u2019ann\u00e9e 2025.<\/p>\n<p>Histoire d\u2019Or<\/p>\n<p class=\" wall-content\">Histoire d\u2019Or sera une nouvelle adresse de pr\u00e8s de 100 m\u00b2, \u00ab renfor\u00e7ant encore l\u2019offre joaillerie et accessoires au sein de Steel. Les travaux sont pr\u00e9vus rapidement\u2009\u00bb, nous confie le directeur de Steel, Josselin Durand.<\/p>\n<p class=\" wall-content\">Adopt et Histoire d\u2019Or prendront la place de la boutique Outsider qui est partie r\u00e9cemment.<\/p>\n<p class=\" wall-content\">Personnalisez votre actualit\u00e9 en ajoutant vos villes et m\u00e9dias en favori avec <a href=\"https:\/\/moncompte.actu.fr\" title=\"D\u00e9couvez Mon Actu\" rel=\"nofollow noopener\" data-trk=\"{&quot;cta&quot;:{&quot;action&quot;:&quot;https:\\\/\\\/moncompte.actu.fr&quot;,&quot;category&quot;:&quot;mon compte&quot;,&quot;from&quot;:&quot;article footer&quot;,&quot;name&quot;:&quot;Mon actu&quot;,&quot;type&quot;:&quot;cta&quot;}}\" target=\"_blank\">Mon Actu<\/a>.<\/p>\n","protected":false},"excerpt":{"rendered":"Par Mathias Souteyrat Publi\u00e9 le 2 oct. 2025 \u00e0 7h18 Dans la lign\u00e9e de l\u2019ouverture de Rituals dans&hellip;\n","protected":false},"author":2,"featured_media":432986,"comment_status":"","ping_status":"","sticky":false,"template":"","format":"standard","meta":{"footnotes":""},"categories":[9653],"tags":[1111,11,2430,16733,33,1777,674,1011,27,12,3147,25,4001],"class_list":{"0":"post-432985","1":"post","2":"type-post","3":"status-publish","4":"format-standard","5":"has-post-thumbnail","7":"category-saint-etienne","8":"tag-actu","9":"tag-actualites","10":"tag-auvergne-rhone-alpes","11":"tag-centre-commercial-steel","12":"tag-economie","13":"tag-eu","14":"tag-europe","15":"tag-fr","16":"tag-france","17":"tag-news","18":"tag-nouveaux-commerces","19":"tag-republique-francaise","20":"tag-saint-etienne"},"share_on_mastodon":{"url":"https:\/\/pubeurope.com\/@fr\/115303125017444199","error":""},"_links":{"self":[{"href":"https:\/\/www.europesays.com\/fr\/wp-json\/wp\/v2\/posts\/432985","targetHints":{"allow":["GET"]}}],"collection":[{"href":"https:\/\/www.europesays.com\/fr\/wp-json\/wp\/v2\/posts"}],"about":[{"href":"https:\/\/www.europesays.com\/fr\/wp-json\/wp\/v2\/types\/post"}],"author":[{"embeddable":true,"href":"https:\/\/www.europesays.com\/fr\/wp-json\/wp\/v2\/users\/2"}],"replies":[{"embeddable":true,"href":"https:\/\/www.europesays.com\/fr\/wp-json\/wp\/v2\/comments?post=432985"}],"version-history":[{"count":0,"href":"https:\/\/www.europesays.com\/fr\/wp-json\/wp\/v2\/posts\/432985\/revisions"}],"wp:featuredmedia":[{"embeddable":true,"href":"https:\/\/www.europesays.com\/fr\/wp-json\/wp\/v2\/media\/432986"}],"wp:attachment":[{"href":"https:\/\/www.europesays.com\/fr\/wp-json\/wp\/v2\/media?parent=432985"}],"wp:term":[{"taxonomy":"category","embeddable":true,"href":"https:\/\/www.europesays.com\/fr\/wp-json\/wp\/v2\/categories?post=432985"},{"taxonomy":"post_tag","embeddable":true,"href":"https:\/\/www.europesays.com\/fr\/wp-json\/wp\/v2\/tags?post=432985"}],"curies":[{"name":"wp","href":"https:\/\/api.w.org\/{rel}","templated":true}]}}