{"id":432990,"date":"2025-10-02T06:25:09","date_gmt":"2025-10-02T06:25:09","guid":{"rendered":"https:\/\/www.europesays.com\/fr\/432990\/"},"modified":"2025-10-02T06:25:09","modified_gmt":"2025-10-02T06:25:09","slug":"faute-de-tiberghien-blessure-de-drean-essai-de-penalite-laction-de-bayonne","status":"publish","type":"post","link":"https:\/\/www.europesays.com\/fr\/432990\/","title":{"rendered":"Faute de Tiberghien, blessure de Dr\u00e9an, essai de p\u00e9nalit\u00e9&#8230; L&rsquo;action de Bayonne"},"content":{"rendered":"<p>            Par<br \/>\n        <strong><br \/>\n            <a href=\"https:\/\/actu.fr\/auteur\/lucas-bertolotto\" title=\"Consulter tous les articles de Lucas Bertolotto\" target=\"_blank\" rel=\"noopener\">Lucas Bertolotto<\/a><br \/>\n        <\/strong><\/p>\n<p>        Publi\u00e9 le<\/p>\n<p>            28 sept. 2025 \u00e0 23h24        <\/p>\n<p>Cette d\u00e9cision va faire parler sur la c\u00f4te basque. Malgr\u00e9 la victoire de <strong>Bayonne<\/strong> face \u00e0 <strong>Toulon<\/strong> dimanche soir lors de la <a href=\"https:\/\/actu.fr\/sports\/rugby\/top-14\/un-changement-de-leader-l-usap-toujours-a-zero-ce-qu-il-faut-retenir-de-la-4eme-journee-de-top-14_63224492.html\" target=\"_blank\" rel=\"noopener\">quatri\u00e8me journ\u00e9e<\/a> de Top 14 (35-32), les supporters de l\u2019Aviron et les suiveurs de rugby en g\u00e9n\u00e9ral n\u2019ont pas cach\u00e9 leur incompr\u00e9hension face \u00e0 une d\u00e9cision prise par l\u2019arbitre Monsieur <strong>Kevin Bralley<\/strong>.<\/p>\n<p>Cheikh Tiberghien fautif ?<\/p>\n<p class=\" wall-content\">L\u2019histoire se termine finalement bien pour <strong>Bayonne<\/strong> mais les Basques se sont fait des frayeurs ce dimanche soir. En t\u00eate de dix points \u00e0 la pause contre <strong>Toulon<\/strong> (20-10), les partenaires de <strong>Joris Segonds<\/strong> se sont finalement <a href=\"https:\/\/actu.fr\/sports\/rugby\/top-14\/video-c-est-ribbans-en-face-le-conseil-gagnant-du-staff-sur-le-premier-essai-bayonnais_63226111.html\" target=\"_blank\" rel=\"noopener\">impos\u00e9s in-extremis<\/a> gr\u00e2ce \u00e0 un drop \u00e0 la derni\u00e8re minute du buteur maison.<\/p>\n<p class=\" wall-content\">Si les Bayonnais ont trembl\u00e9 jusqu\u2019au bout, c\u2019est notamment \u00e0 cause des rempla\u00e7ants toulonnais comme <strong>Ma\u2019a Nonu<\/strong> et <strong>Baptiste Serin<\/strong>, auteurs d\u2019un essai chacun, et d\u2019une d\u00e9cision prise par l\u2019arbitre Monsieur <strong>Kevin Bralley<\/strong> qui va faire beaucoup de bruit. Elle a notamment d\u00e9j\u00e0 fait du bruit au sein du Stade Jean Dauger malgr\u00e9 la lourde blessure de Ga\u00ebl Dr\u00e9an.\u00a0<\/p>\n<p class=\" wall-content\">\n<p class=\" wall-content\">La d\u00e9cision ? Elle est intervenue \u00e0 sept minutes de la fin de la partie apr\u00e8s un duel a\u00e9rien entre <strong>Cheikh Tiberghien<\/strong> et <strong>Ga\u00ebl Dr\u00e9an<\/strong> \u00e0 la suite d\u2019un jeu au pied de Paolo Garbisi. Si l\u2019ailier varois a \u00e9t\u00e9 le meilleur dans les airs pour devancer son homologue bayonnais, il est ensuite directement retomb\u00e9 au sol apr\u00e8s avoir \u00e9t\u00e9 percut\u00e9 par l\u2019arri\u00e8re et a encaiss\u00e9 un \u00e9norme choc.\u00a0<\/p>\n<p>Carton jaune, essai de p\u00e9nalit\u00e9<\/p>\n<p class=\" wall-content\">Pendant que l\u2019ancien joueur de Rennes \u00e9tait pris en charge par les m\u00e9decins devant l\u2019en-but de <strong>Bayonne<\/strong>, Monsieur <strong>Kevin Bralley<\/strong> a fait appel \u00e0 la vid\u00e9o pour revoir l\u2019action et une potentielle faute de l\u2019arri\u00e8re basque. L\u2019homme en noir a pris sa d\u00e9cision apr\u00e8s plusieurs minutes de r\u00e9flexion : carton jaune pour <strong>Cheikh Tiberghien<\/strong> et essai de p\u00e9nalit\u00e9 pour Toulon.<\/p>\n<p class=\" wall-content\">\n<p class=\" wall-content\">L\u2019arbitre a justifi\u00e9 son choix en expliquant aux deux capitaines que <strong>Cheikh Tiberghien<\/strong> \u00e9tait en retard dans son duel et qu\u2019il n\u2019\u00e9tait pas en mesure de r\u00e9cup\u00e9rer le ballon. M\u00eame si l\u2019ancien Clermontois \u00e9tait dos \u00e0 son adversaire, Kevin Bralley a siffl\u00e9 une faute contre lui et lui a mis un carton jaune car <strong>Ga\u00ebl Dr\u00e9an<\/strong> est retomb\u00e9 sur l\u2019\u00e9paule.\u00a0<\/p>\n<p>Votre r\u00e9gion, votre actu !<\/p>\n<p>Recevez chaque jour les infos qui comptent pour vous.<\/p>\n<p>\t<a href=\"https:\/\/actu.fr\/newsletter\" class=\"ac-btn ac-btn--corner ac-btn--medium ac-btn--blue800\" target=\"_blank\" rel=\"noopener\">S&rsquo;incrire<\/a><\/p>\n<p class=\" wall-content\">Si l\u2019essai de p\u00e9nalit\u00e9 n\u2019est pas remis en doute car <strong>Cheikh Tiberghien<\/strong> \u00e9tait bien en position de dernier d\u00e9fenseur et un essai aurait \u00e9t\u00e9 marqu\u00e9 s\u2019il n\u2019avait pas commis de faute, la d\u00e9cision de sanctionner l\u2019arri\u00e8re bayonnais a fait pol\u00e9mique au stade Jean Dauger o\u00f9 le public a copieusement siffl\u00e9. Une pol\u00e9mique poursuivie sur X par de nombreux suiveurs de rugby.\u00a0<\/p>\n<p class=\" wall-content\">\n<p class=\" wall-content\">\u00ab Je trouve \u00e7a dur. Les deux sautent en m\u00eame temps. Dr\u00e9an saute plus haut, Tiberghien ne l\u00e2che pas le ballon des yeux \u00bb s\u2019exprime un suiveur de rugby sur X. \u00ab D\u00e9cision arbitrale hallucinante. Oui c\u2019est violent, mais \u00e7a ne doit pas influer sur la d\u00e9cision arbitrale \u00bb explique un autre.\u00a0<\/p>\n<p class=\" wall-content\">\n<p class=\" wall-content\">Si les deux \u00e9quipes se sont retrouv\u00e9es \u00e0 \u00e9galit\u00e9 apr\u00e8s cette action, <strong>Bayonne<\/strong> s\u2019est finalement impos\u00e9 dans les derni\u00e8res minutes gr\u00e2ce \u00e0 un drop de <strong>Joris Segonds<\/strong>. Ga\u00ebl Dr\u00e9an, quant \u00e0 lui, a quitt\u00e9 le terrain sur une civi\u00e8re mais a lev\u00e9 le pouce pour signaler qu\u2019il allait bien.<\/p>\n<p class=\" wall-content\">Personnalisez votre actualit\u00e9 en ajoutant vos villes et m\u00e9dias en favori avec <a href=\"https:\/\/moncompte.actu.fr\" title=\"D\u00e9couvez Mon Actu\" rel=\"nofollow noopener\" data-trk=\"{&quot;cta&quot;:{&quot;action&quot;:&quot;https:\\\/\\\/moncompte.actu.fr&quot;,&quot;category&quot;:&quot;mon compte&quot;,&quot;from&quot;:&quot;article footer&quot;,&quot;name&quot;:&quot;Mon actu&quot;,&quot;type&quot;:&quot;cta&quot;}}\" target=\"_blank\">Mon Actu<\/a>.<\/p>\n","protected":false},"excerpt":{"rendered":"Par Lucas Bertolotto Publi\u00e9 le 28 sept. 2025 \u00e0 23h24 Cette d\u00e9cision va faire parler sur la c\u00f4te&hellip;\n","protected":false},"author":2,"featured_media":432991,"comment_status":"","ping_status":"","sticky":false,"template":"","format":"standard","meta":{"footnotes":""},"categories":[9619],"tags":[1111,11,4736,1777,674,1011,27,12,882,6717,25,479,60,478,2310],"class_list":{"0":"post-432990","1":"post","2":"type-post","3":"status-publish","4":"format-standard","5":"has-post-thumbnail","7":"category-toulon","8":"tag-actu","9":"tag-actualites","10":"tag-aviron-bayonnais","11":"tag-eu","12":"tag-europe","13":"tag-fr","14":"tag-france","15":"tag-news","16":"tag-provence-alpes-cote-dazur","17":"tag-rct-rugby-club-toulonnais","18":"tag-republique-francaise","19":"tag-rugby","20":"tag-sports","21":"tag-top-14","22":"tag-toulon"},"share_on_mastodon":{"url":"https:\/\/pubeurope.com\/@fr\/115303148670423042","error":""},"_links":{"self":[{"href":"https:\/\/www.europesays.com\/fr\/wp-json\/wp\/v2\/posts\/432990","targetHints":{"allow":["GET"]}}],"collection":[{"href":"https:\/\/www.europesays.com\/fr\/wp-json\/wp\/v2\/posts"}],"about":[{"href":"https:\/\/www.europesays.com\/fr\/wp-json\/wp\/v2\/types\/post"}],"author":[{"embeddable":true,"href":"https:\/\/www.europesays.com\/fr\/wp-json\/wp\/v2\/users\/2"}],"replies":[{"embeddable":true,"href":"https:\/\/www.europesays.com\/fr\/wp-json\/wp\/v2\/comments?post=432990"}],"version-history":[{"count":0,"href":"https:\/\/www.europesays.com\/fr\/wp-json\/wp\/v2\/posts\/432990\/revisions"}],"wp:featuredmedia":[{"embeddable":true,"href":"https:\/\/www.europesays.com\/fr\/wp-json\/wp\/v2\/media\/432991"}],"wp:attachment":[{"href":"https:\/\/www.europesays.com\/fr\/wp-json\/wp\/v2\/media?parent=432990"}],"wp:term":[{"taxonomy":"category","embeddable":true,"href":"https:\/\/www.europesays.com\/fr\/wp-json\/wp\/v2\/categories?post=432990"},{"taxonomy":"post_tag","embeddable":true,"href":"https:\/\/www.europesays.com\/fr\/wp-json\/wp\/v2\/tags?post=432990"}],"curies":[{"name":"wp","href":"https:\/\/api.w.org\/{rel}","templated":true}]}}