{"id":432999,"date":"2025-10-02T06:30:14","date_gmt":"2025-10-02T06:30:14","guid":{"rendered":"https:\/\/www.europesays.com\/fr\/432999\/"},"modified":"2025-10-02T06:30:14","modified_gmt":"2025-10-02T06:30:14","slug":"le-maire-et-sa-femme-agresses-par-un-jeune-et-son-chien","status":"publish","type":"post","link":"https:\/\/www.europesays.com\/fr\/432999\/","title":{"rendered":"le maire et sa femme agress\u00e9s par un jeune et son chien"},"content":{"rendered":"<p itemprop=\"description\"><strong>C&rsquo;est une nouvelle agression d&rsquo;\u00e9lu qui d\u00e9rape.<\/strong><\/p>\n<p>Ce mardi, le maire d&rsquo;Izeaux Max Barbagallo a \u00e9t\u00e9 victime d&rsquo;une agression en compagnie de sa femme. Cette derni\u00e8re r\u00e9primandait un adolescent de 17 ans qui laissait divaguer son berger belge malinois.<\/p>\n<p>Arriv\u00e9s \u00e0 la rescousse, le maire et le policier municipal de la commune is\u00e9roise ont \u00e9t\u00e9 attaqu\u00e9s par l&rsquo;individu qui a demand\u00e9 \u00e0 son chien de les attaquer. L&rsquo;animal a alors saisi le fonctionnaire au bras, avant de se d\u00e9sint\u00e9resser de la sc\u00e8ne et de s&rsquo;enfuir.<\/p>\n<p>Le maire, son \u00e9pouse et le policier ont port\u00e9 plainte contre ce jeune bien connu de la justice dans la commune, il avait d\u00e9j\u00e0 fait l&rsquo;objet d&rsquo;une plainte apr\u00e8s avoir p\u00e9n\u00e9tr\u00e9 dans un b\u00e2timent municipal.<\/p>\n","protected":false},"excerpt":{"rendered":"C&rsquo;est une nouvelle agression d&rsquo;\u00e9lu qui d\u00e9rape. Ce mardi, le maire d&rsquo;Izeaux Max Barbagallo a \u00e9t\u00e9 victime d&rsquo;une&hellip;\n","protected":false},"author":2,"featured_media":433000,"comment_status":"","ping_status":"","sticky":false,"template":"","format":"standard","meta":{"footnotes":""},"categories":[9566],"tags":[1111,11,7733,8279,2430,7736,650,7734,2889,2263,1777,674,1011,27,2731,8280,6417,1114,108,4662,12,3725,1825,25,7737],"class_list":{"0":"post-432999","1":"post","2":"type-post","3":"status-publish","4":"format-standard","5":"has-post-thumbnail","7":"category-grenoble","8":"tag-actu","9":"tag-actualites","10":"tag-alpes","11":"tag-alpes1","12":"tag-auvergne-rhone-alpes","13":"tag-cds","14":"tag-cinema","15":"tag-ecoute","16":"tag-emission","17":"tag-equipe","18":"tag-eu","19":"tag-europe","20":"tag-fr","21":"tag-france","22":"tag-grenoble","23":"tag-haute","24":"tag-information","25":"tag-infos","26":"tag-isere","27":"tag-journal","28":"tag-news","29":"tag-podcast","30":"tag-radio","31":"tag-republique-francaise","32":"tag-winamp"},"share_on_mastodon":{"url":"https:\/\/pubeurope.com\/@fr\/115303168346641258","error":""},"_links":{"self":[{"href":"https:\/\/www.europesays.com\/fr\/wp-json\/wp\/v2\/posts\/432999","targetHints":{"allow":["GET"]}}],"collection":[{"href":"https:\/\/www.europesays.com\/fr\/wp-json\/wp\/v2\/posts"}],"about":[{"href":"https:\/\/www.europesays.com\/fr\/wp-json\/wp\/v2\/types\/post"}],"author":[{"embeddable":true,"href":"https:\/\/www.europesays.com\/fr\/wp-json\/wp\/v2\/users\/2"}],"replies":[{"embeddable":true,"href":"https:\/\/www.europesays.com\/fr\/wp-json\/wp\/v2\/comments?post=432999"}],"version-history":[{"count":0,"href":"https:\/\/www.europesays.com\/fr\/wp-json\/wp\/v2\/posts\/432999\/revisions"}],"wp:featuredmedia":[{"embeddable":true,"href":"https:\/\/www.europesays.com\/fr\/wp-json\/wp\/v2\/media\/433000"}],"wp:attachment":[{"href":"https:\/\/www.europesays.com\/fr\/wp-json\/wp\/v2\/media?parent=432999"}],"wp:term":[{"taxonomy":"category","embeddable":true,"href":"https:\/\/www.europesays.com\/fr\/wp-json\/wp\/v2\/categories?post=432999"},{"taxonomy":"post_tag","embeddable":true,"href":"https:\/\/www.europesays.com\/fr\/wp-json\/wp\/v2\/tags?post=432999"}],"curies":[{"name":"wp","href":"https:\/\/api.w.org\/{rel}","templated":true}]}}