{"id":433004,"date":"2025-10-02T06:33:10","date_gmt":"2025-10-02T06:33:10","guid":{"rendered":"https:\/\/www.europesays.com\/fr\/433004\/"},"modified":"2025-10-02T06:33:10","modified_gmt":"2025-10-02T06:33:10","slug":"direct-greve-du-2-octobre-a-rennes-des-blocages-en-cours-ce-matin","status":"publish","type":"post","link":"https:\/\/www.europesays.com\/fr\/433004\/","title":{"rendered":"DIRECT &#8211; Gr\u00e8ve du 2 octobre \u00e0 Rennes : des blocages en cours ce matin"},"content":{"rendered":"<p>Une manifestation \u00e0 13h \u00e0 Rennes<\/p>\n<p>En amont de la manifestation pr\u00e9vue \u00e0 13h au d\u00e9part de l&rsquo;esplanade Charles-de-Gaulle, les syndicats d&rsquo;Ille-et-Vilaine appellent \u00e0 se rassembler dans trois lieux diff\u00e9rents de la capitale bretonne : \u00e0 la gare (pour les cheminots, le secteur du transport et de l\u2019\u00e9nergie), \u00e0 l\u2019universit\u00e9 Rennes 2 (pour les services publics, l\u2019enseignement, la sant\u00e9, l\u2019action sociale et les organismes sociaux, les \u00e9tudiants et les paysans) et \u00e0 R\u00e9publique (La Poste, les t\u00e9l\u00e9communications, le commerce, le spectacle, la culture et l\u2019industrie).<\/p>\n","protected":false},"excerpt":{"rendered":"Une manifestation \u00e0 13h \u00e0 Rennes En amont de la manifestation pr\u00e9vue \u00e0 13h au d\u00e9part de l&rsquo;esplanade&hellip;\n","protected":false},"author":2,"featured_media":433005,"comment_status":"","ping_status":"","sticky":false,"template":"","format":"standard","meta":{"footnotes":""},"categories":[2821],"tags":[1111,11,829,765,1777,674,1011,27,848,12,584,25],"class_list":{"0":"post-433004","1":"post","2":"type-post","3":"status-publish","4":"format-standard","5":"has-post-thumbnail","7":"category-rennes","8":"tag-actu","9":"tag-actualites","10":"tag-bretagne","11":"tag-en-continu","12":"tag-eu","13":"tag-europe","14":"tag-fr","15":"tag-france","16":"tag-ille-et-vilaine","17":"tag-news","18":"tag-rennes","19":"tag-republique-francaise"},"share_on_mastodon":{"url":"https:\/\/pubeurope.com\/@fr\/115303180111746382","error":""},"_links":{"self":[{"href":"https:\/\/www.europesays.com\/fr\/wp-json\/wp\/v2\/posts\/433004","targetHints":{"allow":["GET"]}}],"collection":[{"href":"https:\/\/www.europesays.com\/fr\/wp-json\/wp\/v2\/posts"}],"about":[{"href":"https:\/\/www.europesays.com\/fr\/wp-json\/wp\/v2\/types\/post"}],"author":[{"embeddable":true,"href":"https:\/\/www.europesays.com\/fr\/wp-json\/wp\/v2\/users\/2"}],"replies":[{"embeddable":true,"href":"https:\/\/www.europesays.com\/fr\/wp-json\/wp\/v2\/comments?post=433004"}],"version-history":[{"count":0,"href":"https:\/\/www.europesays.com\/fr\/wp-json\/wp\/v2\/posts\/433004\/revisions"}],"wp:featuredmedia":[{"embeddable":true,"href":"https:\/\/www.europesays.com\/fr\/wp-json\/wp\/v2\/media\/433005"}],"wp:attachment":[{"href":"https:\/\/www.europesays.com\/fr\/wp-json\/wp\/v2\/media?parent=433004"}],"wp:term":[{"taxonomy":"category","embeddable":true,"href":"https:\/\/www.europesays.com\/fr\/wp-json\/wp\/v2\/categories?post=433004"},{"taxonomy":"post_tag","embeddable":true,"href":"https:\/\/www.europesays.com\/fr\/wp-json\/wp\/v2\/tags?post=433004"}],"curies":[{"name":"wp","href":"https:\/\/api.w.org\/{rel}","templated":true}]}}