{"id":433018,"date":"2025-10-02T06:40:10","date_gmt":"2025-10-02T06:40:10","guid":{"rendered":"https:\/\/www.europesays.com\/fr\/433018\/"},"modified":"2025-10-02T06:40:10","modified_gmt":"2025-10-02T06:40:10","slug":"cinopsys-explore-la-transgression-au-coeur-du-cinema-et-de-la-psychotherapie","status":"publish","type":"post","link":"https:\/\/www.europesays.com\/fr\/433018\/","title":{"rendered":"Cinopsy\u2019s explore la transgression au c\u0153ur du cin\u00e9ma et de la psychoth\u00e9rapie"},"content":{"rendered":"<p>Cette ann\u00e9e \u00e0 Bordeaux, autour de l\u2019UGC Cin\u00e9 Cit\u00e9s, en centre-ville, Jean-Luc Colia et la F\u00e9d\u00e9ration fran\u00e7aise de psychoth\u00e9rapie et de psychanalyse ont imagin\u00e9 Cinopsy\u2019s centr\u00e9 autour de la question de la transgression\u00a0: \u00ab\u00a0Elle est quand m\u00eame au c\u0153ur m\u00eame des approches th\u00e9rapeutiques et puis de tout \u00eatre humain. Est-ce qu\u2019il n\u2019est pas n\u00e9cessaire parfois de transgresser certaines lois pour faire avancer la soci\u00e9t\u00e9\u00a0? Car plus il y a de normes, plus il y a de frustration, plus il y a des transgressions violentes\u00a0\u00bb, r\u00e9sume Jean-Luc Colia, pr\u00e9sident de la F\u00e9d\u00e9ration. Catherine Marchal, com\u00e9dienne et metteuse en sc\u00e8ne, sera la marraine de cette \u00e9dition et pr\u00e9sente, en fil rouge sur toutes les rencontres qu\u2019elle co-animera. On y retrouvera \u00e9galement en invit\u00e9e d\u2019honneur, Laurence Vanin, philosophe et essayiste, et la journaliste Sylvie Hazebroucq.<\/p>\n<p>Vendredi 3\u00a0octobre \u00e0 17\u00a0h\u00a030 heures, la journ\u00e9e d\u00e9bute par le film \u00ab\u00a0Mikado\u00a0\u00bb de Baya Kasmi. Samedi, la matin\u00e9e sera consacr\u00e9e aux fameux \u00ab\u00a0P\u2019tits dej avec mon psy\u00a0\u00bb quand les psychopraticiens rencontrent les Bordelais dans les caf\u00e9s. Au bistrot de l\u2019h\u00f4tel de ville avec Val\u00e9rie Adrian, p\u00e9dopsychiatre \u00e0 propos de la transidentit\u00e9, ou au Caf\u00e9 fran\u00e7ais pour \u00e9voquer le choix de la fin de vie. Puis place aux d\u00e9bats sur le choix de la fin de vie, suite au film \u00ab\u00a0On ira\u00a0\u00bb de Enya Baroux, suivie d\u2019une s\u00e9ance concernant les adolescents et la transgression avec \u00ab\u00a0Lady Bird\u00a0\u00bb de Greta Gerwing.<\/p>\n<p>Dimanche, les matinaux pourront encore profiter des P\u2019tits dej, dans les m\u00eames caf\u00e9s. De 8\u00a0h\u00a030 \u00e0 10\u00a0heures en acc\u00e8s libre. Deux films illustreront la transgression\u00a0: \u00ab\u00a0Mes rendez-vous avec L\u00e9o\u00a0\u00bb de Sophie Hyde et \u00ab\u00a0L\u2019\u00c9v\u00e9nement\u00a0\u00bb d\u2019Audrey Diwan.<\/p>\n<p>Par ailleurs, les films projet\u00e9s sont suivis de d\u00e9bats.<\/p>\n","protected":false},"excerpt":{"rendered":"Cette ann\u00e9e \u00e0 Bordeaux, autour de l\u2019UGC Cin\u00e9 Cit\u00e9s, en centre-ville, Jean-Luc Colia et la F\u00e9d\u00e9ration fran\u00e7aise de&hellip;\n","protected":false},"author":2,"featured_media":433019,"comment_status":"","ping_status":"","sticky":false,"template":"","format":"standard","meta":{"footnotes":""},"categories":[2817],"tags":[1111,11,1997,1777,674,1011,27,12,2219,25],"class_list":{"0":"post-433018","1":"post","2":"type-post","3":"status-publish","4":"format-standard","5":"has-post-thumbnail","7":"category-bordeaux","8":"tag-actu","9":"tag-actualites","10":"tag-bordeaux","11":"tag-eu","12":"tag-europe","13":"tag-fr","14":"tag-france","15":"tag-news","16":"tag-nouvelle-aquitaine","17":"tag-republique-francaise"},"share_on_mastodon":{"url":"https:\/\/pubeurope.com\/@fr\/115303207699224331","error":""},"_links":{"self":[{"href":"https:\/\/www.europesays.com\/fr\/wp-json\/wp\/v2\/posts\/433018","targetHints":{"allow":["GET"]}}],"collection":[{"href":"https:\/\/www.europesays.com\/fr\/wp-json\/wp\/v2\/posts"}],"about":[{"href":"https:\/\/www.europesays.com\/fr\/wp-json\/wp\/v2\/types\/post"}],"author":[{"embeddable":true,"href":"https:\/\/www.europesays.com\/fr\/wp-json\/wp\/v2\/users\/2"}],"replies":[{"embeddable":true,"href":"https:\/\/www.europesays.com\/fr\/wp-json\/wp\/v2\/comments?post=433018"}],"version-history":[{"count":0,"href":"https:\/\/www.europesays.com\/fr\/wp-json\/wp\/v2\/posts\/433018\/revisions"}],"wp:featuredmedia":[{"embeddable":true,"href":"https:\/\/www.europesays.com\/fr\/wp-json\/wp\/v2\/media\/433019"}],"wp:attachment":[{"href":"https:\/\/www.europesays.com\/fr\/wp-json\/wp\/v2\/media?parent=433018"}],"wp:term":[{"taxonomy":"category","embeddable":true,"href":"https:\/\/www.europesays.com\/fr\/wp-json\/wp\/v2\/categories?post=433018"},{"taxonomy":"post_tag","embeddable":true,"href":"https:\/\/www.europesays.com\/fr\/wp-json\/wp\/v2\/tags?post=433018"}],"curies":[{"name":"wp","href":"https:\/\/api.w.org\/{rel}","templated":true}]}}