{"id":433022,"date":"2025-10-02T06:42:10","date_gmt":"2025-10-02T06:42:10","guid":{"rendered":"https:\/\/www.europesays.com\/fr\/433022\/"},"modified":"2025-10-02T06:42:10","modified_gmt":"2025-10-02T06:42:10","slug":"toulouse-la-ligne-a-du-metro-est-a-larret-sur-quatre-stations-tres-frequentees-en-pleine-heure-de-pointe","status":"publish","type":"post","link":"https:\/\/www.europesays.com\/fr\/433022\/","title":{"rendered":"Toulouse. La ligne A du m\u00e9tro est \u00e0 l&rsquo;arr\u00eat sur quatre stations tr\u00e8s fr\u00e9quent\u00e9es, en pleine heure de pointe"},"content":{"rendered":"<p>            Par<br \/>\n        <strong><br \/>\n            <a href=\"https:\/\/actu.fr\/auteur\/anaelle-montagne\" title=\"Consulter tous les articles de Anaelle Montagne\" rel=\"nofollow noopener\" target=\"_blank\">Anaelle Montagne<\/a><br \/>\n        <\/strong><\/p>\n<p>        Publi\u00e9 le<\/p>\n<p>            2 oct. 2025 \u00e0 8h34        <\/p>\n<p>Ce d\u00e9but de journ\u00e9e s\u2019annonce compliqu\u00e9 pour les Toulousains qui empruntent la ligne A pour se rendre au travail. <strong>Entre les stations Balma-Gramont et Jolimont<\/strong>, la <a href=\"https:\/\/actu.fr\/tag\/metro-de-toulouse\" rel=\"nofollow noopener\" target=\"_blank\">ligne de m\u00e9tro<\/a> est totalement (et temporairement) interrompue ce jeudi 2 octobre 2025, depuis environ 8h15 du matin.<\/p>\n<p class=\" wall-content\">Cela signifie que les stations de la <a href=\"https:\/\/actu.fr\/occitanie\/toulouse_31555\/toulouse-cet-axe-routier-strategique-de-la-ville-se-transforme-voici-ce-qui-se-trame_62895523.html\" rel=\"nofollow noopener\" target=\"_blank\">Roseraie<\/a> et des Argoulets ne sont pas non plus desservies.\u00a0La raison ? Un objet a \u00e9t\u00e9 abandonn\u00e9 \u00e0 la station de Balma-Gramont.\u00a0<\/p>\n<p>Quels moyens de substitution ?<\/p>\n<p class=\" wall-content\">\u00ab\u00a0Pour poursuivre votre d\u00e9placement, rendez-vous \u00e0 l\u2019arr\u00eat R\u00e9seau Relais ligne A le plus proche\u00a0\u00bb, indique Tiss\u00e9o.<\/p>\n<p class=\" wall-content\">Le r\u00e9seau pr\u00e9cise que la ligne de bus L14 dessert les stations reliant Basso Cambo \u00e0 Marengo SNCF. Elle est prolong\u00e9e en ligne A\u2019 entre Marengo et Balma-Gramont.<\/p>\n<p class=\" wall-content\">Par ailleurs,<strong> la circulation fonctionne normalement<\/strong> sur le reste de la ligne de m\u00e9tro A, entre Jolimont et Basso Cambo.\u00a0<\/p>\n<p class=\" wall-content\">Personnalisez votre actualit\u00e9 en ajoutant vos villes et m\u00e9dias en favori avec <a href=\"https:\/\/moncompte.actu.fr\" title=\"D\u00e9couvez Mon Actu\" rel=\"nofollow noopener\" data-trk=\"{&quot;cta&quot;:{&quot;action&quot;:&quot;https:\\\/\\\/moncompte.actu.fr&quot;,&quot;category&quot;:&quot;mon compte&quot;,&quot;from&quot;:&quot;article footer&quot;,&quot;name&quot;:&quot;Mon actu&quot;,&quot;type&quot;:&quot;cta&quot;}}\" target=\"_blank\">Mon Actu<\/a>.<\/p>\n","protected":false},"excerpt":{"rendered":"Par Anaelle Montagne Publi\u00e9 le 2 oct. 2025 \u00e0 8h34 Ce d\u00e9but de journ\u00e9e s\u2019annonce compliqu\u00e9 pour les&hellip;\n","protected":false},"author":2,"featured_media":433023,"comment_status":"","ping_status":"","sticky":false,"template":"","format":"standard","meta":{"footnotes":""},"categories":[2816],"tags":[1111,11,1777,674,1011,27,12,2680,25,104,5400,2312],"class_list":{"0":"post-433022","1":"post","2":"type-post","3":"status-publish","4":"format-standard","5":"has-post-thumbnail","7":"category-toulouse","8":"tag-actu","9":"tag-actualites","10":"tag-eu","11":"tag-europe","12":"tag-fr","13":"tag-france","14":"tag-news","15":"tag-occitanie","16":"tag-republique-francaise","17":"tag-societe","18":"tag-tisseo","19":"tag-toulouse"},"share_on_mastodon":{"url":"https:\/\/pubeurope.com\/@fr\/115303215570742502","error":""},"_links":{"self":[{"href":"https:\/\/www.europesays.com\/fr\/wp-json\/wp\/v2\/posts\/433022","targetHints":{"allow":["GET"]}}],"collection":[{"href":"https:\/\/www.europesays.com\/fr\/wp-json\/wp\/v2\/posts"}],"about":[{"href":"https:\/\/www.europesays.com\/fr\/wp-json\/wp\/v2\/types\/post"}],"author":[{"embeddable":true,"href":"https:\/\/www.europesays.com\/fr\/wp-json\/wp\/v2\/users\/2"}],"replies":[{"embeddable":true,"href":"https:\/\/www.europesays.com\/fr\/wp-json\/wp\/v2\/comments?post=433022"}],"version-history":[{"count":0,"href":"https:\/\/www.europesays.com\/fr\/wp-json\/wp\/v2\/posts\/433022\/revisions"}],"wp:featuredmedia":[{"embeddable":true,"href":"https:\/\/www.europesays.com\/fr\/wp-json\/wp\/v2\/media\/433023"}],"wp:attachment":[{"href":"https:\/\/www.europesays.com\/fr\/wp-json\/wp\/v2\/media?parent=433022"}],"wp:term":[{"taxonomy":"category","embeddable":true,"href":"https:\/\/www.europesays.com\/fr\/wp-json\/wp\/v2\/categories?post=433022"},{"taxonomy":"post_tag","embeddable":true,"href":"https:\/\/www.europesays.com\/fr\/wp-json\/wp\/v2\/tags?post=433022"}],"curies":[{"name":"wp","href":"https:\/\/api.w.org\/{rel}","templated":true}]}}