{"id":433030,"date":"2025-10-02T06:47:10","date_gmt":"2025-10-02T06:47:10","guid":{"rendered":"https:\/\/www.europesays.com\/fr\/433030\/"},"modified":"2025-10-02T06:47:10","modified_gmt":"2025-10-02T06:47:10","slug":"marseille-lance-un-dispositif-en-faveur-de-linclusion-par-le-sport","status":"publish","type":"post","link":"https:\/\/www.europesays.com\/fr\/433030\/","title":{"rendered":"Marseille lance un dispositif en faveur de l\u2019inclusion par le sport"},"content":{"rendered":"\n<p>L\u2019entr\u00e9e dans le mois d\u2019octobre correspond au d\u00e9but du Mois de l\u2019inclusion par le sport. Ce dispositif est lanc\u00e9 pour la premi\u00e8re fois \u00e0 Marseille et il est unique en France. Dans la continuit\u00e9 des Jeux Olympiques et Paralympiques 2024, la Ville met en avant toutes les cat\u00e9gories de l\u2019inclusion (handicap, jeunesse, citoyennet\u00e9, sant\u00e9, \u00e9galit\u00e9 hommes-femmes etc.) avec le sport comme levier d\u2019unit\u00e9.<\/p>\n<p>Les 31 jours de l\u2019\u00e9v\u00e9nement sont port\u00e9s par les associations Courir pour la m\u00e9moire et Marseille en rose, ainsi que les clubs Algernon et le SCO Sainte-Marguerite. Ces quatre structures ont re\u00e7u l\u2019aide de la Direction r\u00e9gionale des finances publiques pour organiser ce mois de partage. Quatre temps forts viendront rythmer octobre, dirig\u00e9s par les quatre encadrants cit\u00e9s.<\/p>\n<p>Une r\u00e9union sur la sant\u00e9 et la lutte contre le cancer du sein (4 et 5\u00a0octobre), des tables rondes et des courses r\u00e9alis\u00e9es par Algernon et Courir pour la M\u00e9moire, les 11, 12 et 17\u00a0octobre et 23\u00a0novembre. Le dimanche 26\u00a0octobre, des jeunes de quartiers prioritaires pourront courir l\u2019embl\u00e9matique semi-marathon Marseille &#8211; Cassis, gr\u00e2ce \u00e0 des dossards donn\u00e9s dans le cadre du Mois de l\u2019inclusion par le sport. Pour lancer les hostilit\u00e9s, ce jeudi entre 10h et midi, un Forum de l\u2019inclusion par le sport se d\u00e9roulera au si\u00e8ge de La Provence, partenaire du dispositif.<\/p>\n","protected":false},"excerpt":{"rendered":"L\u2019entr\u00e9e dans le mois d\u2019octobre correspond au d\u00e9but du Mois de l\u2019inclusion par le sport. Ce dispositif est&hellip;\n","protected":false},"author":2,"featured_media":433031,"comment_status":"","ping_status":"","sticky":false,"template":"","format":"standard","meta":{"footnotes":""},"categories":[2814],"tags":[1111,11,1777,674,1011,27,884,12,45406,882,25],"class_list":{"0":"post-433030","1":"post","2":"type-post","3":"status-publish","4":"format-standard","5":"has-post-thumbnail","7":"category-marseille","8":"tag-actu","9":"tag-actualites","10":"tag-eu","11":"tag-europe","12":"tag-fr","13":"tag-france","14":"tag-marseille","15":"tag-news","16":"tag-pierre-gorce","17":"tag-provence-alpes-cote-dazur","18":"tag-republique-francaise"},"share_on_mastodon":{"url":"https:\/\/pubeurope.com\/@fr\/115303235155694947","error":""},"_links":{"self":[{"href":"https:\/\/www.europesays.com\/fr\/wp-json\/wp\/v2\/posts\/433030","targetHints":{"allow":["GET"]}}],"collection":[{"href":"https:\/\/www.europesays.com\/fr\/wp-json\/wp\/v2\/posts"}],"about":[{"href":"https:\/\/www.europesays.com\/fr\/wp-json\/wp\/v2\/types\/post"}],"author":[{"embeddable":true,"href":"https:\/\/www.europesays.com\/fr\/wp-json\/wp\/v2\/users\/2"}],"replies":[{"embeddable":true,"href":"https:\/\/www.europesays.com\/fr\/wp-json\/wp\/v2\/comments?post=433030"}],"version-history":[{"count":0,"href":"https:\/\/www.europesays.com\/fr\/wp-json\/wp\/v2\/posts\/433030\/revisions"}],"wp:featuredmedia":[{"embeddable":true,"href":"https:\/\/www.europesays.com\/fr\/wp-json\/wp\/v2\/media\/433031"}],"wp:attachment":[{"href":"https:\/\/www.europesays.com\/fr\/wp-json\/wp\/v2\/media?parent=433030"}],"wp:term":[{"taxonomy":"category","embeddable":true,"href":"https:\/\/www.europesays.com\/fr\/wp-json\/wp\/v2\/categories?post=433030"},{"taxonomy":"post_tag","embeddable":true,"href":"https:\/\/www.europesays.com\/fr\/wp-json\/wp\/v2\/tags?post=433030"}],"curies":[{"name":"wp","href":"https:\/\/api.w.org\/{rel}","templated":true}]}}