{"id":433034,"date":"2025-10-02T06:49:14","date_gmt":"2025-10-02T06:49:14","guid":{"rendered":"https:\/\/www.europesays.com\/fr\/433034\/"},"modified":"2025-10-02T06:49:14","modified_gmt":"2025-10-02T06:49:14","slug":"peripherique-bloque-circulation-chargee-la-greve-a-t-elle-un-impact-sur-les-transports","status":"publish","type":"post","link":"https:\/\/www.europesays.com\/fr\/433034\/","title":{"rendered":"p\u00e9riph\u00e9rique bloqu\u00e9, circulation charg\u00e9e, la gr\u00e8ve a-t-elle un impact sur les transports\u00a0?"},"content":{"rendered":"<p>Le 18 septembre, la circulation des TCL avait \u00e9t\u00e9 impact\u00e9e par la gr\u00e8ve nationale, \u00e0 l&rsquo;appel des syndicats.<\/p>\n<p>Ce jeudi,<strong> les TCL indiquent ne pas participer au mouvement<\/strong> mais pr\u00e9cisent que des perturbations pourraient survenir en raison des diff\u00e9rentes actions, dont la manifestation qui d\u00e9marre \u00e0 13 h, place Jean-Mac\u00e9.<\/p>\n<p><strong>Gr\u00e8ve du 2 octobre : \u00e0 quoi s&rsquo;attendre ce jeudi \u27a1\ufe0f <a href=\"https:\/\/www.leprogres.fr\/social\/2025\/10\/01\/greve-manifestation-bloquons-tout-ter-ecoles-a-quoi-s-attendre-ce-jeudi-a-lyon\" target=\"_blank\" rel=\"noopener\">Notre article ici.<\/a><\/strong><\/p>\n","protected":false},"excerpt":{"rendered":"Le 18 septembre, la circulation des TCL avait \u00e9t\u00e9 impact\u00e9e par la gr\u00e8ve nationale, \u00e0 l&rsquo;appel des syndicats.&hellip;\n","protected":false},"author":2,"featured_media":433035,"comment_status":"","ping_status":"","sticky":false,"template":"","format":"standard","meta":{"footnotes":""},"categories":[1889],"tags":[119,1111,11,2430,3542,3152,2757,3153,3154,3155,3156,1777,674,107,1011,27,2428,12,25,2429,1097],"class_list":{"0":"post-433034","1":"post","2":"type-post","3":"status-publish","4":"format-standard","5":"has-post-thumbnail","7":"category-lyon","8":"tag-accident","9":"tag-actu","10":"tag-actualites","11":"tag-auvergne-rhone-alpes","12":"tag-circulation","13":"tag-edition-est-lyonnais","14":"tag-edition-lyon-villeurbanne","15":"tag-edition-ouest-lyonnais","16":"tag-edition-sud-lyonnais","17":"tag-edition-tarare","18":"tag-edition-villefranche","19":"tag-eu","20":"tag-europe","21":"tag-fil-info","22":"tag-fr","23":"tag-france","24":"tag-lyon","25":"tag-news","26":"tag-republique-francaise","27":"tag-rhone","28":"tag-trafic"},"share_on_mastodon":{"url":"https:\/\/pubeurope.com\/@fr\/115303242937731650","error":""},"_links":{"self":[{"href":"https:\/\/www.europesays.com\/fr\/wp-json\/wp\/v2\/posts\/433034","targetHints":{"allow":["GET"]}}],"collection":[{"href":"https:\/\/www.europesays.com\/fr\/wp-json\/wp\/v2\/posts"}],"about":[{"href":"https:\/\/www.europesays.com\/fr\/wp-json\/wp\/v2\/types\/post"}],"author":[{"embeddable":true,"href":"https:\/\/www.europesays.com\/fr\/wp-json\/wp\/v2\/users\/2"}],"replies":[{"embeddable":true,"href":"https:\/\/www.europesays.com\/fr\/wp-json\/wp\/v2\/comments?post=433034"}],"version-history":[{"count":0,"href":"https:\/\/www.europesays.com\/fr\/wp-json\/wp\/v2\/posts\/433034\/revisions"}],"wp:featuredmedia":[{"embeddable":true,"href":"https:\/\/www.europesays.com\/fr\/wp-json\/wp\/v2\/media\/433035"}],"wp:attachment":[{"href":"https:\/\/www.europesays.com\/fr\/wp-json\/wp\/v2\/media?parent=433034"}],"wp:term":[{"taxonomy":"category","embeddable":true,"href":"https:\/\/www.europesays.com\/fr\/wp-json\/wp\/v2\/categories?post=433034"},{"taxonomy":"post_tag","embeddable":true,"href":"https:\/\/www.europesays.com\/fr\/wp-json\/wp\/v2\/tags?post=433034"}],"curies":[{"name":"wp","href":"https:\/\/api.w.org\/{rel}","templated":true}]}}