{"id":433040,"date":"2025-10-02T06:53:25","date_gmt":"2025-10-02T06:53:25","guid":{"rendered":"https:\/\/www.europesays.com\/fr\/433040\/"},"modified":"2025-10-02T06:53:25","modified_gmt":"2025-10-02T06:53:25","slug":"une-boutique-chanel-victime-dun-vol-par-effraction-a-la-voiture-belier-en-pleine-nuit-a-paris","status":"publish","type":"post","link":"https:\/\/www.europesays.com\/fr\/433040\/","title":{"rendered":"Une boutique Chanel victime d\u2019un vol par effraction \u00e0 la voiture b\u00e9lier en pleine nuit \u00e0 Paris"},"content":{"rendered":"<p class=\"mb-4 text-lg md:leading-8 break-words\">Un cambriolage en pleine nuit et en pleine semaine de la mode. La boutique <a data-i13n=\"cpos:1;pos:1\" href=\"https:\/\/www.parismatch.com\/vivre\/mode\/chanel-la-quete-du-tresor-secret-237189\" rel=\"nofollow noopener\" target=\"_blank\" data-ylk=\"slk:Chanel;cpos:1;pos:1;elm:context_link;itc:0;sec:content-canvas\" class=\"link \">Chanel<\/a> situ\u00e9e au 25 rue royale, dans le 8e arrondissement de Paris a \u00e9t\u00e9 le th\u00e9\u00e2tre d\u2019un vol par effraction \u00e0 la voiture b\u00e9lier. Les faits se sont d\u00e9roul\u00e9s dans la nuit de mercredi \u00e0 jeudi, a appris Paris Match.<\/p>\n<p class=\"mb-4 text-lg md:leading-8 break-words\">Les cambrioleurs ont utilis\u00e9 une berline rouge en marche arri\u00e8re pour forcer la devanture du commerce de luxe. Au moins 3 voleurs ont fait main basse sur des sacs griff\u00e9s Chanel. D\u2019apr\u00e8s nos informations, la voiture utilis\u00e9e pour commettre le larcin a \u00e9t\u00e9 retrouv\u00e9e dans un parking souterrain seulement quelques minutes apr\u00e8s les faits. La Brigade de r\u00e9pression du banditisme a \u00e9t\u00e9 saisie.<\/p>\n<p>Des faits similaires en 2024<\/p>\n<p class=\"mb-4 text-lg md:leading-8 break-words\">Ce n\u2019est pas la premi\u00e8re fois qu\u2019une boutique de la Maison de luxe est victime d\u2019un impressionnant vol. En f\u00e9vrier dernier, quatre hommes avaient \u00e9t\u00e9 mis en examen des chefs de \u00ab vol en bande organis\u00e9e \u00bb, \u00ab destruction en bande organis\u00e9e \u00bb et \u00ab association de malfaiteurs \u00bb, <a data-i13n=\"cpos:2;pos:1\" href=\"https:\/\/www.parismatch.com\/actu\/faits-divers\/info-match-paris-les-quatre-cambrioleurs-presumes-de-chanel-avaient-derobe-pour-1meu-de-sacs-de-luxe-247420\" rel=\"nofollow noopener\" target=\"_blank\" data-ylk=\"slk:soup\u00e7onn\u00e9s d\u2019avoir particip\u00e9 \u00e0 un spectaculaire cambriolage dans une boutique de l\u2019enseigne;cpos:2;pos:1;elm:context_link;itc:0;sec:content-canvas\" class=\"link \">soup\u00e7onn\u00e9s d\u2019avoir particip\u00e9 \u00e0 un spectaculaire cambriolage dans une boutique de l\u2019enseigne<\/a>.<\/p>\n<p class=\"mb-4 text-lg md:leading-8 break-words\">Le 10 juin 2024, vers 5 h 20, les riverains de l\u2019avenue Montaigne dans le 8e arrondissement de Paris avaient \u00e9t\u00e9 sortis de leur sommeil par un fracas de toile froiss\u00e9e et de verre bris\u00e9. Au num\u00e9ro 42 de cette art\u00e8re, parmi les plus hupp\u00e9es de la capitale, situ\u00e9e \u00e0 deux pas des Champs-\u00c9lys\u00e9es, les grilles de protection de la boutique Chanel avaient \u00e9t\u00e9 enfonc\u00e9es \u00e0 l\u2019aide d\u2019une voiture-b\u00e9lier. En trois minutes, montre&#8230;<\/p>\n<p class=\"mb-4 text-lg md:leading-8 break-words\"><a data-i13n=\"cpos:3;pos:1\" href=\"https:\/\/www.parismatch.com\/actu\/faits-divers\/une-boutique-chanel-victime-dun-vol-par-effraction-a-la-voiture-belier-en-pleine-nuit-a-paris-257945?at_medium=affiliate&amp;at_campaign=Yahoo\" rel=\"nofollow noopener\" target=\"_blank\" data-ylk=\"slk:Lire la suite sur ParisMatch;cpos:3;pos:1;elm:context_link;itc:0;sec:content-canvas\" class=\"link \">Lire la suite sur ParisMatch<\/a><\/p>\n","protected":false},"excerpt":{"rendered":"Un cambriolage en pleine nuit et en pleine semaine de la mode. La boutique Chanel situ\u00e9e au 25&hellip;\n","protected":false},"author":2,"featured_media":433041,"comment_status":"","ping_status":"","sticky":false,"template":"","format":"standard","meta":{"footnotes":""},"categories":[1888],"tags":[20606,1111,1928,11,1927,5815,15668,1890,1777,674,1011,27,56109,12,1926,626,1925,25],"class_list":{"0":"post-433040","1":"post","2":"type-post","3":"status-publish","4":"format-standard","5":"has-post-thumbnail","7":"category-paris","8":"tag-8e-arrondissement-de-paris","9":"tag-actu","10":"tag-actu-paris","11":"tag-actualites","12":"tag-actualites-paris","13":"tag-association-de-malfaiteurs","14":"tag-brigade-de-repression","15":"tag-chanel","16":"tag-eu","17":"tag-europe","18":"tag-fr","19":"tag-france","20":"tag-la-boutique","21":"tag-news","22":"tag-news-paris","23":"tag-paris","24":"tag-paris-news","25":"tag-republique-francaise"},"share_on_mastodon":{"url":"https:\/\/pubeurope.com\/@fr\/115303258814174296","error":""},"_links":{"self":[{"href":"https:\/\/www.europesays.com\/fr\/wp-json\/wp\/v2\/posts\/433040","targetHints":{"allow":["GET"]}}],"collection":[{"href":"https:\/\/www.europesays.com\/fr\/wp-json\/wp\/v2\/posts"}],"about":[{"href":"https:\/\/www.europesays.com\/fr\/wp-json\/wp\/v2\/types\/post"}],"author":[{"embeddable":true,"href":"https:\/\/www.europesays.com\/fr\/wp-json\/wp\/v2\/users\/2"}],"replies":[{"embeddable":true,"href":"https:\/\/www.europesays.com\/fr\/wp-json\/wp\/v2\/comments?post=433040"}],"version-history":[{"count":0,"href":"https:\/\/www.europesays.com\/fr\/wp-json\/wp\/v2\/posts\/433040\/revisions"}],"wp:featuredmedia":[{"embeddable":true,"href":"https:\/\/www.europesays.com\/fr\/wp-json\/wp\/v2\/media\/433041"}],"wp:attachment":[{"href":"https:\/\/www.europesays.com\/fr\/wp-json\/wp\/v2\/media?parent=433040"}],"wp:term":[{"taxonomy":"category","embeddable":true,"href":"https:\/\/www.europesays.com\/fr\/wp-json\/wp\/v2\/categories?post=433040"},{"taxonomy":"post_tag","embeddable":true,"href":"https:\/\/www.europesays.com\/fr\/wp-json\/wp\/v2\/tags?post=433040"}],"curies":[{"name":"wp","href":"https:\/\/api.w.org\/{rel}","templated":true}]}}