{"id":433051,"date":"2025-10-02T06:59:16","date_gmt":"2025-10-02T06:59:16","guid":{"rendered":"https:\/\/www.europesays.com\/fr\/433051\/"},"modified":"2025-10-02T06:59:16","modified_gmt":"2025-10-02T06:59:16","slug":"princesse-anne-cette-visite-a-haut-risque-demandee-par-le-gouvernement-britannique-placee-sous-le-sceau-du-secret","status":"publish","type":"post","link":"https:\/\/www.europesays.com\/fr\/433051\/","title":{"rendered":"Princesse Anne : cette visite \u00e0 haut risque demand\u00e9e par le gouvernement britannique plac\u00e9e sous le sceau du secret"},"content":{"rendered":"<p>C\u2019est en toute discr\u00e9tion que la princesse Anne s\u2019est rendue en<br \/>\nUkraine, ce mardi 30 septembre 2025. Selon le Daily Mail,<br \/>\ncette visite rest\u00e9e secr\u00e8te jusqu\u2019au jour J a \u00e9t\u00e9 effectu\u00e9e \u00e0 la<br \/>\ndemande du gouvernement britannique.<\/p>\n<p>La s\u0153ur cadette de Charles III a rencontr\u00e9 le pr\u00e9sident<br \/>\nukrainien et son \u00e9pouse, avant de se rendre au m\u00e9morial d\u00e9di\u00e9 aux<br \/>\nenfants morts pendant la guerre.<\/p>\n<p>La princesse Anne en visite secr\u00e8te en Ukraine<\/p>\n<p>Ce mardi 30 septembre 2025, la <a href=\"https:\/\/www.closermag.fr\/royautes\/princesse-anne-a-75-ans-a-quoi-ressemble-son-premier-mari-mark-phillips-3571391\" target=\"_blank\" rel=\"noopener\"><br \/>\nprincesse Anne<\/a> s\u2019est rendue en <strong>Ukraine<\/strong> lors<br \/>\nd\u2019une visite non annonc\u00e9e par la famille royale. La s\u0153ur de<br \/>\n<a href=\"https:\/\/www.closermag.fr\/royautes\/une-epreuve-terrifiante-charles-iii-se-confie-sur-le-cancer-alors-que-william-sapprete-a-prendre-les-renes-de-la-monarchie-3583310\" target=\"_blank\" rel=\"noopener\"><br \/>\nCharles III<\/a> a rencontr\u00e9 le pr\u00e9sident <a href=\"https:\/\/www.closermag.fr\/royautes\/charles-iii-et-volodymyr-zelensky-main-dans-la-main-un-gros-decalage-entre-les-deux-hommes-fait-jaser-3523520\" target=\"_blank\" rel=\"noopener\"><br \/>\nVolodymyr Zelensky<\/a> et la Premi\u00e8re dame Olena Zelenska. Selon<br \/>\nSky News, citant le palais de Buckingham, elle s\u2019est<br \/>\nrendue \u00e0 Kiev pour \u00ab\u00a0exprimer sa <strong>solidarit\u00e9<\/strong><br \/>\navec les enfants et les familles confront\u00e9s aux horreurs de<br \/>\nl\u2019invasion russe\u00a0\u00bb. Cette visite avait aussi pour objectif<br \/>\nd\u2019attirer l\u2019attention sur \u00ab\u00a0<strong>l\u2019exp\u00e9rience traumatisante<br \/>\ndes enfants<\/strong> vivant en zone de conflit\u00a0\u00bb.<\/p>\n<p>La fille de la reine <a href=\"https:\/\/www.closermag.fr\/royautes\/elizabeth-ii-la-reaction-perplexe-de-la-reine-apres-sa-premiere-rencontre-avec-lilibet-devoilee-3581557\" target=\"_blank\" rel=\"noopener\"><br \/>\nElizabeth II<\/a> et du prince Philip a alors visit\u00e9 le<br \/>\n\u00ab\u00a0<strong>Martirologe<\/strong>\u00ab\u00a0, lieu de comm\u00e9moration des<br \/>\nenfants ukrainiens tu\u00e9s dans cette guerre avec la Russie.<br \/>\n\u00ab\u00a0Hier, avec Son Altesse Royale la princesse Anne et Daria<br \/>\nHerasymtchuk, conseill\u00e8re du pr\u00e9sident ukrainien pour les droits de<br \/>\nl\u2019enfant, nous sommes all\u00e9es au Martirologe, lieu de m\u00e9moire des<br \/>\nenfants ukrainiens tu\u00e9s par la Russie\u00a0\u00bb,\u00a0a d\u00e9clar\u00e9 Olena<br \/>\nZelenska.<\/p>\n<blockquote class=\"twitter-tweet\"><p><a class=\"twitter-link\" rel=\"noindex, nofollow noopener\" href=\"https:\/\/twitter.com\/RE_DailyMail\/status\/1973162425013965072\" target=\"_blank\"><\/p><\/blockquote>\n<p>La princesse Anne rend hommage aux<br \/>\nenfants ukrainiens morts pendant la guerre<\/p>\n<p>La Premi\u00e8re dame ukrainienne a assur\u00e9 que <strong>657<br \/>\nenfants<\/strong> ont d\u00e9j\u00e0 perdu la vie en Ukraine. \u00ab\u00a0Nous nous<br \/>\nsouvenons et pleurons chaque d\u00e9c\u00e8s. Et nous n\u2019excuserons<br \/>\naucun\u00a0\u00bb, a-t-elle d\u00e9clar\u00e9. La princesse Anne a d\u00e9pos\u00e9 un<br \/>\n<strong>ours en peluche<\/strong> devant le m\u00e9morial.<\/p>\n<p>\u00c0 Kiev, la tante de <a href=\"https:\/\/www.closermag.fr\/royautes\/prince-harry-devoile-sans-le-vouloir-son-plan-secret-pour-archie-et-lilibet-sans-lapprobation-de-meghan-markle-3583345\" target=\"_blank\" rel=\"noopener\"><br \/>\nHarry<\/a> et <a href=\"https:\/\/www.closermag.fr\/royautes\/kate-et-william-branle-bas-de-combat-a-forest-lodge-leur-nouvelle-propriete-est-en-pleins-travaux-photos-3583617\" target=\"_blank\" rel=\"noopener\"><br \/>\nWilliam<\/a> a rencontr\u00e9 des polici\u00e8res et des membres des forces<br \/>\narm\u00e9es. Elle a aussi visit\u00e9 le Centre de<br \/>\n<strong>protection<\/strong> des droits de l\u2019enfant, qui a permis \u00e0<br \/>\ndes enfants de retrouver leurs familles. Depuis le d\u00e9but du<br \/>\nconflit, plus de 19 500 enfants ukrainiens ont \u00e9t\u00e9 d\u00e9plac\u00e9s ou<br \/>\nd\u00e9port\u00e9s de force par les autorit\u00e9s russes, depuis les territoires<br \/>\ntemporairement occup\u00e9s de l\u2019Ukraine. Lors de cette rencontre avec<br \/>\nle pr\u00e9sident ukrainien, la s\u0153ur du roi Charles III a \u00e9galement<br \/>\n\u00e9voqu\u00e9 le <strong>soutien<\/strong> apport\u00e9 par le Royaume-Uni \u00e0<br \/>\nl\u2019Ukraine.<\/p>\n<p><script async src=\"https:\/\/platform.twitter.com\/widgets.js\" charset=\"utf-8\"><\/script><\/p>\n","protected":false},"excerpt":{"rendered":"C\u2019est en toute discr\u00e9tion que la princesse Anne s\u2019est rendue en Ukraine, ce mardi 30 septembre 2025. Selon&hellip;\n","protected":false},"author":2,"featured_media":433052,"comment_status":"","ping_status":"","sticky":false,"template":"","format":"standard","meta":{"footnotes":""},"categories":[1588],"tags":[11,1777,674,12,31177,473,1853,1851,1850,1852],"class_list":{"0":"post-433051","1":"post","2":"type-post","3":"status-publish","4":"format-standard","5":"has-post-thumbnail","7":"category-royaume-uni","8":"tag-actualites","9":"tag-eu","10":"tag-europe","11":"tag-news","12":"tag-princesse-anne","13":"tag-royaume-uni","14":"tag-royaume-uni-de-grande-bretagne-et-dirlande-du-nord","15":"tag-uk","16":"tag-united-kingdom","17":"tag-united-kingdom-of-great-britain-and-northern-ireland"},"share_on_mastodon":{"url":"https:\/\/pubeurope.com\/@fr\/115303282347845954","error":""},"_links":{"self":[{"href":"https:\/\/www.europesays.com\/fr\/wp-json\/wp\/v2\/posts\/433051","targetHints":{"allow":["GET"]}}],"collection":[{"href":"https:\/\/www.europesays.com\/fr\/wp-json\/wp\/v2\/posts"}],"about":[{"href":"https:\/\/www.europesays.com\/fr\/wp-json\/wp\/v2\/types\/post"}],"author":[{"embeddable":true,"href":"https:\/\/www.europesays.com\/fr\/wp-json\/wp\/v2\/users\/2"}],"replies":[{"embeddable":true,"href":"https:\/\/www.europesays.com\/fr\/wp-json\/wp\/v2\/comments?post=433051"}],"version-history":[{"count":0,"href":"https:\/\/www.europesays.com\/fr\/wp-json\/wp\/v2\/posts\/433051\/revisions"}],"wp:featuredmedia":[{"embeddable":true,"href":"https:\/\/www.europesays.com\/fr\/wp-json\/wp\/v2\/media\/433052"}],"wp:attachment":[{"href":"https:\/\/www.europesays.com\/fr\/wp-json\/wp\/v2\/media?parent=433051"}],"wp:term":[{"taxonomy":"category","embeddable":true,"href":"https:\/\/www.europesays.com\/fr\/wp-json\/wp\/v2\/categories?post=433051"},{"taxonomy":"post_tag","embeddable":true,"href":"https:\/\/www.europesays.com\/fr\/wp-json\/wp\/v2\/tags?post=433051"}],"curies":[{"name":"wp","href":"https:\/\/api.w.org\/{rel}","templated":true}]}}