{"id":433055,"date":"2025-10-02T07:01:16","date_gmt":"2025-10-02T07:01:16","guid":{"rendered":"https:\/\/www.europesays.com\/fr\/433055\/"},"modified":"2025-10-02T07:01:16","modified_gmt":"2025-10-02T07:01:16","slug":"israel-annonce-lexpulsion-vers-leurope-des-passagers-interceptes","status":"publish","type":"post","link":"https:\/\/www.europesays.com\/fr\/433055\/","title":{"rendered":"Isra\u00ebl annonce l\u2019expulsion vers l\u2019Europe des passagers intercept\u00e9s"},"content":{"rendered":"<p>Le minist\u00e8re isra\u00e9lien des Affaires \u00e9trang\u00e8res a annonc\u00e9 jeudi l\u2019expulsion vers l\u2019Europe des militants \u00e0 bord des navires de la flottille Global Sumud pour Gaza intercept\u00e9s par la marine. Selon Isra\u00ebl, les passagers sont sains et saufs et les proc\u00e9dures d\u2019expulsion vont d\u00e9buter.<\/p>\n<p class=\"fig-paragraph\">Le minist\u00e8re isra\u00e9lien des Affaires \u00e9trang\u00e8res a annonc\u00e9 jeudi qu\u2019il expulserait vers l\u2019Europe tous les militants qui se trouvaient \u00e0 bord des navires de la\u00a0<a href=\"http:\/\/www.lefigaro.fr\/flash-actu\/les-images-de-l-interception-de-plusieurs-navires-de-la-flottille-pour-gaza-par-israel-20251002\" data-fig-type=\"NewsFlash\" data-gtm-custom-categorie=\"navigation\" data-gtm-custom-action=\"crossclick\" data-gtm-custom-label=\"Contextuel\" data-gtm-event=\"customEventSPE\" data-fig-domain=\"LEFIGARO\" rel=\"nofollow noopener\" target=\"_blank\">flottille Global Sumud<\/a>\u00a0pour Gaza intercept\u00e9s par les forces navales isra\u00e9liennes.<\/p>\n<p class=\"fig-paragraph\">\u00abLes passagers du Hamas-Sumud \u00e0 bord de leurs yachts se dirigent en toute s\u00e9curit\u00e9 et pacifiquement vers Isra\u00ebl, o\u00f9 les proc\u00e9dures d\u2019expulsion vers\u00a0<a href=\"https:\/\/www.lefigaro.fr\/politique\/flottille-vers-gaza-arraisonnee-barrot-rappelle-avoir-deconseille-de-se-rendre-dans-la-zone-melenchon-denonce-un-ministre-qui-fait-honte-20251001?msockid=2dda64b82db3621607b572ef2cba639a\" target=\"_blank\" data-fig-type=\"NewsFlash\" rel=\"sponsored noopener nofollow\" data-gtm-custom-categorie=\"navigation\" data-gtm-custom-action=\"crossclick\" data-gtm-custom-label=\"Contextuel\" data-gtm-event=\"customEventSPE\" data-fig-domain=\"LEFIGARO\">l\u2019Europe\u00a0<\/a> vont commencer. Les passagers sont sains et saufs et en bonne sant\u00e9\u00bb, a d\u00e9clar\u00e9 le minist\u00e8re sur X, apr\u00e8s que la marine isra\u00e9lienne a intercept\u00e9 plusieurs navires de la flottille Global Sumud qui faisaient route vers la bande de Gaza.<\/p>\n","protected":false},"excerpt":{"rendered":"Le minist\u00e8re isra\u00e9lien des Affaires \u00e9trang\u00e8res a annonc\u00e9 jeudi l\u2019expulsion vers l\u2019Europe des militants \u00e0 bord des navires&hellip;\n","protected":false},"author":2,"featured_media":433056,"comment_status":"","ping_status":"","sticky":false,"template":"","format":"standard","meta":{"footnotes":""},"categories":[1586],"tags":[11,1777,674,1011,27,665,664,12,25],"class_list":{"0":"post-433055","1":"post","2":"type-post","3":"status-publish","4":"format-standard","5":"has-post-thumbnail","7":"category-europe","8":"tag-actualites","9":"tag-eu","10":"tag-europe","11":"tag-fr","12":"tag-france","13":"tag-gaza","14":"tag-israel","15":"tag-news","16":"tag-republique-francaise"},"share_on_mastodon":{"url":"https:\/\/pubeurope.com\/@fr\/115303290215540143","error":""},"_links":{"self":[{"href":"https:\/\/www.europesays.com\/fr\/wp-json\/wp\/v2\/posts\/433055","targetHints":{"allow":["GET"]}}],"collection":[{"href":"https:\/\/www.europesays.com\/fr\/wp-json\/wp\/v2\/posts"}],"about":[{"href":"https:\/\/www.europesays.com\/fr\/wp-json\/wp\/v2\/types\/post"}],"author":[{"embeddable":true,"href":"https:\/\/www.europesays.com\/fr\/wp-json\/wp\/v2\/users\/2"}],"replies":[{"embeddable":true,"href":"https:\/\/www.europesays.com\/fr\/wp-json\/wp\/v2\/comments?post=433055"}],"version-history":[{"count":0,"href":"https:\/\/www.europesays.com\/fr\/wp-json\/wp\/v2\/posts\/433055\/revisions"}],"wp:featuredmedia":[{"embeddable":true,"href":"https:\/\/www.europesays.com\/fr\/wp-json\/wp\/v2\/media\/433056"}],"wp:attachment":[{"href":"https:\/\/www.europesays.com\/fr\/wp-json\/wp\/v2\/media?parent=433055"}],"wp:term":[{"taxonomy":"category","embeddable":true,"href":"https:\/\/www.europesays.com\/fr\/wp-json\/wp\/v2\/categories?post=433055"},{"taxonomy":"post_tag","embeddable":true,"href":"https:\/\/www.europesays.com\/fr\/wp-json\/wp\/v2\/tags?post=433055"}],"curies":[{"name":"wp","href":"https:\/\/api.w.org\/{rel}","templated":true}]}}