{"id":43307,"date":"2025-04-22T06:36:08","date_gmt":"2025-04-22T06:36:08","guid":{"rendered":"https:\/\/www.europesays.com\/fr\/43307\/"},"modified":"2025-04-22T06:36:08","modified_gmt":"2025-04-22T06:36:08","slug":"les-quatre-suspects-mis-en-examen-et-ecroues","status":"publish","type":"post","link":"https:\/\/www.europesays.com\/fr\/43307\/","title":{"rendered":"les quatre suspects mis en examen et \u00e9crou\u00e9s"},"content":{"rendered":"<p>Trois d\u2019entre eux encourent la r\u00e9clusion criminelle \u00e0 perp\u00e9tuit\u00e9, a annonc\u00e9 le procureur de Rennes ce mardi.<\/p>\n<p class=\"fig-paragraph\">Les quatre hommes, \u00e2g\u00e9s de 21 \u00e0 23 ans,\u00a0<a href=\"http:\/\/www.lefigaro.fr\/flash-actu\/rennes-trois-personnes-blessees-par-balle-20250417\" target=\"_blank\" data-fig-type=\"NewsFlash\" rel=\"noopener\" data-gtm-custom-categorie=\"navigation\" data-gtm-custom-action=\"crossclick\" data-gtm-custom-label=\"Contextuel\" data-gtm-event=\"customEventSPE\" data-fig-domain=\"LEFIGARO\">suspect\u00e9s d\u2019avoir tir\u00e9 \u00e0 plusieurs reprises en pleine journ\u00e9e dans un quartier populaire de Rennes<\/a>\u00a0le 17 avril pour \u00abreconqu\u00e9rir\u00bb un point de deal, ont \u00e9t\u00e9 mis en examen et \u00e9crou\u00e9s, a annonc\u00e9 ce mardi le parquet de Rennes.<\/p>\n<p class=\"fig-paragraph\">Trois ont \u00e9t\u00e9 mis en examen des chefs d\u2019association de malfaiteurs et tentative de meurtre en bande organis\u00e9e et encourent \u00abune peine de r\u00e9clusion criminelle \u00e0 perp\u00e9tuit\u00e9\u00bb, a annonc\u00e9 Fr\u00e9d\u00e9ric Teillet, procureur de la R\u00e9publique de Rennes dans un communiqu\u00e9. Le quatri\u00e8me a \u00e9t\u00e9 mis en cause pour trafic de stup\u00e9fiants et association de malfaiteurs, soit une peine encourue de dix ans d\u2019emprisonnement.<\/p>\n<p class=\"fig-paragraph\">La fusillade avait fait trois bless\u00e9s par balle et un quatri\u00e8me homme avait \u00e9t\u00e9 percut\u00e9 par la voiture des tireurs. Le pronostic vital de cette derni\u00e8re victime touch\u00e9e par le v\u00e9hicule n\u2019est plus engag\u00e9, a pr\u00e9cis\u00e9 Fr\u00e9d\u00e9ric Teillet.<\/p>\n<p class=\"fig-paragraph\">Les quatre hommes, trois de nationalit\u00e9 fran\u00e7aise et un de nationalit\u00e9 congolaise, sont d\u00e9j\u00e0 connus pour de multiples d\u00e9lits. Selon les investigations men\u00e9es par la DCOS de Rennes sous l\u2019autorit\u00e9 du parquet JIRS de Rennes, les quatre gard\u00e9s \u00e0 vue \u00absont impliqu\u00e9s dans le trafic de produits stup\u00e9fiants organis\u00e9 par un r\u00e9seau d\u2019individus originaires de la r\u00e9gion parisienne sur la dalle Kennedy (\u00e0 Villejean), depuis le mois de janvier\u00bb, d\u2019apr\u00e8s le magistrat.<\/p>\n<p class=\"fig-paragraph\">Le 14 avril, \u00abapr\u00e8s plusieurs jours d\u2019assauts violents, ce clan a \u00e9t\u00e9 \u00e9vinc\u00e9 par le groupe des Villejeannais, qui a repris possession du terrain qu\u2019il estimait \u00eatre le sien\u00bb, explique le magistrat. C\u2019est dans ce contexte \u00abde r\u00e8glement de compte li\u00e9 au narcotrafic que des tirs d\u2019arme \u00e0 feu ont fait trois victimes et qu\u2019une quatri\u00e8me a \u00e9t\u00e9 pourchass\u00e9e en voiture, renvers\u00e9e violemment et laiss\u00e9e \u00e0 terre, le 17 avril\u00bb, a indiqu\u00e9 Fr\u00e9d\u00e9ric Teillet.<\/p>\n<p class=\"fig-paragraph\">Deux des mis en cause sont originaires de Tours, l\u2019un de Marseille et le quatri\u00e8me de la r\u00e9gion parisienne. \u00abLeur \u00e9quipement (armes, v\u00eatements, voiture vol\u00e9e&#8230;) et leur mode op\u00e9ratoire ont d\u00e9montr\u00e9 leur d\u00e9termination extr\u00eame \u00e0 reconqu\u00e9rir par tous les moyens le point de deal, \u00e0 la demande de leurs commanditaires, en \u00e9liminant physiquement leurs concurrents et en prenant le risque de blesser, en plein apr\u00e8s-midi, toute personne se trouvant \u00e0 proximit\u00e9\u00bb, a \u00e9galement dit le procureur de Rennes dans son communiqu\u00e9.<\/p>\n","protected":false},"excerpt":{"rendered":"Trois d\u2019entre eux encourent la r\u00e9clusion criminelle \u00e0 perp\u00e9tuit\u00e9, a annonc\u00e9 le procureur de Rennes ce mardi. Les&hellip;\n","protected":false},"author":2,"featured_media":43308,"comment_status":"","ping_status":"","sticky":false,"template":"","format":"standard","meta":{"footnotes":""},"categories":[4],"tags":[119,11,3694,271,2951,3695,3696,118,1011,27,3832,2825,1253,303,8721,12,1072,2694,584,25,2949],"class_list":{"0":"post-43307","1":"post","2":"type-post","3":"status-publish","4":"format-standard","5":"has-post-thumbnail","7":"category-france","8":"tag-accident","9":"tag-actualites","10":"tag-affaires","11":"tag-crime","12":"tag-criminalite","13":"tag-enquetes","14":"tag-evenements","15":"tag-faits-divers","16":"tag-fr","17":"tag-france","18":"tag-fusillade","19":"tag-insecurite","20":"tag-islamisme","21":"tag-justice","22":"tag-narcotrafic","23":"tag-news","24":"tag-police","25":"tag-proces","26":"tag-rennes","27":"tag-republique-francaise","28":"tag-violences"},"share_on_mastodon":{"url":"https:\/\/pubeurope.com\/@fr\/114380235311633921","error":""},"_links":{"self":[{"href":"https:\/\/www.europesays.com\/fr\/wp-json\/wp\/v2\/posts\/43307","targetHints":{"allow":["GET"]}}],"collection":[{"href":"https:\/\/www.europesays.com\/fr\/wp-json\/wp\/v2\/posts"}],"about":[{"href":"https:\/\/www.europesays.com\/fr\/wp-json\/wp\/v2\/types\/post"}],"author":[{"embeddable":true,"href":"https:\/\/www.europesays.com\/fr\/wp-json\/wp\/v2\/users\/2"}],"replies":[{"embeddable":true,"href":"https:\/\/www.europesays.com\/fr\/wp-json\/wp\/v2\/comments?post=43307"}],"version-history":[{"count":0,"href":"https:\/\/www.europesays.com\/fr\/wp-json\/wp\/v2\/posts\/43307\/revisions"}],"wp:featuredmedia":[{"embeddable":true,"href":"https:\/\/www.europesays.com\/fr\/wp-json\/wp\/v2\/media\/43308"}],"wp:attachment":[{"href":"https:\/\/www.europesays.com\/fr\/wp-json\/wp\/v2\/media?parent=43307"}],"wp:term":[{"taxonomy":"category","embeddable":true,"href":"https:\/\/www.europesays.com\/fr\/wp-json\/wp\/v2\/categories?post=43307"},{"taxonomy":"post_tag","embeddable":true,"href":"https:\/\/www.europesays.com\/fr\/wp-json\/wp\/v2\/tags?post=43307"}],"curies":[{"name":"wp","href":"https:\/\/api.w.org\/{rel}","templated":true}]}}