{"id":433071,"date":"2025-10-02T07:11:11","date_gmt":"2025-10-02T07:11:11","guid":{"rendered":"https:\/\/www.europesays.com\/fr\/433071\/"},"modified":"2025-10-02T07:11:11","modified_gmt":"2025-10-02T07:11:11","slug":"moreira-fait-partie-des-tres-bons-pilotes","status":"publish","type":"post","link":"https:\/\/www.europesays.com\/fr\/433071\/","title":{"rendered":"\u00ab Moreira fait partie des tr\u00e8s bons pilotes \u00bb"},"content":{"rendered":"<p>&#13;<\/p>\n<p><strong>Apr\u00e8s l\u2019annonce du d\u00e9part de Somkiat Chantra, Johann Zarco est curieux de suivre les d\u00e9buts du pilote br\u00e9silien en MotoGP.\u00a0<\/strong><\/p>\n<p>Il y a quelques jours, le team LCR a annonc\u00e9 le d\u00e9part de Somkiat Chantra apr\u00e8s une seule saison en cat\u00e9gorie reine. Le Tha\u00eflandais rejoindra les rangs de Honda en World Superbike aux c\u00f4t\u00e9s de Jake Dixon. \u00ab\u2009Somkiat n\u2019\u00e9tait pas pr\u00eat pour passer en MotoGP, estime Zarco. Il n\u2019\u00e9tait pas suffisamment performant en Moto2 et il y a trop de choses \u00e0 prendre en compte. Tu peux t\u2019adapter, trouver quelque chose, mais \u00eatre bon sur toute l\u2019ann\u00e9e, c\u2019est trop difficile.\u2009\u00bb<\/p>\n<p>L\u2019annonce officielle du rempla\u00e7ant de Chantra n\u2019a pas encore \u00e9t\u00e9 faite, mais ce n\u2019est pas un secret\u00a0: Diogo Moreira, deuxi\u00e8me du championnat du monde Moto2, rejoindra Zarco chez LCR, une perspective qui ravi l\u2019Azur\u00e9en. \u00ab\u2009Moreira a le statut pour pouvoir le faire, ajoute Zarco. Il est rapide sur toutes les motos. Apr\u00e8s, il est en train de jouer son titre et je pense que Gonzalez est encore un cran au-dessus. On sait que la nationalit\u00e9 y fait pour trouver une place en MotoGP. Les Espagnols ne sont pas aid\u00e9s pour \u00e7a. Moreira fait partie des tr\u00e8s bons pilotes et je pense qu\u2019il va venir et pourra garder sa place.\u2009\u00bb\u00a0 \u00a0<\/p>\n<p>Et au sujet de l\u2019adaptation pour la derni\u00e8re ann\u00e9e avant le nouveau r\u00e8glement, Zarco d\u2019ajouter\u00a0: \u00ab\u2009Ce qui n\u2019est pas facile, c\u2019est qu\u2019il va devoir tout apprendre sur 2026, et ensuite se r\u00e9adapter sur 2027. \u00c0 la fois, tu te mets les images du MotoGP, de la vitesse, tu prends un certain rythme&#8230; Mais avec des doutes au niveau adaptation, \u00e7a peut \u00eatre difficile.\u2009\u00bb<\/p>\n<p>&#13;<br \/>\n           &#13;<br \/>\n&#13;<br \/>\n    &#13;<br \/>\n    &#13;<\/p>\n","protected":false},"excerpt":{"rendered":"&#13; Apr\u00e8s l\u2019annonce du d\u00e9part de Somkiat Chantra, Johann Zarco est curieux de suivre les d\u00e9buts du pilote&hellip;\n","protected":false},"author":2,"featured_media":433072,"comment_status":"","ping_status":"","sticky":false,"template":"","format":"standard","meta":{"footnotes":""},"categories":[1413],"tags":[1011,27,1457,1456,60],"class_list":{"0":"post-433071","1":"post","2":"type-post","3":"status-publish","4":"format-standard","5":"has-post-thumbnail","7":"category-moto","8":"tag-fr","9":"tag-france","10":"tag-moto","11":"tag-motocycle","12":"tag-sports"},"share_on_mastodon":{"url":"https:\/\/pubeurope.com\/@fr\/115303329520983415","error":""},"_links":{"self":[{"href":"https:\/\/www.europesays.com\/fr\/wp-json\/wp\/v2\/posts\/433071","targetHints":{"allow":["GET"]}}],"collection":[{"href":"https:\/\/www.europesays.com\/fr\/wp-json\/wp\/v2\/posts"}],"about":[{"href":"https:\/\/www.europesays.com\/fr\/wp-json\/wp\/v2\/types\/post"}],"author":[{"embeddable":true,"href":"https:\/\/www.europesays.com\/fr\/wp-json\/wp\/v2\/users\/2"}],"replies":[{"embeddable":true,"href":"https:\/\/www.europesays.com\/fr\/wp-json\/wp\/v2\/comments?post=433071"}],"version-history":[{"count":0,"href":"https:\/\/www.europesays.com\/fr\/wp-json\/wp\/v2\/posts\/433071\/revisions"}],"wp:featuredmedia":[{"embeddable":true,"href":"https:\/\/www.europesays.com\/fr\/wp-json\/wp\/v2\/media\/433072"}],"wp:attachment":[{"href":"https:\/\/www.europesays.com\/fr\/wp-json\/wp\/v2\/media?parent=433071"}],"wp:term":[{"taxonomy":"category","embeddable":true,"href":"https:\/\/www.europesays.com\/fr\/wp-json\/wp\/v2\/categories?post=433071"},{"taxonomy":"post_tag","embeddable":true,"href":"https:\/\/www.europesays.com\/fr\/wp-json\/wp\/v2\/tags?post=433071"}],"curies":[{"name":"wp","href":"https:\/\/api.w.org\/{rel}","templated":true}]}}