{"id":433073,"date":"2025-10-02T07:12:17","date_gmt":"2025-10-02T07:12:17","guid":{"rendered":"https:\/\/www.europesays.com\/fr\/433073\/"},"modified":"2025-10-02T07:12:17","modified_gmt":"2025-10-02T07:12:17","slug":"le-gp-de-singapour-declare-en-risque-lie-a-la-chaleur","status":"publish","type":"post","link":"https:\/\/www.europesays.com\/fr\/433073\/","title":{"rendered":"Le GP de Singapour d\u00e9clar\u00e9 en \u00ab\u00a0risque li\u00e9 \u00e0 la chaleur\u00a0\u00bb"},"content":{"rendered":"<p>C&rsquo;est une premi\u00e8re dans l&rsquo;histoire de la Formule 1. Avant le d\u00e9but du Grand Prix de Singapour, dont les premiers essais libres auront lieu vendredi sur le trac\u00e9 urbain de Marina Bay, la FIA a plac\u00e9 l&rsquo;\u00e9preuve sous le statut \u00ab\u00a0Heat Hazard\u00a0\u00bb (risque li\u00e9 \u00e0 la chaleur), comme le lui permet l&rsquo;article 26.19 du r\u00e8glement sportif.\u00a0<\/p>\n<p>\u00ab\u00a0Ayant re\u00e7u une pr\u00e9vision du service m\u00e9t\u00e9orologique officiel indiquant que l&rsquo;indice de chaleur d\u00e9passera 31\u00b0C \u00e0 un moment donn\u00e9 pendant cet \u00e9v\u00e9nement, un risque li\u00e9 \u00e0 la chaleur est d\u00e9clar\u00e9\u00a0\u00bb, a fait savoir jeudi matin le directeur de course, Rui Marques.<\/p>\n<p>Avant la saison 2025, la FIA a cr\u00e9\u00e9 ce nouveau statut qui peut \u00eatre d\u00e9clench\u00e9 par la direction de course si les pr\u00e9visions font \u00e9tat d&rsquo;une temp\u00e9rature ambiante sup\u00e9rieure \u00e0 30,5\u00b0C, ou si le directeur de course estime n\u00e9cessaire de le faire. C&rsquo;est une cons\u00e9quence des fortes chaleurs \u00e9prouv\u00e9es par les pilotes lors du Grand Prix du Qatar 2023, et qui avaient alors mis \u00e0 mal les organismes.<\/p>\n<p>D\u00e8s lors que ce statut est d\u00e9clench\u00e9, il l&rsquo;est pour l&rsquo;int\u00e9gralit\u00e9 du Grand Prix et impose aux \u00e9curies d&rsquo;\u00e9quiper leurs monoplaces du kit de refroidissement ad\u00e9quat. Celui-ci\u00a0consiste en un bloc de glace qui \u00e9change de la chaleur avec un fluide envoy\u00e9 dans une veste plac\u00e9e dans la combinaison du pilote via un syst\u00e8me de tuyaux, le liquide refroidi \u00e9tant ensuite pomp\u00e9.<\/p>\n<p>La veste ou le lest<br \/>\n   <img decoding=\"async\" draggable=\"false\" src=\"https:\/\/www.europesays.com\/fr\/wp-content\/uploads\/2025\/10\/rain-at-night.jpg\" alt=\"La moiteur de Singapour sera encore un d\u00e9fi pour les pilotes.\" width=\"1200\" height=\"800\" loading=\"lazy\"\/> <\/p>\n<p class=\"title\">La moiteur de Singapour sera encore un d\u00e9fi pour les pilotes.<\/p>\n<p class=\"photographer\">Photo de: Shameem Fahath \/ <a href=\"https:\/\/www.motorsportnetwork.com\" target=\"_blank\" rel=\"noopener\">Motorsport Network<\/a><\/p>\n<p>\u00c0 partir du moment o\u00f9 les \u00e9curies sont tenues de l&rsquo;installer, le poids minimum r\u00e9glementaire est rehauss\u00e9 de 5\u00a0kg pour compenser l&rsquo;ajout du mat\u00e9riel, passant alors de 800\u00a0kg (le nouveau poids minimum instaur\u00e9 en 2025, contre 798\u00a0kg en 2024) \u00e0 805\u00a0kg.<\/p>\n<p>En revanche, si le kit doit obligatoirement \u00eatre mont\u00e9 et en \u00e9tat de fonctionner, chaque pilote demeure libre de l&rsquo;utiliser ou non et de porter la veste. Si le choix est fait de ne pas l&rsquo;utiliser, un lest de 0,5\u00a0kg est alors obligatoirement ajout\u00e9 dans le cockpit pour compenser et maintenir une \u00e9quit\u00e9 pour l&rsquo;ensemble de la grille.\u00a0<\/p>\n<p>Le Grand Prix de Singapour est historiquement un d\u00e9fi physique pour les pilotes de Formule\u00a01, se d\u00e9roulant fr\u00e9quemment par des temp\u00e9ratures \u00e9lev\u00e9es coupl\u00e9es \u00e0 un fort taux d&rsquo;humidit\u00e9. L&rsquo;\u00e9dition 2025 n&rsquo;\u00e9chappera pas \u00e0 la r\u00e8gle : les derni\u00e8res pr\u00e9visions annoncent 31\u00b0C pour la journ\u00e9e de samedi et 30\u00b0C pour la journ\u00e9e de dimanche, tandis que des pr\u00e9cipitations pourraient survenir en milieu d&rsquo;apr\u00e8s-midi vendredi et dimanche.<\/p>\n<p>Lire aussi :<\/p>\n","protected":false},"excerpt":{"rendered":"C&rsquo;est une premi\u00e8re dans l&rsquo;histoire de la Formule 1. Avant le d\u00e9but du Grand Prix de Singapour, dont&hellip;\n","protected":false},"author":2,"featured_media":433074,"comment_status":"","ping_status":"","sticky":false,"template":"","format":"standard","meta":{"footnotes":""},"categories":[1412],"tags":[55627,1451,1452,1453,1454,1455,1011,27,55626,56112,60],"class_list":{"0":"post-433073","1":"post","2":"type-post","3":"status-publish","4":"format-standard","5":"has-post-thumbnail","7":"category-f1","8":"tag-circuit-urbain-de-marina-bay","9":"tag-f1","10":"tag-formula-1","11":"tag-formula1","12":"tag-formule-1","13":"tag-formule1","14":"tag-fr","15":"tag-france","16":"tag-gp-de-singapour","17":"tag-le-gp-de-singapour-du00e9claru00e9-en-risque-liu00e9-u00e0-la-chaleur","18":"tag-sports"},"share_on_mastodon":{"url":"https:\/\/pubeurope.com\/@fr\/115303333945498485","error":""},"_links":{"self":[{"href":"https:\/\/www.europesays.com\/fr\/wp-json\/wp\/v2\/posts\/433073","targetHints":{"allow":["GET"]}}],"collection":[{"href":"https:\/\/www.europesays.com\/fr\/wp-json\/wp\/v2\/posts"}],"about":[{"href":"https:\/\/www.europesays.com\/fr\/wp-json\/wp\/v2\/types\/post"}],"author":[{"embeddable":true,"href":"https:\/\/www.europesays.com\/fr\/wp-json\/wp\/v2\/users\/2"}],"replies":[{"embeddable":true,"href":"https:\/\/www.europesays.com\/fr\/wp-json\/wp\/v2\/comments?post=433073"}],"version-history":[{"count":0,"href":"https:\/\/www.europesays.com\/fr\/wp-json\/wp\/v2\/posts\/433073\/revisions"}],"wp:featuredmedia":[{"embeddable":true,"href":"https:\/\/www.europesays.com\/fr\/wp-json\/wp\/v2\/media\/433074"}],"wp:attachment":[{"href":"https:\/\/www.europesays.com\/fr\/wp-json\/wp\/v2\/media?parent=433073"}],"wp:term":[{"taxonomy":"category","embeddable":true,"href":"https:\/\/www.europesays.com\/fr\/wp-json\/wp\/v2\/categories?post=433073"},{"taxonomy":"post_tag","embeddable":true,"href":"https:\/\/www.europesays.com\/fr\/wp-json\/wp\/v2\/tags?post=433073"}],"curies":[{"name":"wp","href":"https:\/\/api.w.org\/{rel}","templated":true}]}}