{"id":433078,"date":"2025-10-02T07:15:20","date_gmt":"2025-10-02T07:15:20","guid":{"rendered":"https:\/\/www.europesays.com\/fr\/433078\/"},"modified":"2025-10-02T07:15:20","modified_gmt":"2025-10-02T07:15:20","slug":"brigitte-macron-et-carla-bruni-en-jean-johnny-depp-laurence-ferrari-charlize-theron-le-defile-dior-fait-le-plein-photos","status":"publish","type":"post","link":"https:\/\/www.europesays.com\/fr\/433078\/","title":{"rendered":"Brigitte Macron et Carla Bruni en jean, Johnny Depp, Laurence Ferrari, Charlize Theron\u2026 Le d\u00e9fil\u00e9 Dior fait le plein (Photos)"},"content":{"rendered":"<p>Ce mercredi 1er octobre 2025, le Jardin des Tuileries s\u2019est<br \/>\ntransform\u00e9 en v\u00e9ritable th\u00e9\u00e2tre de la mode pour accueillir le<br \/>\npremier d\u00e9fil\u00e9 pr\u00eat-\u00e0-porter femme de Jonathan Anderson pour<br \/>\n<strong>Dior<\/strong>. Apr\u00e8s avoir impressionn\u00e9 la critique lors de<br \/>\nla pr\u00e9sentation de sa collection masculine en juin dernier, le<br \/>\ncr\u00e9ateur britannique \u00e9tait attendu au tournant avec ce rendez-vous<br \/>\nde la <a href=\"https:\/\/www.closermag.fr\/people\/hailey-bieber-a-paris-gros-malaise-en-pleine-rue-son-look-no-pants-lui-a-joue-des-tours-video-3583445\" target=\"_blank\" rel=\"noopener\"><br \/>\nFashion Week.<\/a><\/p>\n<p>Mais bien avant que les mannequins n\u2019entrent en sc\u00e8ne, ce sont<br \/>\nles invit\u00e9s prestigieux, install\u00e9s au premier rang, qui ont retenu<br \/>\ntoute l\u2019attention. Deux personnalit\u00e9s fran\u00e7aises en particulier ont<br \/>\ncaptiv\u00e9 les regards : <a href=\"https:\/\/www.closermag.fr\/people\/brigitte-macron-accusee-detre-nee-homme-prouver-quelle-un-humoriste-ironise-en-direct-3583852\" target=\"_blank\" rel=\"noopener\"><br \/>\nBrigitte Macron<\/a> et Carla Bruni. <strong>La Premi\u00e8re dame,<br \/>\nfid\u00e8le au style sobre<\/strong> et \u00e9l\u00e9gant qu\u2019on lui conna\u00eet, avait<br \/>\nchoisi un tailleur-veston bleu gris parfaitement ajust\u00e9, port\u00e9 sur<br \/>\nun jean slim brut. Une paire d\u2019escarpins pointus et un sac<br \/>\n<strong>Lady Dior<\/strong> assorti compl\u00e9taient cette silhouette<br \/>\nimpeccable, entre rigueur politique et audace contemporaine.<\/p>\n<p>Les personnalit\u00e9s publiques se sont donn\u00e9es rendez-vous au<br \/>\nd\u00e9fil\u00e9 Dior<\/p>\n<p><a href=\"https:\/\/www.closermag.fr\/people\/carla-bruni-manteau-de-fourrure-robe-jaune-cuissardes-elle-se-fait-remarquer-apres-la-condamnation-de-nicolas-sarkozy-photos-3583444\" target=\"_blank\" rel=\"noopener\"><br \/>\nCarla Bruni,<\/a> quant \u00e0 elle, a opt\u00e9 pour une allure plus<br \/>\nd\u00e9contract\u00e9e mais tout aussi sophistiqu\u00e9e <strong>: un long manteau<br \/>\nnoir<\/strong> bord\u00e9 de fourrure, un top minimaliste et un jean<br \/>\ndroit bleu fonc\u00e9, rehauss\u00e9 d\u2019une ceinture dor\u00e9e et d\u2019accessoires<br \/>\npop comme un sac jaune \u00e9clatant et des lunettes oversize. Deux<br \/>\nvisions tr\u00e8s diff\u00e9rentes du denim, mais une m\u00eame ma\u00eetrise de l\u2019art<br \/>\nde transformer une pi\u00e8ce du quotidien en symbole de chic<br \/>\nintemporel.<\/p>\n<p>La pr\u00e9sence de <a href=\"https:\/\/www.closermag.fr\/people\/johnny-depp-meconnaissable-recouvert-de-taches-et-cigarette-au-bec-son-apparition-a-paris-laisse-perplexe-photos-3583684\" target=\"_blank\" rel=\"noopener\"><br \/>\nJohnny Depp<\/a> a \u00e9galement marqu\u00e9 les esprits. Fid\u00e8le \u00e0 son style<br \/>\nboh\u00e8me-rock, l\u2019acteur est apparu en chapeau gris, <strong>lunettes<br \/>\nbleues<\/strong> et veste crois\u00e9e, posant avec Brigitte Macron dans<br \/>\nune image d\u00e9j\u00e0 virale. Install\u00e9 ensuite au premier rang, il a<br \/>\n\u00e9chang\u00e9 avec de nombreux invit\u00e9s avant de poser en toute complicit\u00e9<br \/>\navec une amie v\u00eatue de blanc.<\/p>\n<p>Tous se sont mis sur leur 31<\/p>\n<p>Le casting des c\u00e9l\u00e9brit\u00e9s ne s\u2019arr\u00eatait pas l\u00e0 : <a href=\"https:\/\/www.closermag.fr\/people\/charlize-theron-culotte-et-combinaison-resille-elle-affiche-sa-plastique-parfaite-a-laube-de-ses-50-ans-3559905\" target=\"_blank\" rel=\"noopener\"><br \/>\nCharlize Theron<\/a>, v\u00eatue d\u2019un blouson en cuir noir rebrod\u00e9 et<br \/>\nd\u2019une jupe kaki, a impos\u00e9 son aura hollywoodienne. Laurence<br \/>\nFerrari, radieuse en tailleur noir structur\u00e9, a pris la pose aux<br \/>\nc\u00f4t\u00e9s de son <strong>mari Renaud Capu\u00e7on.<\/strong><\/p>\n<p>Jennifer Lawrence \u00e9tait \u00e9galement pr\u00e9sente au premier rang.<br \/>\nEntre <a href=\"https:\/\/www.closermag.fr\/people\/jambes-decouvertes-et-cuir-pour-laura-smet-decollete-xxl-pour-lourdes-leon-dentelle-transparente-pour-noemie-lenoir-du-lourd-au-defile-etam-3583616\" target=\"_blank\" rel=\"noopener\"><br \/>\npersonnalit\u00e9s politiques<\/a>, stars internationales et figures<br \/>\nm\u00e9diatiques, le show Dior a confirm\u00e9 son statut d\u2019\u00e9v\u00e9nement<br \/>\nincontournable, o\u00f9 la fronti\u00e8re entre mode et spectacle<br \/>\ns\u2019efface.<\/p>\n<p>Diaporama<br \/>\n<img decoding=\"async\" class=\"diapo_img img-responsive lazy-load\" loading=\"lazy\" src=\"https:\/\/www.europesays.com\/fr\/wp-content\/uploads\/2025\/10\/design-sans-titre-2025-10-02t080029.723.jpg\"\/><\/p>\n<p>\u00a9 Bestimage<\/p>\n<p>1\/9 Ce mercredi 1er octobre, les<br \/>\npersonnalit\u00e9s \u00e9taient pr\u00e9sentes \u00e0 la Fashion Week \u00e0 Paris au d\u00e9fil\u00e9<br \/>\nDior<\/p>\n<p>Ce mercredi 1er octobre 2025, le Jardin des<br \/>\nTuileries s\u2019est transform\u00e9 en v\u00e9ritable th\u00e9\u00e2tre de la mode pour<br \/>\naccueillir le premier d\u00e9fil\u00e9 pr\u00eat-\u00e0-porter femme de Jonathan<br \/>\nAnderson pour Dior.<\/p>\n<p><img decoding=\"async\" class=\"diapo_img img-responsive lazy-load\" loading=\"lazy\" src=\"https:\/\/www.europesays.com\/fr\/wp-content\/uploads\/2025\/10\/bestimage_00726212_000025-scaled.jpg\"\/><\/p>\n<p>Bestimage<\/p>\n<p>2\/9 Brigitte Macron \u00e9tait pr\u00e9sente<\/p>\n<p>Deux personnalit\u00e9s fran\u00e7aises en particulier<br \/>\nont captiv\u00e9 les regards : Brigitte Macron et Carla Bruni.<br \/>\nLa Premi\u00e8re dame, fid\u00e8le au style sobre et<br \/>\n\u00e9l\u00e9gant qu\u2019on lui conna\u00eet, avait choisi un tailleur-veston bleu<br \/>\ngris parfaitement ajust\u00e9, port\u00e9 sur un jean slim brut. Une paire<br \/>\nd\u2019escarpins pointus et un sac Lady Dior assorti compl\u00e9taient cette<br \/>\nsilhouette impeccable, entre rigueur politique et audace<br \/>\ncontemporaine.\u00a0<\/p>\n<p><img decoding=\"async\" class=\"diapo_img img-responsive lazy-load\" loading=\"lazy\" src=\"https:\/\/www.europesays.com\/fr\/wp-content\/uploads\/2025\/10\/bestimage_00726212_000042-scaled.jpg\"\/><\/p>\n<p>Bestimage<\/p>\n<p>3\/9 Tout comme Carla Bruni<\/p>\n<p>Carla Bruni, quant \u00e0 elle, a opt\u00e9 pour une<br \/>\nallure plus d\u00e9contract\u00e9e mais tout aussi sophistiqu\u00e9e : un long<br \/>\nmanteau noir bord\u00e9 de fourrure, un top minimaliste et un jean droit<br \/>\nbleu fonc\u00e9, rehauss\u00e9 d\u2019une ceinture dor\u00e9e et d\u2019accessoires pop<br \/>\ncomme un sac jaune \u00e9clatant et des lunettes oversize.<\/p>\n<p><img decoding=\"async\" class=\"diapo_img img-responsive lazy-load\" loading=\"lazy\" src=\"https:\/\/www.europesays.com\/fr\/wp-content\/uploads\/2025\/10\/bestimage_00726212_000015-scaled.jpg\"\/><\/p>\n<p>Bestimage<\/p>\n<p>4\/9 Front Row du d\u00e9fil\u00e9 Christian Dior<br \/>\nCollection Femme Pr\u00eat-\u00e0-Porter Printemps\/Et\u00e9 2026 lors de la<br \/>\nFashion Week de Paris (PFW)<\/p>\n<p>Deux visions tr\u00e8s diff\u00e9rentes du denim, mais<br \/>\nune m\u00eame ma\u00eetrise de l\u2019art de transformer une pi\u00e8ce du quotidien en<br \/>\nsymbole de chic intemporel.<\/p>\n<p><img decoding=\"async\" class=\"diapo_img img-responsive lazy-load\" loading=\"lazy\" src=\"https:\/\/www.europesays.com\/fr\/wp-content\/uploads\/2025\/10\/bestimage_00726212_000030-scaled.jpg\"\/><\/p>\n<p>Bestimage<\/p>\n<p>5\/9 Tout comme Johnny Depp<\/p>\n<p>\u00a0La pr\u00e9sence de Johnny Depp a \u00e9galement<br \/>\nmarqu\u00e9 les esprits. Fid\u00e8le \u00e0 son style boh\u00e8me-rock, l\u2019acteur est<br \/>\napparu en chapeau gris, lunettes bleues et veste crois\u00e9e, posant<br \/>\navec Brigitte Macron dans une image d\u00e9j\u00e0 virale. Install\u00e9 ensuite<br \/>\nau premier rang, il a \u00e9chang\u00e9 avec de nombreux invit\u00e9s avant de<br \/>\nposer en toute complicit\u00e9 avec une amie v\u00eatue de<br \/>\nblanc.\u00a0<\/p>\n<p><img decoding=\"async\" class=\"diapo_img img-responsive lazy-load\" loading=\"lazy\" src=\"https:\/\/www.europesays.com\/fr\/wp-content\/uploads\/2025\/10\/bestimage_00726212_000044-scaled.jpg\"\/><\/p>\n<p>Bestimage<\/p>\n<p>6\/9 Charlize Theron<\/p>\n<p>Le casting des c\u00e9l\u00e9brit\u00e9s ne s\u2019arr\u00eatait pas<br \/>\nl\u00e0.\u00a0<\/p>\n<p><img decoding=\"async\" class=\"diapo_img img-responsive lazy-load\" loading=\"lazy\" src=\"https:\/\/www.europesays.com\/fr\/wp-content\/uploads\/2025\/10\/bestimage_00726212_000033-scaled.jpg\"\/><\/p>\n<p>Bestimage<\/p>\n<p>7\/9 L&rsquo;actrice \u00e9tait \u00e9blouissante<\/p>\n<p>Charlize Theron, v\u00eatue d\u2019un blouson en cuir<br \/>\nnoir rebrod\u00e9 et d\u2019une jupe kaki, a impos\u00e9 son aura<br \/>\nhollywoodienne.\u00a0<\/p>\n<p><img decoding=\"async\" class=\"diapo_img img-responsive lazy-load\" loading=\"lazy\" src=\"https:\/\/www.europesays.com\/fr\/wp-content\/uploads\/2025\/10\/bestimage_00726212_000039-scaled.jpg\"\/><\/p>\n<p>Bestimage<\/p>\n<p>8\/9 Laurence Ferrari faisait partie des<br \/>\nperesonnalit\u00e9s pr\u00e9sentes<\/p>\n<p>Laurence Ferrari, radieuse en tailleur noir<br \/>\nstructur\u00e9, a pris la pose aux c\u00f4t\u00e9s de son mari Renaud<br \/>\nCapu\u00e7on.\u00a0<\/p>\n<p><img decoding=\"async\" class=\"diapo_img img-responsive lazy-load\" loading=\"lazy\" src=\"https:\/\/www.europesays.com\/fr\/wp-content\/uploads\/2025\/10\/bestimage_00726212_000043-scaled.jpg\"\/><\/p>\n<p>Bestimage<\/p>\n<p>9\/9 Tout comme Jennifer Lawrence<\/p>\n<p>Jennifer Lawrence \u00e9tait \u00e9galement pr\u00e9sente au<br \/>\npremier rang. Entre personnalit\u00e9s politiques, stars internationales<br \/>\net figures m\u00e9diatiques, le show Dior a confirm\u00e9 son statut<br \/>\nd\u2019\u00e9v\u00e9nement incontournable, o\u00f9 la fronti\u00e8re entre mode et spectacle<br \/>\ns\u2019efface.\u00a0<\/p>\n","protected":false},"excerpt":{"rendered":"Ce mercredi 1er octobre 2025, le Jardin des Tuileries s\u2019est transform\u00e9 en v\u00e9ritable th\u00e9\u00e2tre de la mode pour&hellip;\n","protected":false},"author":2,"featured_media":433079,"comment_status":"","ping_status":"","sticky":false,"template":"","format":"standard","meta":{"footnotes":""},"categories":[1359],"tags":[986,12667,36026,58,59,992,1011,27,1638,22563,10244,10034,973],"class_list":{"0":"post-433078","1":"post","2":"type-post","3":"status-publish","4":"format-standard","5":"has-post-thumbnail","7":"category-people","8":"tag-brigitte-macron","9":"tag-carla-bruni","10":"tag-charlize-theron","11":"tag-divertissement","12":"tag-entertainment","13":"tag-fashion-week","14":"tag-fr","15":"tag-france","16":"tag-has_diapo","17":"tag-jennifer-lawrence","18":"tag-johnny-depp","19":"tag-laurence-ferrari","20":"tag-people"},"share_on_mastodon":{"url":"https:\/\/pubeurope.com\/@fr\/115303345955375548","error":""},"_links":{"self":[{"href":"https:\/\/www.europesays.com\/fr\/wp-json\/wp\/v2\/posts\/433078","targetHints":{"allow":["GET"]}}],"collection":[{"href":"https:\/\/www.europesays.com\/fr\/wp-json\/wp\/v2\/posts"}],"about":[{"href":"https:\/\/www.europesays.com\/fr\/wp-json\/wp\/v2\/types\/post"}],"author":[{"embeddable":true,"href":"https:\/\/www.europesays.com\/fr\/wp-json\/wp\/v2\/users\/2"}],"replies":[{"embeddable":true,"href":"https:\/\/www.europesays.com\/fr\/wp-json\/wp\/v2\/comments?post=433078"}],"version-history":[{"count":0,"href":"https:\/\/www.europesays.com\/fr\/wp-json\/wp\/v2\/posts\/433078\/revisions"}],"wp:featuredmedia":[{"embeddable":true,"href":"https:\/\/www.europesays.com\/fr\/wp-json\/wp\/v2\/media\/433079"}],"wp:attachment":[{"href":"https:\/\/www.europesays.com\/fr\/wp-json\/wp\/v2\/media?parent=433078"}],"wp:term":[{"taxonomy":"category","embeddable":true,"href":"https:\/\/www.europesays.com\/fr\/wp-json\/wp\/v2\/categories?post=433078"},{"taxonomy":"post_tag","embeddable":true,"href":"https:\/\/www.europesays.com\/fr\/wp-json\/wp\/v2\/tags?post=433078"}],"curies":[{"name":"wp","href":"https:\/\/api.w.org\/{rel}","templated":true}]}}